{"id":6609,"date":"2017-04-01T22:51:03","date_gmt":"2017-04-01T20:51:03","guid":{"rendered":"http:\/\/alpoma.net\/carto\/?p=6609"},"modified":"2017-04-01T22:51:03","modified_gmt":"2017-04-01T20:51:03","slug":"el-mundo-visto-desde-china","status":"publish","type":"post","link":"https:\/\/alpoma.net\/carto\/?p=6609","title":{"rendered":"El mundo visto desde China"},"content":{"rendered":"<p>Este mapa que hoy nos visita me llam\u00f3 mucho la atenci\u00f3n hace unos d\u00edas, cuando publicaron una breve nota sobre el mismo en <em><a href=\"https:\/\/www.instagram.com\/amapaday\/?hl=es\" target=\"_blank\"><strong>A map a day<\/strong><\/a><\/em>. <\/p>\n<p>Por desgracia, no tengo m\u00e1s datos sobre el mismo y apenas parece haber informaci\u00f3n, salvo en mandar\u00edn, claro. Si lo traigo hoy aqu\u00ed es, tanto por la curiosidad, como por servir para reafirmar algo tantas veces dicho aqu\u00ed: <strong>los mapas se construyen para transmitir una idea o una intenci\u00f3n<\/strong>, no son \u00abinocentes\u00bb. <\/p>\n<p>En este caso, por ejemplo, est\u00e1 claro el papel central de China en la proyecci\u00f3n, del mismo modo a como estamos acostumbrados a colocar el norte en la parte superior de los mapas, y no en la inferior, o a c\u00f3mo se ha centrado el mapa en Europa o en el Pac\u00edfico, dependiendo de si se quiere hacer notar la importancia de tal o cual espacio geogr\u00e1fico en el mundo. <strong>En definitiva, el mapa como herramienta de poder y de influencia<\/strong>.<\/p>\n<p><em>Pincha en la imagen para ampliar el mapa.<\/em><br \/>\n<a href=\"http:\/\/alpoma.net\/carto\/wp-content\/uploads\/2017\/04\/mapa_vista_china.jpg\"><img decoding=\"async\" src=\"http:\/\/alpoma.net\/carto\/wp-content\/uploads\/2017\/04\/mapa_vista_china-648x1024.jpg\" alt=\"\" width=\"620\" class=\"otros\" \/><\/a><\/p>\n","protected":false},"excerpt":{"rendered":"<div class=\"mh-excerpt\"><p>Este mapa que hoy nos visita me llam\u00f3 mucho la atenci\u00f3n hace unos d\u00edas, cuando publicaron una breve nota sobre el mismo en A map <a class=\"mh-excerpt-more\" href=\"https:\/\/alpoma.net\/carto\/?p=6609\" title=\"El mundo visto desde China\">[&#8230;]<\/a><\/p>\n<\/div>","protected":false},"author":1,"featured_media":6610,"comment_status":"open","ping_status":"open","sticky":false,"template":"","format":"standard","meta":{"jetpack_post_was_ever_published":false,"_jetpack_newsletter_access":"","_jetpack_dont_email_post_to_subs":false,"_jetpack_newsletter_tier_id":0,"_jetpack_memberships_contains_paywalled_content":false,"_jetpack_memberships_contains_paid_content":false,"footnotes":""},"categories":[9],"tags":[],"class_list":["post-6609","post","type-post","status-publish","format-standard","has-post-thumbnail","hentry","category-cartografia"],"jetpack_featured_media_url":"https:\/\/alpoma.net\/carto\/wp-content\/uploads\/2017\/04\/mapa_vista_china.jpg","jetpack_shortlink":"https:\/\/wp.me\/p93Co9-1IB","jetpack-related-posts":[{"id":7141,"url":"https:\/\/alpoma.net\/carto\/?p=7141","url_meta":{"origin":6609,"position":0},"title":"Una perspectiva austral (McArthur\u2019s Universal Corrective Map)","author":"alpoma","date":"septiembre 23, 2018","format":false,"excerpt":"V\u00eda Twitter me lleg\u00f3 una petici\u00f3n la semana pasada acerca de bibliograf\u00eda sobre mapas que no fueran \"euroc\u00e9ntricos\". Eso me hizo recordar la historia de cierto australiano que se cans\u00f3 de ver mapas con el norte en la parte superior y centrados en Europa. Naturalmente, un mapa refleja el punto\u2026","rel":"","context":"En \u00abCartograf\u00eda\u00bb","block_context":{"text":"Cartograf\u00eda","link":"https:\/\/alpoma.net\/carto\/?cat=9"},"img":{"alt_text":"","src":"https:\/\/i0.wp.com\/alpoma.net\/carto\/wp-content\/uploads\/2018\/09\/austral.png?resize=350%2C200&ssl=1","width":350,"height":200},"classes":[]},{"id":6769,"url":"https:\/\/alpoma.net\/carto\/?p=6769","url_meta":{"origin":6609,"position":1},"title":"Libros sobre mapas para regalar (o regalarte)","author":"alpoma","date":"diciembre 15, 2017","format":false,"excerpt":"Hace unos d\u00edas, en un intercambio de mensajes en Twitter en el que particip\u00e9, se mencionaron diversos libros sobre mapas, o geograf\u00eda, que podr\u00edan ser interesantes como regalo. Hoy he revisado por encima algunos de ellos (los que tengo en mi biblioteca, a mano) y he creado una lista de\u2026","rel":"","context":"En \u00abMiscel\u00e1nea\u00bb","block_context":{"text":"Miscel\u00e1nea","link":"https:\/\/alpoma.net\/carto\/?cat=1"},"img":{"alt_text":"","src":"https:\/\/i0.wp.com\/alpoma.net\/carto\/wp-content\/uploads\/2017\/12\/paisesnoexst-300x228.jpg?resize=350%2C200","width":350,"height":200},"classes":[]},{"id":7549,"url":"https:\/\/alpoma.net\/carto\/?p=7549","url_meta":{"origin":6609,"position":2},"title":"10 mapas realmente asombrosos","author":"alpoma","date":"octubre 23, 2019","format":false,"excerpt":"Me preguntaron recientemente acerca de los que, para m\u00ed, son los mapas m\u00e1s enigm\u00e1ticos de la Historia. Es complicado elegir, hay cientos de ejemplos y, por lo general, siempre se mencionan los mismos. He ah\u00ed el mapa de Piri Reis, o el de Vinlandia, o bien joyas muy antiguas como\u2026","rel":"","context":"En \u00abCartograf\u00eda\u00bb","block_context":{"text":"Cartograf\u00eda","link":"https:\/\/alpoma.net\/carto\/?cat=9"},"img":{"alt_text":"","src":"https:\/\/i0.wp.com\/alpoma.net\/carto\/wp-content\/uploads\/2019\/10\/2310913742_4f55acc05d_o.jpg?resize=350%2C200&ssl=1","width":350,"height":200,"srcset":"https:\/\/i0.wp.com\/alpoma.net\/carto\/wp-content\/uploads\/2019\/10\/2310913742_4f55acc05d_o.jpg?resize=350%2C200&ssl=1 1x, https:\/\/i0.wp.com\/alpoma.net\/carto\/wp-content\/uploads\/2019\/10\/2310913742_4f55acc05d_o.jpg?resize=525%2C300&ssl=1 1.5x, https:\/\/i0.wp.com\/alpoma.net\/carto\/wp-content\/uploads\/2019\/10\/2310913742_4f55acc05d_o.jpg?resize=700%2C400&ssl=1 2x"},"classes":[]},{"id":6259,"url":"https:\/\/alpoma.net\/carto\/?p=6259","url_meta":{"origin":6609,"position":3},"title":"El enigm\u00e1tico mapa de Oronce Fin\u00e9","author":"alpoma","date":"septiembre 25, 2015","format":false,"excerpt":"Ha vuelto a suceder. Acabo de cruzarme con un libro en el que se afirma que existen muchos mapas antiguos que muestran algo asombroso, a saber, que all\u00e1 en la \u00e9poca de la \u00faltima glaciaci\u00f3n existieron civilizaciones avanzadas capaces de trazar mapas detallados de todo el planeta. Vale, es ya\u2026","rel":"","context":"En \u00abViejos mapas\u00bb","block_context":{"text":"Viejos mapas","link":"https:\/\/alpoma.net\/carto\/?cat=4"},"img":{"alt_text":"","src":"https:\/\/i0.wp.com\/alpoma.net\/carto\/wp-content\/uploads\/2015\/09\/oronte_fine_cartoteca.png?resize=350%2C200&ssl=1","width":350,"height":200,"srcset":"https:\/\/i0.wp.com\/alpoma.net\/carto\/wp-content\/uploads\/2015\/09\/oronte_fine_cartoteca.png?resize=350%2C200&ssl=1 1x, https:\/\/i0.wp.com\/alpoma.net\/carto\/wp-content\/uploads\/2015\/09\/oronte_fine_cartoteca.png?resize=525%2C300&ssl=1 1.5x, https:\/\/i0.wp.com\/alpoma.net\/carto\/wp-content\/uploads\/2015\/09\/oronte_fine_cartoteca.png?resize=700%2C400&ssl=1 2x"},"classes":[]},{"id":2847,"url":"https:\/\/alpoma.net\/carto\/?p=2847","url_meta":{"origin":6609,"position":4},"title":"\u00bfEl mapa m\u00e1s antiguo del mundo?","author":"alpoma","date":"noviembre 7, 2011","format":false,"excerpt":"Lo escribo con interrogaci\u00f3n porque en realidad no es el m\u00e1s antiguo, o s\u00ed, depende de c\u00f3mo se mire. Hay mapas mucho m\u00e1s antiguos, representaciones de la b\u00f3veda celeste como la presente en la cueva de Abauntz, en Navarra, que podr\u00eda datar de hace m\u00e1s de 13.000, o la c\u00e9lebre\u2026","rel":"","context":"En \u00abViejos mapas\u00bb","block_context":{"text":"Viejos mapas","link":"https:\/\/alpoma.net\/carto\/?cat=4"},"img":{"alt_text":"mapa_babilonia","src":"https:\/\/i0.wp.com\/farm7.static.flickr.com\/6103\/6322476135_3300520e4c_m.jpg?resize=350%2C200","width":350,"height":200},"classes":[]},{"id":6347,"url":"https:\/\/alpoma.net\/carto\/?p=6347","url_meta":{"origin":6609,"position":5},"title":"Cordilleras imaginarias: de los Montes de la Luna a las Monta\u00f1as de Kong","author":"alpoma","date":"febrero 20, 2016","format":false,"excerpt":"Hay errores cartogr\u00e1ficos que se han convertido en una leyenda entre los amantes de los mapas, pero pocos de un tama\u00f1o tan grande como los miles de kil\u00f3metros que ocupaban las imaginarias monta\u00f1as que hoy me ocupan en La Cartoteca. Repasando algunos libros de ense\u00f1anza de la geograf\u00eda del siglo\u2026","rel":"","context":"En \u00abViejos mapas\u00bb","block_context":{"text":"Viejos mapas","link":"https:\/\/alpoma.net\/carto\/?cat=4"},"img":{"alt_text":"","src":"https:\/\/i0.wp.com\/alpoma.net\/carto\/wp-content\/uploads\/2016\/02\/montes_de_la_luna.png?resize=350%2C200&ssl=1","width":350,"height":200,"srcset":"https:\/\/i0.wp.com\/alpoma.net\/carto\/wp-content\/uploads\/2016\/02\/montes_de_la_luna.png?resize=350%2C200&ssl=1 1x, https:\/\/i0.wp.com\/alpoma.net\/carto\/wp-content\/uploads\/2016\/02\/montes_de_la_luna.png?resize=525%2C300&ssl=1 1.5x"},"classes":[]}],"jetpack_sharing_enabled":true,"_links":{"self":[{"href":"https:\/\/alpoma.net\/carto\/index.php?rest_route=\/wp\/v2\/posts\/6609","targetHints":{"allow":["GET"]}}],"collection":[{"href":"https:\/\/alpoma.net\/carto\/index.php?rest_route=\/wp\/v2\/posts"}],"about":[{"href":"https:\/\/alpoma.net\/carto\/index.php?rest_route=\/wp\/v2\/types\/post"}],"author":[{"embeddable":true,"href":"https:\/\/alpoma.net\/carto\/index.php?rest_route=\/wp\/v2\/users\/1"}],"replies":[{"embeddable":true,"href":"https:\/\/alpoma.net\/carto\/index.php?rest_route=%2Fwp%2Fv2%2Fcomments&post=6609"}],"version-history":[{"count":0,"href":"https:\/\/alpoma.net\/carto\/index.php?rest_route=\/wp\/v2\/posts\/6609\/revisions"}],"wp:featuredmedia":[{"embeddable":true,"href":"https:\/\/alpoma.net\/carto\/index.php?rest_route=\/wp\/v2\/media\/6610"}],"wp:attachment":[{"href":"https:\/\/alpoma.net\/carto\/index.php?rest_route=%2Fwp%2Fv2%2Fmedia&parent=6609"}],"wp:term":[{"taxonomy":"category","embeddable":true,"href":"https:\/\/alpoma.net\/carto\/index.php?rest_route=%2Fwp%2Fv2%2Fcategories&post=6609"},{"taxonomy":"post_tag","embeddable":true,"href":"https:\/\/alpoma.net\/carto\/index.php?rest_route=%2Fwp%2Fv2%2Ftags&post=6609"}],"curies":[{"name":"wp","href":"https:\/\/api.w.org\/{rel}","templated":true}]}}