{"id":653,"date":"2008-09-15T17:03:12","date_gmt":"2008-09-15T15:03:12","guid":{"rendered":"http:\/\/alpoma.net\/carto\/?p=653"},"modified":"2008-09-15T17:05:40","modified_gmt":"2008-09-15T15:05:40","slug":"el-horizonte-de-la-geomorfologia-estructural-en-geografia","status":"publish","type":"post","link":"https:\/\/alpoma.net\/carto\/?p=653","title":{"rendered":"El horizonte de la Geomorfolog\u00eda estructural"},"content":{"rendered":"<p>Breve  referencia bibliogr\u00e1fica de sumo inter\u00e9s para ge\u00f3grafos y geomorf\u00f3logos:<\/p>\n<p><strong><a href=\"http:\/\/www.cervantesvirtual.com\/FichaObra.html?Ref=29454\" class=\"enlaces\">El horizonte de la Geomorfolog\u00eda estructural en Geograf\u00eda: el \u00faltimo legado de Jes\u00fas Garc\u00eda Fern\u00e1ndez<\/a><\/strong><br \/>\n<strong>Autor<\/strong>: Juan Antonio Marco Molina.<br \/>\n<strong>Publicaci\u00f3n<\/strong>: Alicante &#8211; Biblioteca Virtual Miguel de Cervantes, 2008. Edici\u00f3n digital a partir de <em>Investigaciones Geogr\u00e1ficas<\/em>, n\u00fam. 41 (septiembre-diciembre 2006), pp. 7-11.<\/p>\n<p><strong>Temas relacionados en <em>La Cartoteca<\/em><\/strong>:<br \/>\n<a href=\"http:\/\/alpoma.net\/carto\/?p=253\" class=\"enlaces\">In Memoriam Jes\u00fas Garc\u00eda Fern\u00e1ndez<\/a><br \/>\n<a href=\"http:\/\/alpoma.net\/carto\/?p=528\" class=\"enlaces\">Por ambas Castillas<\/a><\/p>\n","protected":false},"excerpt":{"rendered":"<div class=\"mh-excerpt\"><p>Breve referencia bibliogr\u00e1fica de sumo inter\u00e9s para ge\u00f3grafos y geomorf\u00f3logos: El horizonte de la Geomorfolog\u00eda estructural en Geograf\u00eda: el \u00faltimo legado de Jes\u00fas Garc\u00eda Fern\u00e1ndez <a class=\"mh-excerpt-more\" href=\"https:\/\/alpoma.net\/carto\/?p=653\" title=\"El horizonte de la Geomorfolog\u00eda estructural\">[&#8230;]<\/a><\/p>\n<\/div>","protected":false},"author":1,"featured_media":0,"comment_status":"open","ping_status":"open","sticky":false,"template":"","format":"standard","meta":{"jetpack_post_was_ever_published":false,"_jetpack_newsletter_access":"","_jetpack_dont_email_post_to_subs":false,"_jetpack_newsletter_tier_id":0,"_jetpack_memberships_contains_paywalled_content":false,"_jetpack_memberships_contains_paid_content":false,"footnotes":""},"categories":[7],"tags":[],"class_list":["post-653","post","type-post","status-publish","format-standard","hentry","category-geografia"],"jetpack_featured_media_url":"","jetpack_shortlink":"https:\/\/wp.me\/p93Co9-ax","jetpack-related-posts":[{"id":410,"url":"https:\/\/alpoma.net\/carto\/?p=410","url_meta":{"origin":653,"position":0},"title":"Ciencias de la Tierra: Imagen del d\u00eda","author":"alpoma","date":"septiembre 6, 2007","format":false,"excerpt":"Las webs de \"im\u00e1genes del d\u00eda\" son bastante comunes. Se trata de espacios en Internet que cada d\u00eda o, al menos, con una periodicidad determinada, ofrecen im\u00e1genes relacionadas con un tema principal. El caso m\u00e1s conocido es el de Astronomy Picture of the Day, ofrecido por la NASA, que cada\u2026","rel":"","context":"En \u00abEn l\u00ednea\u00bb","block_context":{"text":"En l\u00ednea","link":"https:\/\/alpoma.net\/carto\/?cat=5"},"img":{"alt_text":"","src":"","width":0,"height":0},"classes":[]},{"id":253,"url":"https:\/\/alpoma.net\/carto\/?p=253","url_meta":{"origin":653,"position":1},"title":"In Memoriam Jes\u00fas Garc\u00eda Fern\u00e1ndez","author":"alpoma","date":"septiembre 7, 2006","format":false,"excerpt":"Me han avisado hace poco del fallecimiento de un insigne ge\u00f3grafo, Jes\u00fas Garc\u00eda Fern\u00e1ndez, a quien tuve el honor de conocer en el Departamento de Geograf\u00eda de la Universidad de Valladolid. M\u00e1s adelante, cuando tenga m\u00e1s tiempo, procurar\u00e9 realizar una semblanza adecuada y un repaso bibliogr\u00e1fico de su obra. Sirva,\u2026","rel":"","context":"En \u00abGeograf\u00eda\u00bb","block_context":{"text":"Geograf\u00eda","link":"https:\/\/alpoma.net\/carto\/?cat=7"},"img":{"alt_text":"","src":"","width":0,"height":0},"classes":[]},{"id":528,"url":"https:\/\/alpoma.net\/carto\/?p=528","url_meta":{"origin":653,"position":2},"title":"Por ambas Castillas","author":"alpoma","date":"mayo 3, 2008","format":false,"excerpt":"Acabo de finalizar la lectura, que por atractiva s\u00f3lo me ha ocupado esta tarde de s\u00e1bado, un delicioso libro del ge\u00f3grafo fallecido no hace mucho, Don Jes\u00fas Garc\u00eda Fern\u00e1ndez, a quien tuve el gusto de conocer, en el que se recogen una serie de vivencias y relatos relacionados con su\u2026","rel":"","context":"En \u00abGeograf\u00eda\u00bb","block_context":{"text":"Geograf\u00eda","link":"https:\/\/alpoma.net\/carto\/?cat=7"},"img":{"alt_text":"","src":"","width":0,"height":0},"classes":[]},{"id":6615,"url":"https:\/\/alpoma.net\/carto\/?p=6615","url_meta":{"origin":653,"position":3},"title":"R\u00edos a trav\u00e9s del tiempo","author":"alpoma","date":"mayo 17, 2017","format":false,"excerpt":"La superficie terrestre se encuentra en constante modificaci\u00f3n, eso lo sabe todo el mundo, pero los cambios que tienen lugar a lo largo de los a\u00f1os son muchas veces dif\u00edciles de comprender para quien est\u00e9 alejado de los ocupaciones de la geomorfolog\u00eda y la geolog\u00eda. S\u00ed, las monta\u00f1as sufren erosi\u00f3n,\u2026","rel":"","context":"En \u00abExperimentos\u00bb","block_context":{"text":"Experimentos","link":"https:\/\/alpoma.net\/carto\/?cat=10"},"img":{"alt_text":"","src":"https:\/\/i0.wp.com\/alpoma.net\/carto\/wp-content\/uploads\/2017\/05\/ucayali71.gif?resize=350%2C200&ssl=1","width":350,"height":200,"srcset":"https:\/\/i0.wp.com\/alpoma.net\/carto\/wp-content\/uploads\/2017\/05\/ucayali71.gif?resize=350%2C200&ssl=1 1x, https:\/\/i0.wp.com\/alpoma.net\/carto\/wp-content\/uploads\/2017\/05\/ucayali71.gif?resize=525%2C300&ssl=1 1.5x"},"classes":[]},{"id":2608,"url":"https:\/\/alpoma.net\/carto\/?p=2608","url_meta":{"origin":653,"position":4},"title":"De islas y ondas en las nubes (II)","author":"alpoma","date":"mayo 31, 2011","format":false,"excerpt":"Ya he tratado anteriormente este asunto, pero im\u00e1genes as\u00ed no dejan de sorprenderme. He aqu\u00ed las perturbaciones en forma de ondas que genera la presencia de dos islas en el Pac\u00edfico sur sobre un manto nuboso relativamente uniforme. Se trata de las islas del archipi\u00e9lago Juan Fern\u00e1ndez, en Chile. M\u00e1s\u2026","rel":"","context":"En \u00abGeograf\u00eda\u00bb","block_context":{"text":"Geograf\u00eda","link":"https:\/\/alpoma.net\/carto\/?cat=7"},"img":{"alt_text":"","src":"https:\/\/i0.wp.com\/alpoma.net\/carto\/wp-content\/uploads\/2011\/05\/5781684844_74a65cfbd0_o.jpg?resize=350%2C200&ssl=1","width":350,"height":200,"srcset":"https:\/\/i0.wp.com\/alpoma.net\/carto\/wp-content\/uploads\/2011\/05\/5781684844_74a65cfbd0_o.jpg?resize=350%2C200&ssl=1 1x, https:\/\/i0.wp.com\/alpoma.net\/carto\/wp-content\/uploads\/2011\/05\/5781684844_74a65cfbd0_o.jpg?resize=525%2C300&ssl=1 1.5x"},"classes":[]},{"id":3470,"url":"https:\/\/alpoma.net\/carto\/?p=3470","url_meta":{"origin":653,"position":5},"title":"Atlas de Calleja, l\u00e1minas (1913)","author":"alpoma","date":"agosto 4, 2012","format":false,"excerpt":"He aqu\u00ed un peque\u00f1o aperitivo cartogr\u00e1fico. Encontr\u00e9 recientemente en la biblioteca de la entra\u00f1able y maravillosa Casa de los Condes Fucares de Almad\u00e9n, varios a\u00f1ejos libros y atlas con preciosos mapas. Este de hoy es s\u00f3lo un ejemplo. Se trata de algunas l\u00e1minas presentes en el Atlas de Geograf\u00eda Universal\u2026","rel":"","context":"En \u00abViejos mapas\u00bb","block_context":{"text":"Viejos mapas","link":"https:\/\/alpoma.net\/carto\/?cat=4"},"img":{"alt_text":"portada","src":"https:\/\/i0.wp.com\/farm9.staticflickr.com\/8281\/7709577854_19a4515162_m.jpg?resize=350%2C200","width":350,"height":200},"classes":[]}],"jetpack_sharing_enabled":true,"_links":{"self":[{"href":"https:\/\/alpoma.net\/carto\/index.php?rest_route=\/wp\/v2\/posts\/653","targetHints":{"allow":["GET"]}}],"collection":[{"href":"https:\/\/alpoma.net\/carto\/index.php?rest_route=\/wp\/v2\/posts"}],"about":[{"href":"https:\/\/alpoma.net\/carto\/index.php?rest_route=\/wp\/v2\/types\/post"}],"author":[{"embeddable":true,"href":"https:\/\/alpoma.net\/carto\/index.php?rest_route=\/wp\/v2\/users\/1"}],"replies":[{"embeddable":true,"href":"https:\/\/alpoma.net\/carto\/index.php?rest_route=%2Fwp%2Fv2%2Fcomments&post=653"}],"version-history":[{"count":0,"href":"https:\/\/alpoma.net\/carto\/index.php?rest_route=\/wp\/v2\/posts\/653\/revisions"}],"wp:attachment":[{"href":"https:\/\/alpoma.net\/carto\/index.php?rest_route=%2Fwp%2Fv2%2Fmedia&parent=653"}],"wp:term":[{"taxonomy":"category","embeddable":true,"href":"https:\/\/alpoma.net\/carto\/index.php?rest_route=%2Fwp%2Fv2%2Fcategories&post=653"},{"taxonomy":"post_tag","embeddable":true,"href":"https:\/\/alpoma.net\/carto\/index.php?rest_route=%2Fwp%2Fv2%2Ftags&post=653"}],"curies":[{"name":"wp","href":"https:\/\/api.w.org\/{rel}","templated":true}]}}