{"id":6315,"date":"2015-11-05T00:58:04","date_gmt":"2015-11-04T22:58:04","guid":{"rendered":"http:\/\/alpoma.net\/carto\/?p=6315"},"modified":"2015-11-05T00:58:04","modified_gmt":"2015-11-04T22:58:04","slug":"el-tiempo-un-dia-cualquiera-de-1936","status":"publish","type":"post","link":"https:\/\/alpoma.net\/carto\/?p=6315","title":{"rendered":"El tiempo, un d\u00eda cualquiera de 1936&#8230;"},"content":{"rendered":"<p>No es un mapa especialmente atractivo, ni siquiera intuitivo, no es m\u00e1s que un ejercicio de did\u00e1ctica de la geograf\u00eda para la escuela nacido en un d\u00eda perdido en el infausto a\u00f1o de 1936 y, sin embargo, es <strong>entra\u00f1able y encantador<\/strong>. Me refiero a esta peque\u00f1a joya&#8230;<\/p>\n<p><a href=\"http:\/\/alpoma.net\/carto\/wp-content\/uploads\/2015\/11\/escuela_1936.jpg\"><img decoding=\"async\" src=\"http:\/\/alpoma.net\/carto\/wp-content\/uploads\/2015\/11\/escuela_1936-1024x687.jpg\" alt=\"escuela_1936\" width=\"620\" class=\"otros\" \/><\/a><br \/>\nExtra\u00eddo de <em>Escuelas de Espa\u00f1a<\/em>, junio de 1936. <em>Biblioteca Nacional<\/em>. Pincha en la imagen para ampliar.<\/p>\n<p>Poco m\u00e1s que a\u00f1adir. El toque de plumilla, todo hecho a mano, a\u00f1ade un nivel de atractivo. Se trata de un <strong>mapa meteorol\u00f3gico<\/strong> que forma parte de un art\u00edculo sobre la did\u00e1ctica de la geograf\u00eda f\u00edsica que vio la luz en <strong>junio de 1936<\/strong> en la revista <em><strong>Escuelas de Espa\u00f1a<\/strong><\/em>. Al poco, cuando comenz\u00f3 la guerra civil, esta publicaci\u00f3n dej\u00f3 de existir, como tantas otras. La <strong><em><a href=\"http:\/\/hemerotecadigital.bne.es\/details.vm?q=id:0005501952&#038;lang=es\">Biblioteca Nacional<\/a><\/em><\/strong> nos recuerda lo siguiente acerca de esta revista nacida de la pasi\u00f3n por la ense\u00f1anza de unos maestros ignotos:<\/p>\n<blockquote><p><em>\u201cTres desconocidos maestros, de tres desconocidos lugares del Segovia desconocido, intentan la gran tarea de dar a conocer las escuelas y los maestros espa\u00f1oles\u201d, escriben en la presentaci\u00f3n de esta revista los j\u00f3venes maestros nacionales David Bay\u00f3n Carretero, de Cu\u00e9llar; Norberto Hernanz Hernanz, de Torre Val de San Pedro, y Pablo de Andr\u00e9s y Cobos (1899-1973), de San Ildefonso, publicaci\u00f3n que en julio de 1931 traslada su edici\u00f3n a Barcelona y en enero de 1934 a Madrid, y en la que escribir\u00e1n sus art\u00edculos, entre otros, Manuel B. Coss\u00edo, Enrique Azcoaga, Mariano Dom\u00ednguez, Isidoro Enr\u00edquez, L. Bello, A. de Tudela o Matilde G. del Real, aparecer\u00e1n textos de Mar\u00eda Zambrano y Jos\u00e9 Ferrater y Mora, tendr\u00e1 representantes en m\u00e1s de treinta provincias, adem\u00e1s de en Portugal, y su peripecia acabar\u00e1 con su \u00faltimo n\u00famero, que se publica en julio de 1936. (&#8230;) Su comit\u00e9 de Redacci\u00f3n estaba dirigido por los citados Bay\u00f3n, Hernanz y Cobos, tutelados por el influyente inspector Antonio Ballesteros Usano, y se dec\u00eda que era una publicaci\u00f3n \u201cde todos los maestros, de los maestros despiertos, vigilantes, insatisfechos, ambiciosos, noblemente ambiciosos\u201d, a la vez que manifestaba su esp\u00edritu regionalista. (&#8230;) Claudio Lozano Seijas, en su estudio sobre la prensa pedag\u00f3gica de la II Rep\u00fablica (1978), indica que fue concebida formalmente de modo id\u00e9ntico a las dem\u00e1s publicaciones espa\u00f1olas de este car\u00e1cter, y a\u00f1ade que \u201crepudiaba todo esp\u00edritu de capilla\u201d y que mantuvo una real independencia desde una postura que puede denominarse \u201crepublicanismo pedag\u00f3gico\u201d, en un tono de \u201cderecha republicana\u201d en el sentido aza\u00f1ista del t\u00e9rmino. Estuvo muy pr\u00f3xima a las ideas de Coss\u00edo, que ser\u00e1 uno de sus principales colaboradores y sobre el que escribir\u00e1 tras su fallecimiento. Ofrece estudios doctrinales sobre educaci\u00f3n, una amplia secci\u00f3n dedicada al examen de la pr\u00e1ctica escolar; estudios sobre asuntos fundamentales de tipo cultural y cient\u00edfico; informaci\u00f3n, glosa y cr\u00edtica de actualidad pedag\u00f3gica; rese\u00f1a y cr\u00edtica de libros y noticias de Espa\u00f1a y del extranjeros&#8230;<\/em><\/p><\/blockquote>\n<hr \/>\n","protected":false},"excerpt":{"rendered":"<div class=\"mh-excerpt\"><p>No es un mapa especialmente atractivo, ni siquiera intuitivo, no es m\u00e1s que un ejercicio de did\u00e1ctica de la geograf\u00eda para la escuela nacido en <a class=\"mh-excerpt-more\" href=\"https:\/\/alpoma.net\/carto\/?p=6315\" title=\"El tiempo, un d\u00eda cualquiera de 1936&#8230;\">[&#8230;]<\/a><\/p>\n<\/div>","protected":false},"author":1,"featured_media":6319,"comment_status":"open","ping_status":"open","sticky":false,"template":"","format":"standard","meta":{"jetpack_post_was_ever_published":false,"_jetpack_newsletter_access":"","_jetpack_dont_email_post_to_subs":false,"_jetpack_newsletter_tier_id":0,"_jetpack_memberships_contains_paywalled_content":false,"_jetpack_memberships_contains_paid_content":false,"footnotes":""},"categories":[4],"tags":[152,153,151],"class_list":["post-6315","post","type-post","status-publish","format-standard","has-post-thumbnail","hentry","category-viejos-mapas","tag-152","tag-escuelas-de-espana","tag-mapas-didacticas"],"jetpack_featured_media_url":"https:\/\/alpoma.net\/carto\/wp-content\/uploads\/2015\/11\/meteo_1936_cartoteca.jpg","jetpack_shortlink":"https:\/\/wp.me\/p93Co9-1DR","jetpack-related-posts":[{"id":6108,"url":"https:\/\/alpoma.net\/carto\/?p=6108","url_meta":{"origin":6315,"position":0},"title":"Ejercicio de geograf\u00eda f\u00edsica sobre una pen\u00ednsula Ib\u00e9rica imaginaria (1897)","author":"alpoma","date":"mayo 12, 2015","format":false,"excerpt":"A finales del siglo XIX aparecieron una serie de entra\u00f1ables librillos, creadas por Ram\u00f3n Alabern, que llevaban en sucesivas ediciones este ilustrativo t\u00edtulo: Geograf\u00eda elemental: nuevo m\u00e9todo; ense\u00f1anza directa sobre los mapas sin necesidad de libros. Eran lo que dec\u00edan ser, esto es, un m\u00e9todo sencillo y visual para la\u2026","rel":"","context":"En \u00abViejos mapas\u00bb","block_context":{"text":"Viejos mapas","link":"https:\/\/alpoma.net\/carto\/?cat=4"},"img":{"alt_text":"","src":"https:\/\/i0.wp.com\/alpoma.net\/carto\/wp-content\/uploads\/2015\/05\/peninsula_iberica_geografia_fisica-scaled.jpg?resize=350%2C200&ssl=1","width":350,"height":200,"srcset":"https:\/\/i0.wp.com\/alpoma.net\/carto\/wp-content\/uploads\/2015\/05\/peninsula_iberica_geografia_fisica-scaled.jpg?resize=350%2C200&ssl=1 1x, https:\/\/i0.wp.com\/alpoma.net\/carto\/wp-content\/uploads\/2015\/05\/peninsula_iberica_geografia_fisica-scaled.jpg?resize=525%2C300&ssl=1 1.5x, https:\/\/i0.wp.com\/alpoma.net\/carto\/wp-content\/uploads\/2015\/05\/peninsula_iberica_geografia_fisica-scaled.jpg?resize=700%2C400&ssl=1 2x, https:\/\/i0.wp.com\/alpoma.net\/carto\/wp-content\/uploads\/2015\/05\/peninsula_iberica_geografia_fisica-scaled.jpg?resize=1050%2C600&ssl=1 3x, https:\/\/i0.wp.com\/alpoma.net\/carto\/wp-content\/uploads\/2015\/05\/peninsula_iberica_geografia_fisica-scaled.jpg?resize=1400%2C800&ssl=1 4x"},"classes":[]},{"id":680,"url":"https:\/\/alpoma.net\/carto\/?p=680","url_meta":{"origin":6315,"position":1},"title":"Juegos did\u00e1cticos en Flash para aprender Geograf\u00eda","author":"alpoma","date":"octubre 25, 2008","format":false,"excerpt":"Acabo de encontrar un recurso de lo m\u00e1s divertido y atractivo. El dise\u00f1o de esta web es un tanto retro, pero eso no importa para que su contenido sea merecedor de atenci\u00f3n. Se trata de una impresionante colecci\u00f3n de mapas interactivos en flash, dise\u00f1ados para servir de apoyo a la\u2026","rel":"","context":"En \u00abEn l\u00ednea\u00bb","block_context":{"text":"En l\u00ednea","link":"https:\/\/alpoma.net\/carto\/?cat=5"},"img":{"alt_text":"","src":"","width":0,"height":0},"classes":[]},{"id":6769,"url":"https:\/\/alpoma.net\/carto\/?p=6769","url_meta":{"origin":6315,"position":2},"title":"Libros sobre mapas para regalar (o regalarte)","author":"alpoma","date":"diciembre 15, 2017","format":false,"excerpt":"Hace unos d\u00edas, en un intercambio de mensajes en Twitter en el que particip\u00e9, se mencionaron diversos libros sobre mapas, o geograf\u00eda, que podr\u00edan ser interesantes como regalo. Hoy he revisado por encima algunos de ellos (los que tengo en mi biblioteca, a mano) y he creado una lista de\u2026","rel":"","context":"En \u00abMiscel\u00e1nea\u00bb","block_context":{"text":"Miscel\u00e1nea","link":"https:\/\/alpoma.net\/carto\/?cat=1"},"img":{"alt_text":"","src":"https:\/\/i0.wp.com\/alpoma.net\/carto\/wp-content\/uploads\/2017\/12\/paisesnoexst-300x228.jpg?resize=350%2C200","width":350,"height":200},"classes":[]},{"id":7851,"url":"https:\/\/alpoma.net\/carto\/?p=7851","url_meta":{"origin":6315,"position":3},"title":"Una exposici\u00f3n de mapas muy personal","author":"alpoma","date":"mayo 9, 2024","format":false,"excerpt":"Tiene gracia que, aunque actualice poco, tenga un blog sobre mapas y no haya mencionado esto todav\u00eda. Pero el tiempo es muy escaso y lo he ido aparcando. As\u00ed que, por fin, aqu\u00ed va. He organizado una exposici\u00f3n cartogr\u00e1fica con mapas originales de mi colecci\u00f3n en mi pueblo, Guardo, en\u2026","rel":"","context":"En \u00abViejos mapas\u00bb","block_context":{"text":"Viejos mapas","link":"https:\/\/alpoma.net\/carto\/?cat=4"},"img":{"alt_text":"","src":"https:\/\/i0.wp.com\/alpoma.net\/carto\/wp-content\/uploads\/2024\/05\/IMG-20240418-WA0015-724x1024-1.jpg?resize=350%2C200&ssl=1","width":350,"height":200,"srcset":"https:\/\/i0.wp.com\/alpoma.net\/carto\/wp-content\/uploads\/2024\/05\/IMG-20240418-WA0015-724x1024-1.jpg?resize=350%2C200&ssl=1 1x, https:\/\/i0.wp.com\/alpoma.net\/carto\/wp-content\/uploads\/2024\/05\/IMG-20240418-WA0015-724x1024-1.jpg?resize=525%2C300&ssl=1 1.5x, https:\/\/i0.wp.com\/alpoma.net\/carto\/wp-content\/uploads\/2024\/05\/IMG-20240418-WA0015-724x1024-1.jpg?resize=700%2C400&ssl=1 2x"},"classes":[]},{"id":636,"url":"https:\/\/alpoma.net\/carto\/?p=636","url_meta":{"origin":6315,"position":4},"title":"Poblaci\u00f3n de Espa\u00f1a &#8211; datos y mapas","author":"alpoma","date":"agosto 28, 2008","format":false,"excerpt":"No conoc\u00eda este recurso, pero ahora que lo he revisado, aunque s\u00f3lo haya sido por encima, va a ir de cabeza al listado de enlaces de inter\u00e9s. Me lleg\u00f3 esta ma\u00f1ana v\u00eda del.icio.us y hasta ahora no he tenido tiempo de verlo, aunque como digo haya sido levemente. Se trata\u2026","rel":"","context":"En \u00abGeograf\u00eda\u00bb","block_context":{"text":"Geograf\u00eda","link":"https:\/\/alpoma.net\/carto\/?cat=7"},"img":{"alt_text":"","src":"https:\/\/i0.wp.com\/alpoma.net\/carto\/wp-content\/uploads\/2008\/08\/2805649605_9cc0e210a0_o.jpg?resize=350%2C200&ssl=1","width":350,"height":200,"srcset":"https:\/\/i0.wp.com\/alpoma.net\/carto\/wp-content\/uploads\/2008\/08\/2805649605_9cc0e210a0_o.jpg?resize=350%2C200&ssl=1 1x, https:\/\/i0.wp.com\/alpoma.net\/carto\/wp-content\/uploads\/2008\/08\/2805649605_9cc0e210a0_o.jpg?resize=525%2C300&ssl=1 1.5x"},"classes":[]},{"id":2385,"url":"https:\/\/alpoma.net\/carto\/?p=2385","url_meta":{"origin":6315,"position":5},"title":"Rutas a\u00e9reas europeas (1935-1936)","author":"alpoma","date":"marzo 10, 2011","format":false,"excerpt":"Pincha en la imagen para ver m\u00e1s tama\u00f1os | V\u00eda: Fuck yeah cartography!!","rel":"","context":"En \u00abViejos mapas\u00bb","block_context":{"text":"Viejos mapas","link":"https:\/\/alpoma.net\/carto\/?cat=4"},"img":{"alt_text":"","src":"https:\/\/i0.wp.com\/alpoma.net\/carto\/wp-content\/uploads\/2011\/03\/5514086121_183974558d_z.jpg?resize=350%2C200&ssl=1","width":350,"height":200,"srcset":"https:\/\/i0.wp.com\/alpoma.net\/carto\/wp-content\/uploads\/2011\/03\/5514086121_183974558d_z.jpg?resize=350%2C200&ssl=1 1x, https:\/\/i0.wp.com\/alpoma.net\/carto\/wp-content\/uploads\/2011\/03\/5514086121_183974558d_z.jpg?resize=525%2C300&ssl=1 1.5x"},"classes":[]}],"jetpack_sharing_enabled":true,"_links":{"self":[{"href":"https:\/\/alpoma.net\/carto\/index.php?rest_route=\/wp\/v2\/posts\/6315","targetHints":{"allow":["GET"]}}],"collection":[{"href":"https:\/\/alpoma.net\/carto\/index.php?rest_route=\/wp\/v2\/posts"}],"about":[{"href":"https:\/\/alpoma.net\/carto\/index.php?rest_route=\/wp\/v2\/types\/post"}],"author":[{"embeddable":true,"href":"https:\/\/alpoma.net\/carto\/index.php?rest_route=\/wp\/v2\/users\/1"}],"replies":[{"embeddable":true,"href":"https:\/\/alpoma.net\/carto\/index.php?rest_route=%2Fwp%2Fv2%2Fcomments&post=6315"}],"version-history":[{"count":0,"href":"https:\/\/alpoma.net\/carto\/index.php?rest_route=\/wp\/v2\/posts\/6315\/revisions"}],"wp:featuredmedia":[{"embeddable":true,"href":"https:\/\/alpoma.net\/carto\/index.php?rest_route=\/wp\/v2\/media\/6319"}],"wp:attachment":[{"href":"https:\/\/alpoma.net\/carto\/index.php?rest_route=%2Fwp%2Fv2%2Fmedia&parent=6315"}],"wp:term":[{"taxonomy":"category","embeddable":true,"href":"https:\/\/alpoma.net\/carto\/index.php?rest_route=%2Fwp%2Fv2%2Fcategories&post=6315"},{"taxonomy":"post_tag","embeddable":true,"href":"https:\/\/alpoma.net\/carto\/index.php?rest_route=%2Fwp%2Fv2%2Ftags&post=6315"}],"curies":[{"name":"wp","href":"https:\/\/api.w.org\/{rel}","templated":true}]}}