{"id":6216,"date":"2015-09-07T22:14:45","date_gmt":"2015-09-07T20:14:45","guid":{"rendered":"http:\/\/alpoma.net\/carto\/?p=6216"},"modified":"2015-09-07T22:20:05","modified_gmt":"2015-09-07T20:20:05","slug":"un-plano-del-siglo-ix","status":"publish","type":"post","link":"https:\/\/alpoma.net\/carto\/?p=6216","title":{"rendered":"Un plano del siglo IX"},"content":{"rendered":"<p>Le\u00eda all\u00e1 a finales de julio con asombro acerca de <strong>cierto plano de arquitect\u00f3nico que data de principios del siglo IX<\/strong> gracias a <strong><a href=\"http:\/\/www.nosolosig.com\/articulos\/534-el-plano-de-saint-gail-el-plano-de-arquitectura-conservado-mas-antiguo-del-mundo\" target=\"_blank\">una anotaci\u00f3n publicada en NosoloSIG<\/a><\/strong>. Se afirma ah\u00ed que, muy posiblemente, se trate del plano m\u00e1s antiguo de entre los conservados actualmente. Seguramente lo sea, al menos como plano constructivo, pero eso es lo de menos.<strong> Lo asombroso es lo \u00abactual\u00bb que parece viniendo, como viene, de lo profundo de una \u00e9poca supuestamente oscura que va ganando luminosidad poco a poco<\/strong><sup>1<\/sup>. <em>(Pincha sobre el plano para ampliar la imagen).<\/em><\/p>\n<p><a href=\"http:\/\/alpoma.net\/carto\/wp-content\/uploads\/2015\/09\/plano_saint_gall_alpoma_cartoteca.jpg\"><img decoding=\"async\" src=\"http:\/\/alpoma.net\/carto\/wp-content\/uploads\/2015\/09\/plano_saint_gall_alpoma_cartoteca-704x1024.jpg\" alt=\"plano_saint_gall_alpoma_cartoteca\" width=\"620\" class=\"otros\" \/><\/a><\/p>\n<p>El<strong> <a href=\"https:\/\/en.wikipedia.org\/wiki\/Plan_of_Saint_Gall\" target=\"_blank\"><em>plano de Saint Gall<\/em><\/a><\/strong> (o plano de Sankt Gallen), Suiza, parece ser una representacion minuciosa de un<strong> modelo de un monasterio benedictino ideal<\/strong>. No se conoce un lugar que se ajuste a lo que aparece en \u00e9l, siendo m\u00e1s bien una especie de gu\u00eda t\u00e9cnica para el dise\u00f1o de monasterios y elementos anejos, como establos, almacenes, hogares, huertos o jardines. Es todo un superviviente, \u00fanico en su especie, de la \u00e9poca carolingia, <strong>realizado en cinco pergaminos unidos entre s\u00ed con 112 por 77 cent\u00edmetros de tama\u00f1o total<\/strong>.<\/p>\n<p><img decoding=\"async\" src=\"http:\/\/alpoma.net\/carto\/wp-content\/uploads\/2015\/09\/saint_gall_reconstruccion-1024x615.jpg\" alt=\"saint_gall_reconstruccion\" width=\"620\" class=\"otros\" \/><br \/>\n<em>Reconstrucci\u00f3n ideal de lo mostrado en el plano seg\u00fan <a href=\"https:\/\/commons.wikimedia.org\/wiki\/File:Rahn_Kloster_Sanct_Gallen_nach_Lasius.jpg\" target=\"_blank\">dibujo<\/a> de J. Rudolf Rahn, 1876.<\/em><\/p>\n<p>Como he hecho notar, sorprende por lo \u00abactual\u00bb de su planteamiento. <strong>Todo est\u00e1 realizado a una escala determinada (1:192) y dibujado con una serie de met\u00f3dicas t\u00e9cnicas<\/strong> para identificar elementos y con <strong>una l\u00f3gica interna definida en lo que a uso de tintas se refiere<\/strong>: roja para los elementos constructivos y negruzca para los r\u00f3tulos. Si ha sobrevivido hasta nuestra \u00e9poca, conservado en la biblioteca del monasterio de Sankt Gallen, ha sido porque <strong>siglos m\u00e1s tarde un amanuense aprovech\u00f3 el pergamino para anotar la vida de san Mart\u00edn de Tours<\/strong>, creando as\u00ed toda una reliquia que ha sorteado el paso del tiempo.<\/p>\n<p><strong>M\u00e1s informacion<\/strong>:<br \/>\nCarlos Chaf\u00f3n Olmos. <em>El Plano de Sankt Gallen<\/em>. Anales del Instituto de Investigaciones Est\u00e9ticas, n\u00fam. 78, 2001. <strong>[<a href=\"http:\/\/www.analesiie.unam.mx\/pdf\/78_51-76.pdf\" target=\"_blank\">PDF<\/a>]<\/strong>:<\/p>\n<p> _____________<br \/>\n<sup>1<\/sup> Para desmontar errores comunes sobre la \u00aboscura\u00bb Edad Media nada mejor que leer <em><strong><a href=\"http:\/\/www.casadellibro.com\/libro-para-acabar-con-la-edad-media\/9788497166690\/1704908\" target=\"_blank\">Para acabar con la Edad Media<\/a><\/strong><\/em>, de <strong><a href=\"https:\/\/es.wikipedia.org\/wiki\/R%C3%A9gine_Pernoud\" target=\"_blank\">R\u00e9gine Pernoud<\/a><\/strong>.<\/p>\n","protected":false},"excerpt":{"rendered":"<div class=\"mh-excerpt\"><p>Le\u00eda all\u00e1 a finales de julio con asombro acerca de cierto plano de arquitect\u00f3nico que data de principios del siglo IX gracias a una anotaci\u00f3n <a class=\"mh-excerpt-more\" href=\"https:\/\/alpoma.net\/carto\/?p=6216\" title=\"Un plano del siglo IX\">[&#8230;]<\/a><\/p>\n<\/div>","protected":false},"author":1,"featured_media":6220,"comment_status":"open","ping_status":"open","sticky":false,"template":"","format":"standard","meta":{"jetpack_post_was_ever_published":false,"_jetpack_newsletter_access":"","_jetpack_dont_email_post_to_subs":false,"_jetpack_newsletter_tier_id":0,"_jetpack_memberships_contains_paywalled_content":false,"_jetpack_memberships_contains_paid_content":false,"footnotes":""},"categories":[4],"tags":[129,128,131,130],"class_list":["post-6216","post","type-post","status-publish","format-standard","has-post-thumbnail","hentry","category-viejos-mapas","tag-plano","tag-saint-gall","tag-sankt-gallen","tag-siglo-ix"],"jetpack_featured_media_url":"https:\/\/alpoma.net\/carto\/wp-content\/uploads\/2015\/09\/saint_gall_cabecera_cartoteca.jpg","jetpack_shortlink":"https:\/\/wp.me\/p93Co9-1Cg","jetpack-related-posts":[{"id":6409,"url":"https:\/\/alpoma.net\/carto\/?p=6409","url_meta":{"origin":6216,"position":0},"title":"Cervantes y el Madrid del siglo XVII en un mapa interactivo","author":"alpoma","date":"abril 27, 2016","format":false,"excerpt":"Estos d\u00edas Miguel de Cervantes est\u00e1 apareciendo por todas partes y no es para menos, pues nos encontramos en el IV Centenario de su muerte. Pero como entre mapas estamos, lo que aqu\u00ed nos ocupa es una \"aparici\u00f3n\" muy especial de Cervantes. En este caso se trata de una iniciativa\u2026","rel":"","context":"En \u00abEn l\u00ednea\u00bb","block_context":{"text":"En l\u00ednea","link":"https:\/\/alpoma.net\/carto\/?cat=5"},"img":{"alt_text":"","src":"https:\/\/i0.wp.com\/alpoma.net\/carto\/wp-content\/uploads\/2016\/04\/cervantes_1.png?resize=350%2C200&ssl=1","width":350,"height":200,"srcset":"https:\/\/i0.wp.com\/alpoma.net\/carto\/wp-content\/uploads\/2016\/04\/cervantes_1.png?resize=350%2C200&ssl=1 1x, https:\/\/i0.wp.com\/alpoma.net\/carto\/wp-content\/uploads\/2016\/04\/cervantes_1.png?resize=525%2C300&ssl=1 1.5x, https:\/\/i0.wp.com\/alpoma.net\/carto\/wp-content\/uploads\/2016\/04\/cervantes_1.png?resize=700%2C400&ssl=1 2x, https:\/\/i0.wp.com\/alpoma.net\/carto\/wp-content\/uploads\/2016\/04\/cervantes_1.png?resize=1050%2C600&ssl=1 3x"},"classes":[]},{"id":57,"url":"https:\/\/alpoma.net\/carto\/?p=57","url_meta":{"origin":6216,"position":1},"title":"Los planos de la antigua Roma","author":"alpoma","date":"diciembre 28, 2005","format":false,"excerpt":"Los antiguos romanos eran excelentes ingenieros y arquitectos, de eso no hay duda, y tambi\u00e9n buenos conocedores de la importancia de la planificaci\u00f3n urbana. Naturalmente, para lograr un control adecuado de la Ciudad Eterna hab\u00eda que tener mapas. La mayor\u00eda de ellos se han perdido, sobre todo por estar realizados\u2026","rel":"","context":"En \u00abEn l\u00ednea\u00bb","block_context":{"text":"En l\u00ednea","link":"https:\/\/alpoma.net\/carto\/?cat=5"},"img":{"alt_text":"","src":"","width":0,"height":0},"classes":[]},{"id":502,"url":"https:\/\/alpoma.net\/carto\/?p=502","url_meta":{"origin":6216,"position":2},"title":"Viejos callejeros","author":"alpoma","date":"marzo 16, 2008","format":false,"excerpt":"La Gu\u00eda de libros antiguos de Baedeker contiene algunas joyas dignas de contemplar. Se trata de gran cantidad de planos y callejeros escaneados a partir de gu\u00edas de principios del siglo XX. Los Baedeker's Guidebooks, publicados en ingl\u00e9s desde mediados del siglo XIX, son una fuente de datos sobre el\u2026","rel":"","context":"En \u00abViejos mapas\u00bb","block_context":{"text":"Viejos mapas","link":"https:\/\/alpoma.net\/carto\/?cat=4"},"img":{"alt_text":"","src":"https:\/\/i0.wp.com\/alpoma.net\/carto\/wp-content\/uploads\/2008\/03\/2337933561_fb8608cee0_o.jpg?resize=350%2C200&ssl=1","width":350,"height":200,"srcset":"https:\/\/i0.wp.com\/alpoma.net\/carto\/wp-content\/uploads\/2008\/03\/2337933561_fb8608cee0_o.jpg?resize=350%2C200&ssl=1 1x, https:\/\/i0.wp.com\/alpoma.net\/carto\/wp-content\/uploads\/2008\/03\/2337933561_fb8608cee0_o.jpg?resize=525%2C300&ssl=1 1.5x"},"classes":[]},{"id":352,"url":"https:\/\/alpoma.net\/carto\/?p=352","url_meta":{"origin":6216,"position":3},"title":"Plano de las pistas de San Glorio","author":"alpoma","date":"junio 9, 2007","format":false,"excerpt":"Tres Provincias S.A. acaba de publicar el plano de las pistas de lo que, si se lleva a cabo como tienen pensado, constituir\u00e1 la Estaci\u00f3n Invernal de San Glorio, en las monta\u00f1as de Le\u00f3n y Palencia: Una vez concluida la \u00faltima fase de redacci\u00f3n correspondiente al Plan Director del Proyecto\u2026","rel":"","context":"En \u00abCartograf\u00eda\u00bb","block_context":{"text":"Cartograf\u00eda","link":"https:\/\/alpoma.net\/carto\/?cat=9"},"img":{"alt_text":"","src":"https:\/\/i0.wp.com\/alpoma.net\/carto\/wp-content\/uploads\/2007\/06\/537108261_b759358a97.jpg?resize=350%2C200&ssl=1","width":350,"height":200},"classes":[]},{"id":809,"url":"https:\/\/alpoma.net\/carto\/?p=809","url_meta":{"origin":6216,"position":4},"title":"La ciudad curvada","author":"alpoma","date":"mayo 2, 2009","format":false,"excerpt":"Durante la segunda mitad del siglo XX fueron imaginadas grandes ciudades en el espacio, orbitando la Tierra, con forma de rosquillas gitatorias capaces de crear gracias a ese movimiento una c\u00f3moda gravedad artificial en su interior. Ni que decir tiene que ninguna de aquellas fantas\u00edas ha llegado a nada, pero\u2026","rel":"","context":"En \u00abCartograf\u00eda\u00bb","block_context":{"text":"Cartograf\u00eda","link":"https:\/\/alpoma.net\/carto\/?cat=9"},"img":{"alt_text":"","src":"https:\/\/i0.wp.com\/alpoma.net\/carto\/wp-content\/uploads\/2009\/05\/3493481357_19c2f8fb51_o.jpg?resize=350%2C200&ssl=1","width":350,"height":200,"srcset":"https:\/\/i0.wp.com\/alpoma.net\/carto\/wp-content\/uploads\/2009\/05\/3493481357_19c2f8fb51_o.jpg?resize=350%2C200&ssl=1 1x, https:\/\/i0.wp.com\/alpoma.net\/carto\/wp-content\/uploads\/2009\/05\/3493481357_19c2f8fb51_o.jpg?resize=525%2C300&ssl=1 1.5x"},"classes":[]},{"id":1441,"url":"https:\/\/alpoma.net\/carto\/?p=1441","url_meta":{"origin":6216,"position":5},"title":"El \u00abmapa\u00bb del Rock","author":"alpoma","date":"marzo 10, 2010","format":false,"excerpt":"Hay que ver lo que puede dar de s\u00ed la idea de convertir la intrincada red de metro de Londres en un plano de sencilla lectura. Se le ocurri\u00f3 a Harry Beck en 1933 y, desde entonces, ha sido aplicada su idea pr\u00e1cticamente a todo lo que pueda imaginarse. He\u2026","rel":"","context":"En \u00abMiscel\u00e1nea\u00bb","block_context":{"text":"Miscel\u00e1nea","link":"https:\/\/alpoma.net\/carto\/?cat=1"},"img":{"alt_text":"","src":"https:\/\/i0.wp.com\/alpoma.net\/carto\/wp-content\/uploads\/2010\/03\/4422573566_f82ebf3c75.jpg?resize=350%2C200&ssl=1","width":350,"height":200},"classes":[]}],"jetpack_sharing_enabled":true,"_links":{"self":[{"href":"https:\/\/alpoma.net\/carto\/index.php?rest_route=\/wp\/v2\/posts\/6216","targetHints":{"allow":["GET"]}}],"collection":[{"href":"https:\/\/alpoma.net\/carto\/index.php?rest_route=\/wp\/v2\/posts"}],"about":[{"href":"https:\/\/alpoma.net\/carto\/index.php?rest_route=\/wp\/v2\/types\/post"}],"author":[{"embeddable":true,"href":"https:\/\/alpoma.net\/carto\/index.php?rest_route=\/wp\/v2\/users\/1"}],"replies":[{"embeddable":true,"href":"https:\/\/alpoma.net\/carto\/index.php?rest_route=%2Fwp%2Fv2%2Fcomments&post=6216"}],"version-history":[{"count":0,"href":"https:\/\/alpoma.net\/carto\/index.php?rest_route=\/wp\/v2\/posts\/6216\/revisions"}],"wp:featuredmedia":[{"embeddable":true,"href":"https:\/\/alpoma.net\/carto\/index.php?rest_route=\/wp\/v2\/media\/6220"}],"wp:attachment":[{"href":"https:\/\/alpoma.net\/carto\/index.php?rest_route=%2Fwp%2Fv2%2Fmedia&parent=6216"}],"wp:term":[{"taxonomy":"category","embeddable":true,"href":"https:\/\/alpoma.net\/carto\/index.php?rest_route=%2Fwp%2Fv2%2Fcategories&post=6216"},{"taxonomy":"post_tag","embeddable":true,"href":"https:\/\/alpoma.net\/carto\/index.php?rest_route=%2Fwp%2Fv2%2Ftags&post=6216"}],"curies":[{"name":"wp","href":"https:\/\/api.w.org\/{rel}","templated":true}]}}