{"id":616,"date":"2008-08-17T17:54:18","date_gmt":"2008-08-17T15:54:18","guid":{"rendered":"http:\/\/alpoma.net\/carto\/?p=616"},"modified":"2008-08-17T17:59:09","modified_gmt":"2008-08-17T15:59:09","slug":"la-tumba-de-chateaubriand","status":"publish","type":"post","link":"https:\/\/alpoma.net\/carto\/?p=616","title":{"rendered":"La tumba de Chateaubriand"},"content":{"rendered":"<p>Posiblemente este peque\u00f1o apunte s\u00f3lo interese a las personas que, como yo, sienten devoci\u00f3n por <strong><a href=\"http:\/\/www.bacdefrancais.net\/mem_outre.php\" class=\"enlaces\">Memorias de Ultratumba<\/a><\/strong>, el inmortal libro de <strong><a href=\"http:\/\/es.wikipedia.org\/wiki\/Fran%C3%A7ois-Ren%C3%A9_de_Chateaubriand\" class=\"enlaces\">Fran\u00e7ois-Ren\u00e9 de Chateaubriand<\/a><\/strong>. Frente a la francesa localidad de <strong>Saint-Malo<\/strong>, en la desembocadura del Rance, existe una peque\u00f1a isla, <strong><a href=\"http:\/\/fr.wikipedia.org\/wiki\/Grand_B%C3%A9\" class=\"enlaces\">Grand B\u00e9<\/a><\/strong>, que adem\u00e1s de haber sido empleada a lo largo del tiempo para fines b\u00e9licos, guarda el honor de ser el lugar en el que yace el insigne escritor. En ciertas condiciones de marea baja puede llegarse a pie a esta roca solitaria, donde Chateaubriand, nacido en Saint-Malo en 1768 y fallecido en Par\u00eds en 1848, dej\u00f3 escrito que deseaba descansar, frente al mar que tanto le inspir\u00f3 en su ni\u00f1ez, en una<strong> tumba innominada y sin fechas<\/strong>. <\/p>\n<p><strong>Lectura relacionada<\/strong>:<br \/>\n<a href=\"http:\/\/egarciaguilar.blogspot.com\/2007\/09\/junto-la-tumba-de-chateaubriand.html\" class=\"enlaces\">Eduardo Garcia Aguilar &#8211; Junto a la tumba de Chateaubriand<\/a><\/p>\n<p><img decoding=\"async\" src=\"http:\/\/farm3.static.flickr.com\/2397\/2771364418_7afdfe14c1_o.jpg\" alt=\"img\" class=\"otros\"\/><br \/>\n| Imagen de <a href=\"http:\/\/fr.wikipedia.org\/wiki\/Image:Tombe_Chateaubriand.jpg\" class=\"enlaces\">Remi Jouan<\/a> |<\/p>\n<p class=\"geo\"><strong>Localizaci\u00f3n<\/strong>: 48\u00b039\u203208\u2033 N &#8211; 2\u00b001\u203260\u2033 W<\/p>\n<p><iframe loading=\"lazy\" width=\"620\" height=\"550\" frameborder=\"0\" scrolling=\"no\" marginheight=\"0\" marginwidth=\"0\" src=\"http:\/\/maps.google.fr\/maps?t=k&amp;q=48.652222,-2.033333&amp;ie=UTF8&amp;ll=48.665231,-2.024918&amp;spn=0.066341,0.181961&amp;z=13&amp;iwloc=addr&amp;output=embed&amp;s=AARTsJqsRyEAHQoQC_Vp3A-QLq8YVdD2Xw\"><\/iframe><br \/><small><a href=\"http:\/\/maps.google.fr\/maps?t=k&amp;q=48.652222,-2.033333&amp;ie=UTF8&amp;ll=48.665231,-2.024918&amp;spn=0.066341,0.181961&amp;z=13&amp;iwloc=addr&amp;source=embed\" style=\"color:#0000FF;text-align:left\">Ver mapa m\u00e1s grande<\/a><\/small><\/p>\n","protected":false},"excerpt":{"rendered":"<div class=\"mh-excerpt\"><p>Posiblemente este peque\u00f1o apunte s\u00f3lo interese a las personas que, como yo, sienten devoci\u00f3n por Memorias de Ultratumba, el inmortal libro de Fran\u00e7ois-Ren\u00e9 de Chateaubriand. <a class=\"mh-excerpt-more\" href=\"https:\/\/alpoma.net\/carto\/?p=616\" title=\"La tumba de Chateaubriand\">[&#8230;]<\/a><\/p>\n<\/div>","protected":false},"author":1,"featured_media":4893,"comment_status":"open","ping_status":"open","sticky":false,"template":"","format":"standard","meta":{"jetpack_post_was_ever_published":false,"_jetpack_newsletter_access":"","_jetpack_dont_email_post_to_subs":false,"_jetpack_newsletter_tier_id":0,"_jetpack_memberships_contains_paywalled_content":false,"_jetpack_memberships_contains_paid_content":false,"footnotes":""},"categories":[11],"tags":[],"class_list":["post-616","post","type-post","status-publish","format-standard","has-post-thumbnail","hentry","category-lugares"],"jetpack_featured_media_url":"https:\/\/alpoma.net\/carto\/wp-content\/uploads\/2008\/08\/2771364418_7afdfe14c1_o.jpg","jetpack_shortlink":"https:\/\/wp.me\/p93Co9-9W","jetpack-related-posts":[{"id":4295,"url":"https:\/\/alpoma.net\/carto\/?p=4295","url_meta":{"origin":616,"position":0},"title":"Mesa topogr\u00e1fica","author":"alpoma","date":"julio 3, 2014","format":false,"excerpt":"Hace mucho que no comento acerca de objetos de uso cotidiano con formas que semejen elementos geogr\u00e1ficos, pero hoy cierta pieza me ha hecho cambiar de tercio. Es una mesa, o mejor, una colecci\u00f3n de mesas y mesitas. Son verdaderas obras de arte, creadas por Greg Klassen, artesano genial que\u2026","rel":"","context":"En \u00abMiscel\u00e1nea\u00bb","block_context":{"text":"Miscel\u00e1nea","link":"https:\/\/alpoma.net\/carto\/?cat=1"},"img":{"alt_text":"","src":"https:\/\/i0.wp.com\/alpoma.net\/carto\/wp-content\/uploads\/2014\/07\/X8A8665-2-web-1024x6871.jpg?resize=350%2C200&ssl=1","width":350,"height":200,"srcset":"https:\/\/i0.wp.com\/alpoma.net\/carto\/wp-content\/uploads\/2014\/07\/X8A8665-2-web-1024x6871.jpg?resize=350%2C200&ssl=1 1x, https:\/\/i0.wp.com\/alpoma.net\/carto\/wp-content\/uploads\/2014\/07\/X8A8665-2-web-1024x6871.jpg?resize=525%2C300&ssl=1 1.5x, https:\/\/i0.wp.com\/alpoma.net\/carto\/wp-content\/uploads\/2014\/07\/X8A8665-2-web-1024x6871.jpg?resize=700%2C400&ssl=1 2x"},"classes":[]},{"id":3269,"url":"https:\/\/alpoma.net\/carto\/?p=3269","url_meta":{"origin":616,"position":1},"title":"El cabez\u00f3n de Mercator","author":"alpoma","date":"abril 8, 2012","format":false,"excerpt":"No, el viejo Mercator no era un cabez\u00f3n, al menos que sepamos, pero su forma de ver el mundo puede crear verdaderos cabezones y hasta dolores de cabeza, veamos. La proyecci\u00f3n de Mercator ha calado tanto en la mente de occidente, y en realidad en la de casi todo el\u2026","rel":"","context":"En \u00abCartograf\u00eda\u00bb","block_context":{"text":"Cartograf\u00eda","link":"https:\/\/alpoma.net\/carto\/?cat=9"},"img":{"alt_text":"","src":"https:\/\/i0.wp.com\/alpoma.net\/carto\/wp-content\/uploads\/2012\/04\/6911222656_819d91c4e3_o.png?resize=350%2C200&ssl=1","width":350,"height":200},"classes":[]},{"id":652,"url":"https:\/\/alpoma.net\/carto\/?p=652","url_meta":{"origin":616,"position":2},"title":"La remota isla de Bouvet","author":"alpoma","date":"septiembre 13, 2008","format":false,"excerpt":"Algunas veces uno quiere perderse, no ser molestado por nadie. Hay lugares en los que perderse es un placer, pero en otros puede convertirse en una pesadilla. Quien se pierda en Bouvet seguro que termina deseando ser encontrado, y no porque se trate de una isla muy grande en la\u2026","rel":"","context":"En \u00abLugares\u00bb","block_context":{"text":"Lugares","link":"https:\/\/alpoma.net\/carto\/?cat=11"},"img":{"alt_text":"","src":"https:\/\/i0.wp.com\/alpoma.net\/carto\/wp-content\/uploads\/2008\/09\/2854305664_24b465e07e_o.jpg?resize=350%2C200&ssl=1","width":350,"height":200,"srcset":"https:\/\/i0.wp.com\/alpoma.net\/carto\/wp-content\/uploads\/2008\/09\/2854305664_24b465e07e_o.jpg?resize=350%2C200&ssl=1 1x, https:\/\/i0.wp.com\/alpoma.net\/carto\/wp-content\/uploads\/2008\/09\/2854305664_24b465e07e_o.jpg?resize=525%2C300&ssl=1 1.5x"},"classes":[]},{"id":753,"url":"https:\/\/alpoma.net\/carto\/?p=753","url_meta":{"origin":616,"position":3},"title":"Sri Lanka, \u00bfc\u00f3mo va la guerra?","author":"alpoma","date":"enero 29, 2009","format":false,"excerpt":"El toque de surrealismo al que se est\u00e1 llegando en muchos lugares ya roza el esperpento y podr\u00eda ser gracioso si no fuera por lo grave del asunto. Veamos, el Ministerio de Defensa, Seguridad P\u00fablica, Ley y Orden de la Rep\u00fablica Democr\u00e1tica Socialista de Sri Lanka \u2014hay que tomar aire\u2026","rel":"","context":"En \u00abCartograf\u00eda\u00bb","block_context":{"text":"Cartograf\u00eda","link":"https:\/\/alpoma.net\/carto\/?cat=9"},"img":{"alt_text":"","src":"https:\/\/i0.wp.com\/alpoma.net\/carto\/wp-content\/uploads\/2009\/01\/3236884376_14143578ec_o.jpg?resize=350%2C200&ssl=1","width":350,"height":200,"srcset":"https:\/\/i0.wp.com\/alpoma.net\/carto\/wp-content\/uploads\/2009\/01\/3236884376_14143578ec_o.jpg?resize=350%2C200&ssl=1 1x, https:\/\/i0.wp.com\/alpoma.net\/carto\/wp-content\/uploads\/2009\/01\/3236884376_14143578ec_o.jpg?resize=525%2C300&ssl=1 1.5x"},"classes":[]},{"id":6216,"url":"https:\/\/alpoma.net\/carto\/?p=6216","url_meta":{"origin":616,"position":4},"title":"Un plano del siglo IX","author":"alpoma","date":"septiembre 7, 2015","format":false,"excerpt":"Le\u00eda all\u00e1 a finales de julio con asombro acerca de cierto plano de arquitect\u00f3nico que data de principios del siglo IX gracias a una anotaci\u00f3n publicada en NosoloSIG. Se afirma ah\u00ed que, muy posiblemente, se trate del plano m\u00e1s antiguo de entre los conservados actualmente. Seguramente lo sea, al menos\u2026","rel":"","context":"En \u00abViejos mapas\u00bb","block_context":{"text":"Viejos mapas","link":"https:\/\/alpoma.net\/carto\/?cat=4"},"img":{"alt_text":"","src":"https:\/\/i0.wp.com\/alpoma.net\/carto\/wp-content\/uploads\/2015\/09\/saint_gall_cabecera_cartoteca.jpg?resize=350%2C200&ssl=1","width":350,"height":200,"srcset":"https:\/\/i0.wp.com\/alpoma.net\/carto\/wp-content\/uploads\/2015\/09\/saint_gall_cabecera_cartoteca.jpg?resize=350%2C200&ssl=1 1x, https:\/\/i0.wp.com\/alpoma.net\/carto\/wp-content\/uploads\/2015\/09\/saint_gall_cabecera_cartoteca.jpg?resize=525%2C300&ssl=1 1.5x, https:\/\/i0.wp.com\/alpoma.net\/carto\/wp-content\/uploads\/2015\/09\/saint_gall_cabecera_cartoteca.jpg?resize=700%2C400&ssl=1 2x"},"classes":[]},{"id":7024,"url":"https:\/\/alpoma.net\/carto\/?p=7024","url_meta":{"origin":616,"position":5},"title":"Un mapa de la Atl\u00e1ntida","author":"alpoma","date":"junio 4, 2018","format":false,"excerpt":"Me atrevo a decir que, de todas las historias sobre continentes perdidos, islas desaparecidas y dem\u00e1s mitos geogr\u00e1ficos, uno de ellos sobresale por encima del resto: la Atl\u00e1ntida. Es incre\u00edble la gran cantidad de art\u00edculos, libros, pel\u00edculas, programas de televisi\u00f3n, radio y similares que se han creado en torno a\u2026","rel":"","context":"En \u00abViejos mapas\u00bb","block_context":{"text":"Viejos mapas","link":"https:\/\/alpoma.net\/carto\/?cat=4"},"img":{"alt_text":"","src":"https:\/\/i0.wp.com\/alpoma.net\/carto\/wp-content\/uploads\/2018\/06\/atlantida-map-detalle.jpg?resize=350%2C200&ssl=1","width":350,"height":200,"srcset":"https:\/\/i0.wp.com\/alpoma.net\/carto\/wp-content\/uploads\/2018\/06\/atlantida-map-detalle.jpg?resize=350%2C200&ssl=1 1x, https:\/\/i0.wp.com\/alpoma.net\/carto\/wp-content\/uploads\/2018\/06\/atlantida-map-detalle.jpg?resize=525%2C300&ssl=1 1.5x, https:\/\/i0.wp.com\/alpoma.net\/carto\/wp-content\/uploads\/2018\/06\/atlantida-map-detalle.jpg?resize=700%2C400&ssl=1 2x, https:\/\/i0.wp.com\/alpoma.net\/carto\/wp-content\/uploads\/2018\/06\/atlantida-map-detalle.jpg?resize=1050%2C600&ssl=1 3x"},"classes":[]}],"jetpack_sharing_enabled":true,"_links":{"self":[{"href":"https:\/\/alpoma.net\/carto\/index.php?rest_route=\/wp\/v2\/posts\/616","targetHints":{"allow":["GET"]}}],"collection":[{"href":"https:\/\/alpoma.net\/carto\/index.php?rest_route=\/wp\/v2\/posts"}],"about":[{"href":"https:\/\/alpoma.net\/carto\/index.php?rest_route=\/wp\/v2\/types\/post"}],"author":[{"embeddable":true,"href":"https:\/\/alpoma.net\/carto\/index.php?rest_route=\/wp\/v2\/users\/1"}],"replies":[{"embeddable":true,"href":"https:\/\/alpoma.net\/carto\/index.php?rest_route=%2Fwp%2Fv2%2Fcomments&post=616"}],"version-history":[{"count":0,"href":"https:\/\/alpoma.net\/carto\/index.php?rest_route=\/wp\/v2\/posts\/616\/revisions"}],"wp:featuredmedia":[{"embeddable":true,"href":"https:\/\/alpoma.net\/carto\/index.php?rest_route=\/wp\/v2\/media\/4893"}],"wp:attachment":[{"href":"https:\/\/alpoma.net\/carto\/index.php?rest_route=%2Fwp%2Fv2%2Fmedia&parent=616"}],"wp:term":[{"taxonomy":"category","embeddable":true,"href":"https:\/\/alpoma.net\/carto\/index.php?rest_route=%2Fwp%2Fv2%2Fcategories&post=616"},{"taxonomy":"post_tag","embeddable":true,"href":"https:\/\/alpoma.net\/carto\/index.php?rest_route=%2Fwp%2Fv2%2Ftags&post=616"}],"curies":[{"name":"wp","href":"https:\/\/api.w.org\/{rel}","templated":true}]}}