{"id":6131,"date":"2015-05-16T20:53:18","date_gmt":"2015-05-16T18:53:18","guid":{"rendered":"http:\/\/alpoma.net\/carto\/?p=6131"},"modified":"2015-05-16T20:53:18","modified_gmt":"2015-05-16T18:53:18","slug":"frikada-cartografica-en-las-cronicas-de-riddick","status":"publish","type":"post","link":"https:\/\/alpoma.net\/carto\/?p=6131","title":{"rendered":"\u00abFrikada\u00bb cartogr\u00e1fica en \u00abLas cr\u00f3nicas de Riddick\u00bb"},"content":{"rendered":"<p>Tengo la sensaci\u00f3n de que este va a ser el <em>post<\/em> con menos utilidad de la historia de <em>La Cartoteca<\/em>, vamos, una aut\u00e9ntica \u00abfrikada\u00bb, pero qu\u00e9 le vamos a hacer, es lo que sucede cuando reconoces <strong>patrones cartogr\u00e1ficos<\/strong> por doquier.<\/p>\n<p>La cosa va de una pel\u00edcula y cierto dise\u00f1o que hay en ella. Tarde familiar de s\u00e1bado, en la televisi\u00f3n est\u00e1n viendo una pel\u00edcula, <em>Las cr\u00f3nicas de Riddick<\/em>, de 2004. Yo estaba a lo m\u00edo, esto es, de ac\u00e1 para all\u00e1 con mil cosas abiertas en varios ordenadores cuando cruzo ante la pantalla y, como si fuera un destello mental, algo salt\u00f3 en mi cabeza al ver una imagen por el <em>rabillo del ojo<\/em>. Como en casa hay uno de esos curiosos artilugios llamados <em>TiVo<\/em> (que viene a ser una reencarnaci\u00f3n digital de los viejos v\u00eddeos, yo me qued\u00e9 en materia de televisi\u00f3n en la \u00e9poca de finales de los noventa y ahora apenas hago caso a esos cuadros que emiten lucecitas, proque ya ni siquiera tienen forma de caja para llamarlos \u00abcajas tontas\u00bb), ped\u00ed que pararan la reproducci\u00f3n y se volviera un poco hacia atr\u00e1s.<\/p>\n<p>Esto es lo que hizo saltar mi alerta cartogr\u00e1fica. <strong>La siguiente foto la tom\u00e9 hace un rato con el m\u00f3vil sobre la pantalla, se ve mal pero algo se intuye<\/strong>.<\/p>\n<p><img loading=\"lazy\" decoding=\"async\" src=\"http:\/\/alpoma.net\/carto\/wp-content\/uploads\/2015\/05\/ridck1.jpg\" alt=\"ridck1\" width=\"620\" height=\"465\" class=\"otros\" \/><\/p>\n<p><strong>\u00bfNadie m\u00e1s ve el perfil de la pen\u00ednsula Ib\u00e9rica en esa imagen?<\/strong> Lo que intuyo es que el dise\u00f1ador que mont\u00f3 el<strong> matte painting<\/strong> para esa secuencia utiliz\u00f3 como modelo las <strong><a href=\"http:\/\/visibleearth.nasa.gov\/view.php?id=55167\" target=\"_blank\">im\u00e1genes que la NASA public\u00f3<\/a><\/strong> hace ya bastantes a\u00f1os sobre <strong>la Tierra vista de noche<\/strong>, con las luces de la civilizaci\u00f3n humana en todo su esplendor y sin nubes. Me refiero a esta imagen, muy conocida.<\/p>\n<p><img loading=\"lazy\" decoding=\"async\" src=\"http:\/\/alpoma.net\/carto\/wp-content\/uploads\/2015\/05\/ridck2.jpg\" alt=\"ridck2\" width=\"620\" height=\"310\" class=\"otros\" \/><\/p>\n<p>Coloquemos ahora las dos im\u00e1genes una al lado de la otra, para comprobar si s\u00f3lo es una ilusi\u00f3n surgida de mi adicci\u00f3n cartogr\u00e1fica. <\/p>\n<p><img loading=\"lazy\" decoding=\"async\" src=\"http:\/\/alpoma.net\/carto\/wp-content\/uploads\/2015\/05\/ridck3.jpg\" alt=\"ridck3\" width=\"620\" height=\"252\" class=\"otras\" \/><\/p>\n<p>Parece que el uso del tamp\u00f3n clonador (presumiblemente de <em>Photoshop<\/em>) no elimin\u00f3 todos los patrones reales de la imagen original de la NASA, por lo que <strong>el matte painting qued\u00f3 con ratros de nuestro mundo<\/strong>. Para localizar la imagen en la pel\u00edcula, no hay m\u00e1s que ir a la parte en la que los necr\u00f3feros llegan al <strong>planeta Helion Prime<\/strong>. He <strong><a href=\"http:\/\/riddick.wikia.com\/wiki\/Helion_Prime\" target=\"_blank\">buscado en la red<\/a><\/strong> el momento concreto, aqu\u00ed est\u00e1.<\/p>\n<p><img loading=\"lazy\" decoding=\"async\" src=\"http:\/\/alpoma.net\/carto\/wp-content\/uploads\/2015\/05\/ridck4.jpg\" alt=\"ridck4\" width=\"620\" height=\"397\" class=\"otros\" \/><\/p>\n<p>Vale, ya he soltado la bobada. Modo <em>friki<\/em> off. \ud83d\ude1b<\/p>\n","protected":false},"excerpt":{"rendered":"<div class=\"mh-excerpt\"><p>Tengo la sensaci\u00f3n de que este va a ser el post con menos utilidad de la historia de La Cartoteca, vamos, una aut\u00e9ntica \u00abfrikada\u00bb, pero <a class=\"mh-excerpt-more\" href=\"https:\/\/alpoma.net\/carto\/?p=6131\" title=\"\u00abFrikada\u00bb cartogr\u00e1fica en \u00abLas cr\u00f3nicas de Riddick\u00bb\">[&#8230;]<\/a><\/p>\n<\/div>","protected":false},"author":1,"featured_media":6135,"comment_status":"open","ping_status":"open","sticky":false,"template":"","format":"standard","meta":{"jetpack_post_was_ever_published":false,"_jetpack_newsletter_access":"","_jetpack_dont_email_post_to_subs":false,"_jetpack_newsletter_tier_id":0,"_jetpack_memberships_contains_paywalled_content":false,"_jetpack_memberships_contains_paid_content":false,"footnotes":""},"categories":[1],"tags":[],"class_list":["post-6131","post","type-post","status-publish","format-standard","has-post-thumbnail","hentry","category-general"],"jetpack_featured_media_url":"https:\/\/alpoma.net\/carto\/wp-content\/uploads\/2015\/05\/ridck4.jpg","jetpack_shortlink":"https:\/\/wp.me\/p93Co9-1AT","jetpack-related-posts":[{"id":588,"url":"https:\/\/alpoma.net\/carto\/?p=588","url_meta":{"origin":6131,"position":0},"title":"Debate: Sobre la hegemon\u00eda de Google Maps","author":"alpoma","date":"julio 22, 2008","format":false,"excerpt":"Un comentario de XuRxO, muy acertado como siempre, me trae a la cabeza varias conversaciones que he tenido con muchos desarrolladores. \u00bfPor qu\u00e9 narices siempre tenemos que usar Google Maps o Google Earth para llevar a cabo muchos proyectos? Naturalmente, tambi\u00e9n soy culpable, porque en varios proyectos bastante grandes hemos\u2026","rel":"","context":"En \u00abMiscel\u00e1nea\u00bb","block_context":{"text":"Miscel\u00e1nea","link":"https:\/\/alpoma.net\/carto\/?cat=1"},"img":{"alt_text":"","src":"https:\/\/i0.wp.com\/alpoma.net\/carto\/wp-content\/uploads\/2008\/07\/2693155982_c0fd50fb33_o.jpg?resize=350%2C200&ssl=1","width":350,"height":200,"srcset":"https:\/\/i0.wp.com\/alpoma.net\/carto\/wp-content\/uploads\/2008\/07\/2693155982_c0fd50fb33_o.jpg?resize=350%2C200&ssl=1 1x, https:\/\/i0.wp.com\/alpoma.net\/carto\/wp-content\/uploads\/2008\/07\/2693155982_c0fd50fb33_o.jpg?resize=525%2C300&ssl=1 1.5x"},"classes":[]},{"id":385,"url":"https:\/\/alpoma.net\/carto\/?p=385","url_meta":{"origin":6131,"position":1},"title":"Geoexperimentos con Flickr&#8230;","author":"alpoma","date":"agosto 13, 2007","format":false,"excerpt":"No creo que haya nadie que dude sobre la importancia que, en el mundo de la fotograf\u00eda en la red, tiene Flickr. Personalmente, como usuario desde hace ya mucho tiempo, Flickr me encanta. Se trata de una herramienta limpia, sencilla, directa, potente... vamos, que es \"la leche\". Tambi\u00e9n habr\u00e1 quien\u2026","rel":"","context":"En \u00abEn l\u00ednea\u00bb","block_context":{"text":"En l\u00ednea","link":"https:\/\/alpoma.net\/carto\/?cat=5"},"img":{"alt_text":"","src":"https:\/\/i0.wp.com\/alpoma.net\/carto\/wp-content\/uploads\/2007\/08\/1107638885_6e712a4f9c_o.jpg?resize=350%2C200&ssl=1","width":350,"height":200,"srcset":"https:\/\/i0.wp.com\/alpoma.net\/carto\/wp-content\/uploads\/2007\/08\/1107638885_6e712a4f9c_o.jpg?resize=350%2C200&ssl=1 1x, https:\/\/i0.wp.com\/alpoma.net\/carto\/wp-content\/uploads\/2007\/08\/1107638885_6e712a4f9c_o.jpg?resize=525%2C300&ssl=1 1.5x"},"classes":[]},{"id":2935,"url":"https:\/\/alpoma.net\/carto\/?p=2935","url_meta":{"origin":6131,"position":2},"title":"Planifica las vacaciones&#8230; con HTML5 y SVG","author":"alpoma","date":"diciembre 14, 2011","format":false,"excerpt":"Este es un ejemplo reci\u00e9n salido del horno sobre la utilizaci\u00f3n de HTML 5 y gr\u00e1ficos SVG para crear cartograf\u00edas interactivas online. Vamos, adi\u00f3s Flash... y no me causa ninguna pena. Hay mucho camino por recorrer, pero creo que se camina en el sentido correcto. En concreto, este mapa de\u2026","rel":"","context":"En \u00abExperimentos\u00bb","block_context":{"text":"Experimentos","link":"https:\/\/alpoma.net\/carto\/?cat=10"},"img":{"alt_text":"","src":"https:\/\/i0.wp.com\/alpoma.net\/carto\/wp-content\/uploads\/2011\/12\/6511898471_53ecd5d59a_o.jpg?resize=350%2C200&ssl=1","width":350,"height":200,"srcset":"https:\/\/i0.wp.com\/alpoma.net\/carto\/wp-content\/uploads\/2011\/12\/6511898471_53ecd5d59a_o.jpg?resize=350%2C200&ssl=1 1x, https:\/\/i0.wp.com\/alpoma.net\/carto\/wp-content\/uploads\/2011\/12\/6511898471_53ecd5d59a_o.jpg?resize=525%2C300&ssl=1 1.5x"},"classes":[]},{"id":6769,"url":"https:\/\/alpoma.net\/carto\/?p=6769","url_meta":{"origin":6131,"position":3},"title":"Libros sobre mapas para regalar (o regalarte)","author":"alpoma","date":"diciembre 15, 2017","format":false,"excerpt":"Hace unos d\u00edas, en un intercambio de mensajes en Twitter en el que particip\u00e9, se mencionaron diversos libros sobre mapas, o geograf\u00eda, que podr\u00edan ser interesantes como regalo. Hoy he revisado por encima algunos de ellos (los que tengo en mi biblioteca, a mano) y he creado una lista de\u2026","rel":"","context":"En \u00abMiscel\u00e1nea\u00bb","block_context":{"text":"Miscel\u00e1nea","link":"https:\/\/alpoma.net\/carto\/?cat=1"},"img":{"alt_text":"","src":"https:\/\/i0.wp.com\/alpoma.net\/carto\/wp-content\/uploads\/2017\/12\/paisesnoexst-300x228.jpg?resize=350%2C200","width":350,"height":200},"classes":[]},{"id":76,"url":"https:\/\/alpoma.net\/carto\/?p=76","url_meta":{"origin":6131,"position":4},"title":"La gran aventura de Zheng He","author":"alpoma","date":"enero 14, 2006","format":false,"excerpt":"Al hablar de grandes exploradores del oc\u00e9ano siempre nos vienen a la mente nombres occidentales pero, no por ello en oriente olvidaron explorar el mundo. Zheng He fue un aventurero, navegante y explorador chino que nada tiene que envidiar a los almirantes europeos descubridores de \"nuevos mundos\" y similares. Este\u2026","rel":"","context":"En \u00abGeograf\u00eda\u00bb","block_context":{"text":"Geograf\u00eda","link":"https:\/\/alpoma.net\/carto\/?cat=7"},"img":{"alt_text":"","src":"","width":0,"height":0},"classes":[]},{"id":723,"url":"https:\/\/alpoma.net\/carto\/?p=723","url_meta":{"origin":6131,"position":5},"title":"Mapas en el cine y la televisi\u00f3n","author":"alpoma","date":"noviembre 30, 2008","format":false,"excerpt":"Este proyecto, con el t\u00edtulo Maps in movies and TV, es un canal en YouTube coordinado por Giacomo Andreucci , investigador postdoctoral de la Universidad de Bolonia, que tambi\u00e9n es autor de una web en italiano sobre mapas y literatura, cuyo objetivo es recopilar referencias sobre mapas que hayan aparecido\u2026","rel":"","context":"En \u00abEn l\u00ednea\u00bb","block_context":{"text":"En l\u00ednea","link":"https:\/\/alpoma.net\/carto\/?cat=5"},"img":{"alt_text":"","src":"","width":0,"height":0},"classes":[]}],"jetpack_sharing_enabled":true,"_links":{"self":[{"href":"https:\/\/alpoma.net\/carto\/index.php?rest_route=\/wp\/v2\/posts\/6131","targetHints":{"allow":["GET"]}}],"collection":[{"href":"https:\/\/alpoma.net\/carto\/index.php?rest_route=\/wp\/v2\/posts"}],"about":[{"href":"https:\/\/alpoma.net\/carto\/index.php?rest_route=\/wp\/v2\/types\/post"}],"author":[{"embeddable":true,"href":"https:\/\/alpoma.net\/carto\/index.php?rest_route=\/wp\/v2\/users\/1"}],"replies":[{"embeddable":true,"href":"https:\/\/alpoma.net\/carto\/index.php?rest_route=%2Fwp%2Fv2%2Fcomments&post=6131"}],"version-history":[{"count":0,"href":"https:\/\/alpoma.net\/carto\/index.php?rest_route=\/wp\/v2\/posts\/6131\/revisions"}],"wp:featuredmedia":[{"embeddable":true,"href":"https:\/\/alpoma.net\/carto\/index.php?rest_route=\/wp\/v2\/media\/6135"}],"wp:attachment":[{"href":"https:\/\/alpoma.net\/carto\/index.php?rest_route=%2Fwp%2Fv2%2Fmedia&parent=6131"}],"wp:term":[{"taxonomy":"category","embeddable":true,"href":"https:\/\/alpoma.net\/carto\/index.php?rest_route=%2Fwp%2Fv2%2Fcategories&post=6131"},{"taxonomy":"post_tag","embeddable":true,"href":"https:\/\/alpoma.net\/carto\/index.php?rest_route=%2Fwp%2Fv2%2Ftags&post=6131"}],"curies":[{"name":"wp","href":"https:\/\/api.w.org\/{rel}","templated":true}]}}