{"id":56,"date":"2005-12-24T16:32:33","date_gmt":"2005-12-24T14:32:33","guid":{"rendered":"http:\/\/alpoma.net\/carto\/?p=56"},"modified":"2005-12-24T16:32:33","modified_gmt":"2005-12-24T14:32:33","slug":"el-tsunami-y-la-teledeteccion","status":"publish","type":"post","link":"https:\/\/alpoma.net\/carto\/?p=56","title":{"rendered":"El tsunami y la teledetecci\u00f3n"},"content":{"rendered":"<p>La Agencia Espacial Europea acaba de presentar un estudio acerca de c\u00f3mo las fotograf\u00edas de sat\u00e9lite pueden ayudar a planificar \u00e1reas afectadas por desastres naturales, como en el caso del tsunami de hace un a\u00f1o:<\/p>\n<p>&#8211;> <strong><a href=\"http:\/\/www.esa.int\/esaEO\/SEMF2J8A9HE_environment_0.html\">A year on from the Asian tsunami, satellites are aiding regional rebuilding<\/a><\/strong><\/p>\n","protected":false},"excerpt":{"rendered":"<div class=\"mh-excerpt\"><p>La Agencia Espacial Europea acaba de presentar un estudio acerca de c\u00f3mo las fotograf\u00edas de sat\u00e9lite pueden ayudar a planificar \u00e1reas afectadas por desastres naturales, <a class=\"mh-excerpt-more\" href=\"https:\/\/alpoma.net\/carto\/?p=56\" title=\"El tsunami y la teledetecci\u00f3n\">[&#8230;]<\/a><\/p>\n<\/div>","protected":false},"author":1,"featured_media":0,"comment_status":"open","ping_status":"open","sticky":false,"template":"","format":"standard","meta":{"jetpack_post_was_ever_published":false,"_jetpack_newsletter_access":"","_jetpack_dont_email_post_to_subs":false,"_jetpack_newsletter_tier_id":0,"_jetpack_memberships_contains_paywalled_content":false,"_jetpack_memberships_contains_paid_content":false,"footnotes":""},"categories":[3],"tags":[],"class_list":["post-56","post","type-post","status-publish","format-standard","hentry","category-teledeteccion"],"jetpack_featured_media_url":"","jetpack_shortlink":"https:\/\/wp.me\/p93Co9-U","jetpack-related-posts":[{"id":1416,"url":"https:\/\/alpoma.net\/carto\/?p=1416","url_meta":{"origin":56,"position":0},"title":"Tsunami en el Pac\u00edfico (cartograf\u00eda de emergencia)","author":"alpoma","date":"febrero 27, 2010","format":false,"excerpt":"El terremoto que ha sacudido hoy Chile, de magnitud 8.8, ha generado un tsunami en el Oc\u00e9ano Pac\u00edfico cuyo alcance y consecuencias todav\u00eda es muy pronto para que sean definidos con claridad. De momento, aqu\u00ed va algo de cartograf\u00eda de \"emergencia\", preparado con premura. En primer lugar, este mapa del\u2026","rel":"","context":"En \u00abRiesgos Naturales\u00bb","block_context":{"text":"Riesgos Naturales","link":"https:\/\/alpoma.net\/carto\/?cat=6"},"img":{"alt_text":"","src":"https:\/\/i0.wp.com\/alpoma.net\/carto\/wp-content\/uploads\/2010\/02\/4392753272_8744f85277_o.jpg?resize=350%2C200&ssl=1","width":350,"height":200,"srcset":"https:\/\/i0.wp.com\/alpoma.net\/carto\/wp-content\/uploads\/2010\/02\/4392753272_8744f85277_o.jpg?resize=350%2C200&ssl=1 1x, https:\/\/i0.wp.com\/alpoma.net\/carto\/wp-content\/uploads\/2010\/02\/4392753272_8744f85277_o.jpg?resize=525%2C300&ssl=1 1.5x"},"classes":[]},{"id":153,"url":"https:\/\/alpoma.net\/carto\/?p=153","url_meta":{"origin":56,"position":1},"title":"Tras el tsunami&#8230;","author":"alpoma","date":"marzo 25, 2006","format":false,"excerpt":"Impresionante galer\u00eda fotogr\u00e1fica en la que se compara el estado actual de algunos lugares afectados por el tsunami de hace m\u00e1s de un a\u00f1o en el \u00cdndico con otras tomas realizadas poco tiempo despu\u00e9s de suceder la tragedia, en el mismo lugar: --> Thailand Tsunami Then and Now Gallery V\u00eda\u2026","rel":"","context":"En \u00abEn l\u00ednea\u00bb","block_context":{"text":"En l\u00ednea","link":"https:\/\/alpoma.net\/carto\/?cat=5"},"img":{"alt_text":"","src":"","width":0,"height":0},"classes":[]},{"id":3420,"url":"https:\/\/alpoma.net\/carto\/?p=3420","url_meta":{"origin":56,"position":2},"title":"[Libro\/descarga] Sat\u00e9lites de Teledetecci\u00f3n para la Gesti\u00f3n del Territorio.","author":"alpoma","date":"junio 30, 2012","format":false,"excerpt":"Toda una delicia... ;-) Ya se encuentra disponible el libro Sat\u00e9lites de Teledetecci\u00f3n para la Gesti\u00f3n del Territorio. Este documento, que fue planteado como uno de los objetivos iniciales del proyecto SATELMAC, permite acceder a informaci\u00f3n relacionada con los sat\u00e9lites operativos m\u00e1s importante que en hay en la actualidad y\u2026","rel":"","context":"En \u00abTeledetecci\u00f3n\u00bb","block_context":{"text":"Teledetecci\u00f3n","link":"https:\/\/alpoma.net\/carto\/?cat=3"},"img":{"alt_text":"satelites_de_teledeteccion_para_la_gestion_del_territorio","src":"https:\/\/i0.wp.com\/farm9.staticflickr.com\/8015\/7471780246_a9836197dd_m.jpg?resize=350%2C200","width":350,"height":200},"classes":[]},{"id":431,"url":"https:\/\/alpoma.net\/carto\/?p=431","url_meta":{"origin":56,"position":3},"title":"Termograf\u00eda","author":"alpoma","date":"noviembre 13, 2007","format":false,"excerpt":"Ramiro \u00c1lvarez Clavero, investigador del Servicio de Teledetecci\u00f3n de la Universidad de Vigo (CACTI), cuenta en su laboratorio con unos \"juguetes\" de lo m\u00e1s interesante, una tecnolog\u00eda novedosa que est\u00e1 llamada a decir y hacer mucho en el futuro de la teledetecci\u00f3n. Me refiero a la termograf\u00eda infrarroja, conjunto de\u2026","rel":"","context":"En \u00abEn l\u00ednea\u00bb","block_context":{"text":"En l\u00ednea","link":"https:\/\/alpoma.net\/carto\/?cat=5"},"img":{"alt_text":"","src":"https:\/\/i0.wp.com\/alpoma.net\/carto\/wp-content\/uploads\/2007\/11\/2005094354_006fec1366_o.jpg?resize=350%2C200&ssl=1","width":350,"height":200,"srcset":"https:\/\/i0.wp.com\/alpoma.net\/carto\/wp-content\/uploads\/2007\/11\/2005094354_006fec1366_o.jpg?resize=350%2C200&ssl=1 1x, https:\/\/i0.wp.com\/alpoma.net\/carto\/wp-content\/uploads\/2007\/11\/2005094354_006fec1366_o.jpg?resize=525%2C300&ssl=1 1.5x"},"classes":[]},{"id":1576,"url":"https:\/\/alpoma.net\/carto\/?p=1576","url_meta":{"origin":56,"position":4},"title":"Gu\u00eda Did\u00e1ctica de Teledetecci\u00f3n y Medio Ambiente","author":"alpoma","date":"abril 26, 2010","format":false,"excerpt":"La Asociaci\u00f3n Espa\u00f1ola de Teledetecci\u00f3n dispone para su descarga de un documento de sumo inter\u00e9s. Se trata de un archivo de 67 p\u00e1ginas, en el que han actuado como editories Javier Mart\u00ednez Vega y M. Pilar Mart\u00edn Isabel y cuya descarga, lectura y disfrute recomiendo vivamente: Esta gu\u00eda did\u00e1ctica de\u2026","rel":"","context":"En \u00abEn l\u00ednea\u00bb","block_context":{"text":"En l\u00ednea","link":"https:\/\/alpoma.net\/carto\/?cat=5"},"img":{"alt_text":"Portada","src":"https:\/\/i0.wp.com\/farm5.static.flickr.com\/4010\/4554203941_5c5b273edb_o.jpg?resize=350%2C200","width":350,"height":200},"classes":[]},{"id":675,"url":"https:\/\/alpoma.net\/carto\/?p=675","url_meta":{"origin":56,"position":5},"title":"Proyecto SANCHO de teledetecci\u00f3n aerost\u00e1tica","author":"alpoma","date":"octubre 18, 2008","format":false,"excerpt":"A lo largo de la semana he recibido algunas noticias de sumo inter\u00e9s, gracias a la lista de correo sobre teledetecci\u00f3n de RedIris, acerca de proyectos de los que no ten\u00eda informaci\u00f3n hasta ahora y que han llamado poderosamente mi atenci\u00f3n. Entre ellos, selecciono aqu\u00ed un proyecto de teledetecci\u00f3n aerost\u00e1tica:\u2026","rel":"","context":"En \u00abTeledetecci\u00f3n\u00bb","block_context":{"text":"Teledetecci\u00f3n","link":"https:\/\/alpoma.net\/carto\/?cat=3"},"img":{"alt_text":"","src":"","width":0,"height":0},"classes":[]}],"jetpack_sharing_enabled":true,"_links":{"self":[{"href":"https:\/\/alpoma.net\/carto\/index.php?rest_route=\/wp\/v2\/posts\/56","targetHints":{"allow":["GET"]}}],"collection":[{"href":"https:\/\/alpoma.net\/carto\/index.php?rest_route=\/wp\/v2\/posts"}],"about":[{"href":"https:\/\/alpoma.net\/carto\/index.php?rest_route=\/wp\/v2\/types\/post"}],"author":[{"embeddable":true,"href":"https:\/\/alpoma.net\/carto\/index.php?rest_route=\/wp\/v2\/users\/1"}],"replies":[{"embeddable":true,"href":"https:\/\/alpoma.net\/carto\/index.php?rest_route=%2Fwp%2Fv2%2Fcomments&post=56"}],"version-history":[{"count":0,"href":"https:\/\/alpoma.net\/carto\/index.php?rest_route=\/wp\/v2\/posts\/56\/revisions"}],"wp:attachment":[{"href":"https:\/\/alpoma.net\/carto\/index.php?rest_route=%2Fwp%2Fv2%2Fmedia&parent=56"}],"wp:term":[{"taxonomy":"category","embeddable":true,"href":"https:\/\/alpoma.net\/carto\/index.php?rest_route=%2Fwp%2Fv2%2Fcategories&post=56"},{"taxonomy":"post_tag","embeddable":true,"href":"https:\/\/alpoma.net\/carto\/index.php?rest_route=%2Fwp%2Fv2%2Ftags&post=56"}],"curies":[{"name":"wp","href":"https:\/\/api.w.org\/{rel}","templated":true}]}}