{"id":558,"date":"2008-06-13T21:15:37","date_gmt":"2008-06-13T19:15:37","guid":{"rendered":"http:\/\/alpoma.net\/carto\/?p=558"},"modified":"2008-06-13T21:19:19","modified_gmt":"2008-06-13T19:19:19","slug":"plano-de-la-expo-de-zaragoza","status":"publish","type":"post","link":"https:\/\/alpoma.net\/carto\/?p=558","title":{"rendered":"Plano de la Expo de Zaragoza"},"content":{"rendered":"<p>Ahora que est\u00e1 a punto de comenzar la fiesta del agua, la <strong><a href=\"http:\/\/www.expozaragoza2008.es\/\">Expo\u00b408 de Zaragoza<\/a><\/strong>, nada mejor que un <strong>plano del recinto <\/strong>para celebrar el acontecimiento:<\/p>\n<p><strong><a href=\"http:\/\/farm4.static.flickr.com\/3067\/2576247372_57688a40ef_o.gif\">| Ver plano ampliado |<\/a><\/strong><br \/>\n<img decoding=\"async\" src=\"http:\/\/farm4.static.flickr.com\/3067\/2576247372_8dba11df91.jpg\" alt=\"img\" class=\"otros\"\/><\/p>\n<p><strong>Fuente<\/strong>: <a href=\"http:\/\/www.elperiodicodearagon.com\/especiales\/expo2008\/documentos.asp\" class=\"enlaces\">El Peri\u00f3dico de Arag\u00f3n<\/a><br \/>\n<strong>Informaci\u00f3n complementaria<\/strong>: <a href=\"http:\/\/www.elperiodicodearagon.com\/especiales\/expo2008_cuenta\/default.asp\" class=\"enlaces\">Especial de El Peri\u00f3dico de Arag\u00f3n sobre la Expo en formato PDF<\/a>.<\/p>\n","protected":false},"excerpt":{"rendered":"<div class=\"mh-excerpt\"><p>Ahora que est\u00e1 a punto de comenzar la fiesta del agua, la Expo\u00b408 de Zaragoza, nada mejor que un plano del recinto para celebrar el <a class=\"mh-excerpt-more\" href=\"https:\/\/alpoma.net\/carto\/?p=558\" title=\"Plano de la Expo de Zaragoza\">[&#8230;]<\/a><\/p>\n<\/div>","protected":false},"author":1,"featured_media":4810,"comment_status":"open","ping_status":"open","sticky":false,"template":"","format":"standard","meta":{"jetpack_post_was_ever_published":false,"_jetpack_newsletter_access":"","_jetpack_dont_email_post_to_subs":false,"_jetpack_newsletter_tier_id":0,"_jetpack_memberships_contains_paywalled_content":false,"_jetpack_memberships_contains_paid_content":false,"footnotes":""},"categories":[9,5],"tags":[],"class_list":["post-558","post","type-post","status-publish","format-standard","has-post-thumbnail","hentry","category-cartografia","category-en-linea"],"jetpack_featured_media_url":"https:\/\/alpoma.net\/carto\/wp-content\/uploads\/2008\/06\/2576247372_8dba11df91.jpg","jetpack_shortlink":"https:\/\/wp.me\/p93Co9-90","jetpack-related-posts":[{"id":409,"url":"https:\/\/alpoma.net\/carto\/?p=409","url_meta":{"origin":558,"position":0},"title":"Plano de la Red Ferroviaria Integrada de Madrid","author":"alpoma","date":"septiembre 5, 2007","format":false,"excerpt":"Dado que el plano oficial de la red de metro madrile\u00f1a no tiene muchos amigos, ha surgido una iniciativa de gran inter\u00e9s, encaminada a lograr un plano verdaderamente funcional que todo el mundo pueda utilizar sin problemas. As\u00ed, ha nacido el Plano de la Red Ferroviaria Integrada de Madrid, dise\u00f1ado\u2026","rel":"","context":"En \u00abCartograf\u00eda\u00bb","block_context":{"text":"Cartograf\u00eda","link":"https:\/\/alpoma.net\/carto\/?cat=9"},"img":{"alt_text":"","src":"","width":0,"height":0},"classes":[]},{"id":313,"url":"https:\/\/alpoma.net\/carto\/?p=313","url_meta":{"origin":558,"position":1},"title":"Plano-Gu\u00eda de la Villa de Guardo","author":"alpoma","date":"marzo 19, 2007","format":false,"excerpt":"En las \u00faltimas semanas he estado realizando un plano-gu\u00eda por encargo del Ayuntamiento de Guardo, en Palencia, que pr\u00f3ximamente ser\u00e1 editado en papel. Aqu\u00ed est\u00e1 el resultado... ;) (Puede descargarse en PDF para imprenta, 19Mb PDF desde la web del Ayto. de Guardo). | Ampliar plano |","rel":"","context":"En \u00abCartograf\u00eda\u00bb","block_context":{"text":"Cartograf\u00eda","link":"https:\/\/alpoma.net\/carto\/?cat=9"},"img":{"alt_text":"","src":"https:\/\/i0.wp.com\/alpoma.net\/carto\/wp-content\/uploads\/2007\/03\/426600775_63ab7f2812.jpg?resize=350%2C200&ssl=1","width":350,"height":200},"classes":[]},{"id":6216,"url":"https:\/\/alpoma.net\/carto\/?p=6216","url_meta":{"origin":558,"position":2},"title":"Un plano del siglo IX","author":"alpoma","date":"septiembre 7, 2015","format":false,"excerpt":"Le\u00eda all\u00e1 a finales de julio con asombro acerca de cierto plano de arquitect\u00f3nico que data de principios del siglo IX gracias a una anotaci\u00f3n publicada en NosoloSIG. Se afirma ah\u00ed que, muy posiblemente, se trate del plano m\u00e1s antiguo de entre los conservados actualmente. Seguramente lo sea, al menos\u2026","rel":"","context":"En \u00abViejos mapas\u00bb","block_context":{"text":"Viejos mapas","link":"https:\/\/alpoma.net\/carto\/?cat=4"},"img":{"alt_text":"","src":"https:\/\/i0.wp.com\/alpoma.net\/carto\/wp-content\/uploads\/2015\/09\/saint_gall_cabecera_cartoteca.jpg?resize=350%2C200&ssl=1","width":350,"height":200,"srcset":"https:\/\/i0.wp.com\/alpoma.net\/carto\/wp-content\/uploads\/2015\/09\/saint_gall_cabecera_cartoteca.jpg?resize=350%2C200&ssl=1 1x, https:\/\/i0.wp.com\/alpoma.net\/carto\/wp-content\/uploads\/2015\/09\/saint_gall_cabecera_cartoteca.jpg?resize=525%2C300&ssl=1 1.5x, https:\/\/i0.wp.com\/alpoma.net\/carto\/wp-content\/uploads\/2015\/09\/saint_gall_cabecera_cartoteca.jpg?resize=700%2C400&ssl=1 2x"},"classes":[]},{"id":57,"url":"https:\/\/alpoma.net\/carto\/?p=57","url_meta":{"origin":558,"position":3},"title":"Los planos de la antigua Roma","author":"alpoma","date":"diciembre 28, 2005","format":false,"excerpt":"Los antiguos romanos eran excelentes ingenieros y arquitectos, de eso no hay duda, y tambi\u00e9n buenos conocedores de la importancia de la planificaci\u00f3n urbana. Naturalmente, para lograr un control adecuado de la Ciudad Eterna hab\u00eda que tener mapas. La mayor\u00eda de ellos se han perdido, sobre todo por estar realizados\u2026","rel":"","context":"En \u00abEn l\u00ednea\u00bb","block_context":{"text":"En l\u00ednea","link":"https:\/\/alpoma.net\/carto\/?cat=5"},"img":{"alt_text":"","src":"","width":0,"height":0},"classes":[]},{"id":352,"url":"https:\/\/alpoma.net\/carto\/?p=352","url_meta":{"origin":558,"position":4},"title":"Plano de las pistas de San Glorio","author":"alpoma","date":"junio 9, 2007","format":false,"excerpt":"Tres Provincias S.A. acaba de publicar el plano de las pistas de lo que, si se lleva a cabo como tienen pensado, constituir\u00e1 la Estaci\u00f3n Invernal de San Glorio, en las monta\u00f1as de Le\u00f3n y Palencia: Una vez concluida la \u00faltima fase de redacci\u00f3n correspondiente al Plan Director del Proyecto\u2026","rel":"","context":"En \u00abCartograf\u00eda\u00bb","block_context":{"text":"Cartograf\u00eda","link":"https:\/\/alpoma.net\/carto\/?cat=9"},"img":{"alt_text":"","src":"https:\/\/i0.wp.com\/alpoma.net\/carto\/wp-content\/uploads\/2007\/06\/537108261_b759358a97.jpg?resize=350%2C200&ssl=1","width":350,"height":200},"classes":[]},{"id":1441,"url":"https:\/\/alpoma.net\/carto\/?p=1441","url_meta":{"origin":558,"position":5},"title":"El \u00abmapa\u00bb del Rock","author":"alpoma","date":"marzo 10, 2010","format":false,"excerpt":"Hay que ver lo que puede dar de s\u00ed la idea de convertir la intrincada red de metro de Londres en un plano de sencilla lectura. Se le ocurri\u00f3 a Harry Beck en 1933 y, desde entonces, ha sido aplicada su idea pr\u00e1cticamente a todo lo que pueda imaginarse. He\u2026","rel":"","context":"En \u00abMiscel\u00e1nea\u00bb","block_context":{"text":"Miscel\u00e1nea","link":"https:\/\/alpoma.net\/carto\/?cat=1"},"img":{"alt_text":"","src":"https:\/\/i0.wp.com\/alpoma.net\/carto\/wp-content\/uploads\/2010\/03\/4422573566_f82ebf3c75.jpg?resize=350%2C200&ssl=1","width":350,"height":200},"classes":[]}],"jetpack_sharing_enabled":true,"_links":{"self":[{"href":"https:\/\/alpoma.net\/carto\/index.php?rest_route=\/wp\/v2\/posts\/558","targetHints":{"allow":["GET"]}}],"collection":[{"href":"https:\/\/alpoma.net\/carto\/index.php?rest_route=\/wp\/v2\/posts"}],"about":[{"href":"https:\/\/alpoma.net\/carto\/index.php?rest_route=\/wp\/v2\/types\/post"}],"author":[{"embeddable":true,"href":"https:\/\/alpoma.net\/carto\/index.php?rest_route=\/wp\/v2\/users\/1"}],"replies":[{"embeddable":true,"href":"https:\/\/alpoma.net\/carto\/index.php?rest_route=%2Fwp%2Fv2%2Fcomments&post=558"}],"version-history":[{"count":0,"href":"https:\/\/alpoma.net\/carto\/index.php?rest_route=\/wp\/v2\/posts\/558\/revisions"}],"wp:featuredmedia":[{"embeddable":true,"href":"https:\/\/alpoma.net\/carto\/index.php?rest_route=\/wp\/v2\/media\/4810"}],"wp:attachment":[{"href":"https:\/\/alpoma.net\/carto\/index.php?rest_route=%2Fwp%2Fv2%2Fmedia&parent=558"}],"wp:term":[{"taxonomy":"category","embeddable":true,"href":"https:\/\/alpoma.net\/carto\/index.php?rest_route=%2Fwp%2Fv2%2Fcategories&post=558"},{"taxonomy":"post_tag","embeddable":true,"href":"https:\/\/alpoma.net\/carto\/index.php?rest_route=%2Fwp%2Fv2%2Ftags&post=558"}],"curies":[{"name":"wp","href":"https:\/\/api.w.org\/{rel}","templated":true}]}}