{"id":547,"date":"2008-06-06T19:45:50","date_gmt":"2008-06-06T17:45:50","guid":{"rendered":"http:\/\/alpoma.net\/carto\/?p=547"},"modified":"2008-06-06T19:47:38","modified_gmt":"2008-06-06T17:47:38","slug":"servicio-de-seguimiento-de-la-demanda-de-energia-electrica","status":"publish","type":"post","link":"https:\/\/alpoma.net\/carto\/?p=547","title":{"rendered":"Servicio de seguimiento de la demanda de energ\u00eda el\u00e9ctrica"},"content":{"rendered":"<p>Gracias a este servicio de <strong>Red El\u00e9ctrica Espa\u00f1ola<\/strong>, se puede conocer en <em>tiempo real<\/em> la demanda y la estructura del consumo de energ\u00eda el\u00e9ctrica en todo el pa\u00eds:<\/p>\n<blockquote><p><img decoding=\"async\" src=\"http:\/\/farm4.static.flickr.com\/3158\/2556694792_8abdf598d9_o.gif\" alt=\"img\" class=\"dch\"\/>Red El\u00e9ctrica representa en estos gr\u00e1ficos la demanda de energ\u00eda que se est\u00e1 produciendo en el sistema el\u00e9ctrico peninsular en tiempo real. Incluyen datos, cada diez minutos, de la demanda real, prevista y programada as\u00ed como los valores de m\u00e1ximos y m\u00ednimos de la demanda diaria. Junto a las curvas, se representa informaci\u00f3n en detalle de las distintas tecnolog\u00edas de producci\u00f3n necesarias para cubrir tanto la demanda en tiempo real como la cantidad de energ\u00eda destinada a la exportaci\u00f3n y a los consumos en bombeo.<\/p><\/blockquote>\n<p><strong><br \/>\n<a href=\"http:\/\/www.ree.es\/operacion\/curvas_demanda.asp\" class=\"enlaces\">REE &#8211; Demanda de energ\u00eda en tiempo real<\/a><\/strong><\/p>\n<p>| V\u00eda  <a href=\"http:\/\/profeblog.es\/blog\/joseluis\/2008\/06\/06\/consumo-de-energia-en-tiempo-real\/\">Blog de Jos\u00e9 Luis Castillo<\/a> |<\/p>\n","protected":false},"excerpt":{"rendered":"<div class=\"mh-excerpt\"><p>Gracias a este servicio de Red El\u00e9ctrica Espa\u00f1ola, se puede conocer en tiempo real la demanda y la estructura del consumo de energ\u00eda el\u00e9ctrica en <a class=\"mh-excerpt-more\" href=\"https:\/\/alpoma.net\/carto\/?p=547\" title=\"Servicio de seguimiento de la demanda de energ\u00eda el\u00e9ctrica\">[&#8230;]<\/a><\/p>\n<\/div>","protected":false},"author":1,"featured_media":0,"comment_status":"open","ping_status":"open","sticky":false,"template":"","format":"standard","meta":{"jetpack_post_was_ever_published":false,"_jetpack_newsletter_access":"","_jetpack_dont_email_post_to_subs":false,"_jetpack_newsletter_tier_id":0,"_jetpack_memberships_contains_paywalled_content":false,"_jetpack_memberships_contains_paid_content":false,"footnotes":""},"categories":[5],"tags":[],"class_list":["post-547","post","type-post","status-publish","format-standard","hentry","category-en-linea"],"jetpack_featured_media_url":"","jetpack_shortlink":"https:\/\/wp.me\/p93Co9-8P","jetpack-related-posts":[{"id":3856,"url":"https:\/\/alpoma.net\/carto\/?p=3856","url_meta":{"origin":547,"position":0},"title":"Mapa \u00abQuiero mi Energ\u00eda\u00bb, del proyecto Huellasolar","author":"alpoma","date":"marzo 18, 2013","format":false,"excerpt":"He comentado ya en varias ocasiones lo que es y c\u00f3mo est\u00e1 evolucionando el proyecto Huellasolar. Hoy nos vuelve a visitar porque me acaban de pasar una novedad interesante sobre el mismo: Recientemente en Huellasolar se ha lanzado la iniciativa Quiero mi Energ\u00eda!, un mapa abierto y colaborativo que persigue\u2026","rel":"","context":"En \u00abEn l\u00ednea\u00bb","block_context":{"text":"En l\u00ednea","link":"https:\/\/alpoma.net\/carto\/?cat=5"},"img":{"alt_text":"huellasolar","src":"https:\/\/i0.wp.com\/alpoma.net\/carto\/wp-content\/uploads\/2013\/03\/huellasolar-150x150.png?resize=350%2C200","width":350,"height":200},"classes":[]},{"id":1552,"url":"https:\/\/alpoma.net\/carto\/?p=1552","url_meta":{"origin":547,"position":1},"title":"Eneropa","author":"alpoma","date":"abril 23, 2010","format":false,"excerpt":"Imagina un gran continente en el que la energ\u00eda es gestionada con eficacia. Imagina que en ese lugar las fuentes energ\u00e9ticas son todas ellas sostenibles y verdes, una regi\u00f3n donde las emisiones de di\u00f3xido de carbono han sido reducidas al m\u00ednimo. Piensa igualmente en una tierra en la que \u00fanicamente\u2026","rel":"","context":"En \u00abExperimentos\u00bb","block_context":{"text":"Experimentos","link":"https:\/\/alpoma.net\/carto\/?cat=10"},"img":{"alt_text":"","src":"https:\/\/i0.wp.com\/alpoma.net\/carto\/wp-content\/uploads\/2010\/04\/4546472256_875ae658e3_o.jpg?resize=350%2C200&ssl=1","width":350,"height":200,"srcset":"https:\/\/i0.wp.com\/alpoma.net\/carto\/wp-content\/uploads\/2010\/04\/4546472256_875ae658e3_o.jpg?resize=350%2C200&ssl=1 1x, https:\/\/i0.wp.com\/alpoma.net\/carto\/wp-content\/uploads\/2010\/04\/4546472256_875ae658e3_o.jpg?resize=525%2C300&ssl=1 1.5x"},"classes":[]},{"id":579,"url":"https:\/\/alpoma.net\/carto\/?p=579","url_meta":{"origin":547,"position":2},"title":"Mapa de la red de transporte de energ\u00eda el\u00e9ctrica espa\u00f1ola","author":"alpoma","date":"julio 10, 2008","format":false,"excerpt":"Red El\u00e9ctrica Espa\u00f1ola pone a disposici\u00f3n de toda persona interesada el mapa completo de la red de l\u00edneas el\u00e9ctricas de Espa\u00f1a a escala 1:1.000.000 gracias a 36 documentos PDF en que se ha dividido todo el territorio nacional, o bien, a trav\u00e9s de un \u00fanico documento PDF que abarca el\u2026","rel":"","context":"En \u00abCartograf\u00eda\u00bb","block_context":{"text":"Cartograf\u00eda","link":"https:\/\/alpoma.net\/carto\/?cat=9"},"img":{"alt_text":"","src":"https:\/\/i0.wp.com\/alpoma.net\/carto\/wp-content\/uploads\/2008\/07\/2655053889_721d429d0d_o.jpg?resize=350%2C200&ssl=1","width":350,"height":200,"srcset":"https:\/\/i0.wp.com\/alpoma.net\/carto\/wp-content\/uploads\/2008\/07\/2655053889_721d429d0d_o.jpg?resize=350%2C200&ssl=1 1x, https:\/\/i0.wp.com\/alpoma.net\/carto\/wp-content\/uploads\/2008\/07\/2655053889_721d429d0d_o.jpg?resize=525%2C300&ssl=1 1.5x"},"classes":[]},{"id":958,"url":"https:\/\/alpoma.net\/carto\/?p=958","url_meta":{"origin":547,"position":3},"title":"ChartsBin, jugando con mapas y gr\u00e1ficos","author":"alpoma","date":"octubre 19, 2009","format":false,"excerpt":"ChartsBin re\u00fane una colecci\u00f3n creciente de experimentos, realizados con software libre, que juegan con la creaci\u00f3n de gr\u00e1ficos interactivos y mapas tem\u00e1ticos partiendo de tablas estad\u00edsticas. A modo de ejemplo, he aqu\u00ed algunas muestras de lo que han realizado hasta ahora. Generaci\u00f3n de energ\u00eda el\u00e9ctrica procedente de reactores nucleares por\u2026","rel":"","context":"En \u00abExperimentos\u00bb","block_context":{"text":"Experimentos","link":"https:\/\/alpoma.net\/carto\/?cat=10"},"img":{"alt_text":"","src":"","width":0,"height":0},"classes":[]},{"id":683,"url":"https:\/\/alpoma.net\/carto\/?p=683","url_meta":{"origin":547,"position":4},"title":"Cartografiando los mercados","author":"alpoma","date":"octubre 27, 2008","format":false,"excerpt":"Ahora que las bolsas de todo el planeta est\u00e1n pasando por malos momentos, la representaci\u00f3n de datos financieros y de mercados de todo tipo van encontrando nueva demanda y aplicaciones. Por ejemplo, he aqu\u00ed la propuesta de finviz.com, espacio dedicado a cartografiar y representar todo tipo de datos de bolsa\u2026","rel":"","context":"En \u00abCartograf\u00eda\u00bb","block_context":{"text":"Cartograf\u00eda","link":"https:\/\/alpoma.net\/carto\/?cat=9"},"img":{"alt_text":"","src":"https:\/\/i0.wp.com\/alpoma.net\/carto\/wp-content\/uploads\/2008\/10\/world_small1054.png?resize=350%2C200&ssl=1","width":350,"height":200},"classes":[]},{"id":299,"url":"https:\/\/alpoma.net\/carto\/?p=299","url_meta":{"origin":547,"position":5},"title":"III Jornada de Cartograf\u00eda de Castilla y Le\u00f3n","author":"alpoma","date":"enero 28, 2007","format":false,"excerpt":"El pr\u00f3ximo 7 de Febrero, en Valladolid, se celebrar\u00e1 la III Jornada de Cartograf\u00eda de Castilla y Le\u00f3n, en el Museo de la Ciencia y con la participaci\u00f3n de Pedro Duque. Espero estar all\u00ed, aunque dada la cr\u00f3nica escasez de tiempo que tengo \u00faltimamente, no s\u00e9 si podr\u00e1 ser posible\u2026","rel":"","context":"En \u00abMiscel\u00e1nea\u00bb","block_context":{"text":"Miscel\u00e1nea","link":"https:\/\/alpoma.net\/carto\/?cat=1"},"img":{"alt_text":"cartel_carto2","src":"https:\/\/i0.wp.com\/farm1.static.flickr.com\/184\/372184698_3e12c21a72_o.png?resize=350%2C200","width":350,"height":200},"classes":[]}],"jetpack_sharing_enabled":true,"_links":{"self":[{"href":"https:\/\/alpoma.net\/carto\/index.php?rest_route=\/wp\/v2\/posts\/547","targetHints":{"allow":["GET"]}}],"collection":[{"href":"https:\/\/alpoma.net\/carto\/index.php?rest_route=\/wp\/v2\/posts"}],"about":[{"href":"https:\/\/alpoma.net\/carto\/index.php?rest_route=\/wp\/v2\/types\/post"}],"author":[{"embeddable":true,"href":"https:\/\/alpoma.net\/carto\/index.php?rest_route=\/wp\/v2\/users\/1"}],"replies":[{"embeddable":true,"href":"https:\/\/alpoma.net\/carto\/index.php?rest_route=%2Fwp%2Fv2%2Fcomments&post=547"}],"version-history":[{"count":0,"href":"https:\/\/alpoma.net\/carto\/index.php?rest_route=\/wp\/v2\/posts\/547\/revisions"}],"wp:attachment":[{"href":"https:\/\/alpoma.net\/carto\/index.php?rest_route=%2Fwp%2Fv2%2Fmedia&parent=547"}],"wp:term":[{"taxonomy":"category","embeddable":true,"href":"https:\/\/alpoma.net\/carto\/index.php?rest_route=%2Fwp%2Fv2%2Fcategories&post=547"},{"taxonomy":"post_tag","embeddable":true,"href":"https:\/\/alpoma.net\/carto\/index.php?rest_route=%2Fwp%2Fv2%2Ftags&post=547"}],"curies":[{"name":"wp","href":"https:\/\/api.w.org\/{rel}","templated":true}]}}