{"id":543,"date":"2008-06-03T18:35:50","date_gmt":"2008-06-03T16:35:50","guid":{"rendered":"http:\/\/alpoma.net\/carto\/?p=543"},"modified":"2008-06-03T18:44:56","modified_gmt":"2008-06-03T16:44:56","slug":"mapa-de-la-campana-del-sahara","status":"publish","type":"post","link":"https:\/\/alpoma.net\/carto\/?p=543","title":{"rendered":"Mapa de la Campa\u00f1a del S\u00e1hara"},"content":{"rendered":"<p>Hoy toca algo personal. Visita <em>La Cartoteca<\/em> mi \u00faltimo trabajo, un mapa\/infograf\u00eda realizado para el \u00faltimo libro de Carlos Canales, <strong><a href=\"http:\/\/www.ristre.com\/ristre\/LIBsah.html\">editado por Ristre Multimedia<\/a><\/strong>. Se trata de una <strong>vista resumen<\/strong> de algunas de las operaciones de la Guerra del S\u00e1hara<sup>1<\/sup>:<\/p>\n<blockquote><p><strong>La Campa\u00f1a del S\u00e1hara (1957-58). Una dura lecci\u00f3n en el desierto.<\/strong><\/p>\n<p><img decoding=\"async\" src=\"http:\/\/farm4.static.flickr.com\/3008\/2547980399_9e84dc20f1_m.jpg\" alt=\"img\" class=\"izda\"\/>Entre noviembre de 1957 y la primavera de 1958, Espa\u00f1a libr\u00f3 en su provincia del S\u00e1hara, una de las campa\u00f1as m\u00e1s desconocidas y olvidadas de su historia. Se trato de una serie de acciones de limpieza coordinadas con Francia que ten\u00edan como objetivo la expulsi\u00f3n de las bandas armadas que infestaban el territorio y su pacificaci\u00f3n y control por las autoridades espa\u00f1olas. El enemigo estaba formado por hombres que conoc\u00edan el terreno, bien armados y organizados y derrotarlos exigi\u00f3 a las tropas espa\u00f1olas un duro esfuerzo que puso a prueba las capacidades reales del Ej\u00e9rcito Espa\u00f1ol de la \u00e9poca, cargado de problemas y muy limitado, pero que puso todo su empe\u00f1o y voluntad en lograr el cumplimiento de su misi\u00f3n.<\/p>\n<p>A diferencia de lo que ocurri\u00f3 en Ifni, en el S\u00e1hara en el territorio al Sur del paralelo 27\u00ba 40\u2019 se cont\u00f3 con ayuda francesa y de la campa\u00f1a se obtuvieron importantes experiencias que en los a\u00f1os siguientes dotaron al ej\u00e9rcito espa\u00f1ol de una moderna doctrina de guerra en el desierto.<\/p><\/blockquote>\n<p><strong><a href=\"http:\/\/farm4.static.flickr.com\/3042\/2547578681_e5e21828d1_o.jpg\">| Ver ampliado |<\/a><\/strong><br \/>\n<img decoding=\"async\" src=\"http:\/\/farm4.static.flickr.com\/3042\/2547578681_7f4a8d887e.jpg\" alt=\"img\" class=\"otros\"\/><\/p>\n<p>______<br \/>\n<sup>1<\/sup> He tratado de mejorar anteriores mapas que trataban el tema, por ejemplo los trabajos sobre datos de la misma editorial publicados por <em>El Mundo<\/em>. Lo m\u00e1s novedoso en este caso ha sido mi intenci\u00f3n de incluir una vista \u00abtridimensional\u00bb de la regi\u00f3n norte para resaltar los movimientos de las agrupaciones, los bombardeos y los asaltos de los paracaidistas. <\/p>\n","protected":false},"excerpt":{"rendered":"<div class=\"mh-excerpt\"><p>Hoy toca algo personal. Visita La Cartoteca mi \u00faltimo trabajo, un mapa\/infograf\u00eda realizado para el \u00faltimo libro de Carlos Canales, editado por Ristre Multimedia. Se <a class=\"mh-excerpt-more\" href=\"https:\/\/alpoma.net\/carto\/?p=543\" title=\"Mapa de la Campa\u00f1a del S\u00e1hara\">[&#8230;]<\/a><\/p>\n<\/div>","protected":false},"author":1,"featured_media":4681,"comment_status":"open","ping_status":"open","sticky":false,"template":"","format":"standard","meta":{"jetpack_post_was_ever_published":false,"_jetpack_newsletter_access":"","_jetpack_dont_email_post_to_subs":false,"_jetpack_newsletter_tier_id":0,"_jetpack_memberships_contains_paywalled_content":false,"_jetpack_memberships_contains_paid_content":false,"footnotes":""},"categories":[9],"tags":[],"class_list":["post-543","post","type-post","status-publish","format-standard","has-post-thumbnail","hentry","category-cartografia"],"jetpack_featured_media_url":"https:\/\/alpoma.net\/carto\/wp-content\/uploads\/2008\/06\/2547980399_9e84dc20f1_m.jpg","jetpack_shortlink":"https:\/\/wp.me\/p93Co9-8L","jetpack-related-posts":[{"id":7899,"url":"https:\/\/alpoma.net\/carto\/?p=7899","url_meta":{"origin":543,"position":0},"title":"El legado del ingenio &#8211; 365 grandes inventos espa\u00f1oles","author":"alpoma","date":"octubre 18, 2025","format":false,"excerpt":"Bien, no es este un tema de los que suelo tratar en La Cartoteca, pero como es un libro que acabo de publicar, creo que bien merece recordar aqu\u00ed lo que ya coment\u00e9 en mi blog personal. ;-) Hace dos a\u00f1os publiqu\u00e9, gracias a una peque\u00f1a campa\u00f1a de crowdfunding en\u2026","rel":"","context":"En \u00abMiscel\u00e1nea\u00bb","block_context":{"text":"Miscel\u00e1nea","link":"https:\/\/alpoma.net\/carto\/?cat=1"},"img":{"alt_text":"","src":"https:\/\/i0.wp.com\/alpoma.net\/carto\/wp-content\/uploads\/2025\/10\/verkami_a1b19628e08eec1613c227c2be2757db.jpg?resize=350%2C200&ssl=1","width":350,"height":200,"srcset":"https:\/\/i0.wp.com\/alpoma.net\/carto\/wp-content\/uploads\/2025\/10\/verkami_a1b19628e08eec1613c227c2be2757db.jpg?resize=350%2C200&ssl=1 1x, https:\/\/i0.wp.com\/alpoma.net\/carto\/wp-content\/uploads\/2025\/10\/verkami_a1b19628e08eec1613c227c2be2757db.jpg?resize=525%2C300&ssl=1 1.5x, https:\/\/i0.wp.com\/alpoma.net\/carto\/wp-content\/uploads\/2025\/10\/verkami_a1b19628e08eec1613c227c2be2757db.jpg?resize=700%2C400&ssl=1 2x"},"classes":[]},{"id":7024,"url":"https:\/\/alpoma.net\/carto\/?p=7024","url_meta":{"origin":543,"position":1},"title":"Un mapa de la Atl\u00e1ntida","author":"alpoma","date":"junio 4, 2018","format":false,"excerpt":"Me atrevo a decir que, de todas las historias sobre continentes perdidos, islas desaparecidas y dem\u00e1s mitos geogr\u00e1ficos, uno de ellos sobresale por encima del resto: la Atl\u00e1ntida. Es incre\u00edble la gran cantidad de art\u00edculos, libros, pel\u00edculas, programas de televisi\u00f3n, radio y similares que se han creado en torno a\u2026","rel":"","context":"En \u00abViejos mapas\u00bb","block_context":{"text":"Viejos mapas","link":"https:\/\/alpoma.net\/carto\/?cat=4"},"img":{"alt_text":"","src":"https:\/\/i0.wp.com\/alpoma.net\/carto\/wp-content\/uploads\/2018\/06\/atlantida-map-detalle.jpg?resize=350%2C200&ssl=1","width":350,"height":200,"srcset":"https:\/\/i0.wp.com\/alpoma.net\/carto\/wp-content\/uploads\/2018\/06\/atlantida-map-detalle.jpg?resize=350%2C200&ssl=1 1x, https:\/\/i0.wp.com\/alpoma.net\/carto\/wp-content\/uploads\/2018\/06\/atlantida-map-detalle.jpg?resize=525%2C300&ssl=1 1.5x, https:\/\/i0.wp.com\/alpoma.net\/carto\/wp-content\/uploads\/2018\/06\/atlantida-map-detalle.jpg?resize=700%2C400&ssl=1 2x, https:\/\/i0.wp.com\/alpoma.net\/carto\/wp-content\/uploads\/2018\/06\/atlantida-map-detalle.jpg?resize=1050%2C600&ssl=1 3x"},"classes":[]},{"id":7624,"url":"https:\/\/alpoma.net\/carto\/?p=7624","url_meta":{"origin":543,"position":2},"title":"Portfolio fotogr\u00e1fico de Espa\u00f1a (1910-1915)","author":"alpoma","date":"febrero 4, 2020","format":false,"excerpt":"En la Barcelona de principios del siglo XX, al editor Alberto Mart\u00edn y a Ceferino Rocafort, que hab\u00eda participado en varios proyectos cartogr\u00e1ficos sobre las regiones espa\u00f1olas, se les ocurri\u00f3 una idea de negocio interesante. Los atlas nacionales estaban de moda y las grandes enciclopedias tambi\u00e9n, pero aunque en muchas\u2026","rel":"","context":"En \u00abViejos mapas\u00bb","block_context":{"text":"Viejos mapas","link":"https:\/\/alpoma.net\/carto\/?cat=4"},"img":{"alt_text":"","src":"https:\/\/i0.wp.com\/alpoma.net\/carto\/wp-content\/uploads\/2020\/02\/lam-leon-563.png?resize=350%2C200&ssl=1","width":350,"height":200,"srcset":"https:\/\/i0.wp.com\/alpoma.net\/carto\/wp-content\/uploads\/2020\/02\/lam-leon-563.png?resize=350%2C200&ssl=1 1x, https:\/\/i0.wp.com\/alpoma.net\/carto\/wp-content\/uploads\/2020\/02\/lam-leon-563.png?resize=525%2C300&ssl=1 1.5x, https:\/\/i0.wp.com\/alpoma.net\/carto\/wp-content\/uploads\/2020\/02\/lam-leon-563.png?resize=700%2C400&ssl=1 2x"},"classes":[]},{"id":7874,"url":"https:\/\/alpoma.net\/carto\/?p=7874","url_meta":{"origin":543,"position":3},"title":"El cosm\u00f3grafo Alonso de Santa Cruz y los mapas secretos","author":"alpoma","date":"junio 24, 2024","format":false,"excerpt":"Alonso de Santa Cruz, nacido en Sevilla en 1505, pas\u00f3 media vida creando mapas y es un caso sobresaliente por ser un adelantado en varios campos, aunque hoy en d\u00eda apenas se le recuerde. Adem\u00e1s de las obras hist\u00f3ricas que public\u00f3, su trabajo era el de cosm\u00f3grafo, que era la\u2026","rel":"","context":"En \u00abViejos mapas\u00bb","block_context":{"text":"Viejos mapas","link":"https:\/\/alpoma.net\/carto\/?cat=4"},"img":{"alt_text":"","src":"https:\/\/i0.wp.com\/alpoma.net\/carto\/wp-content\/uploads\/2024\/06\/a2.png?resize=350%2C200&ssl=1","width":350,"height":200,"srcset":"https:\/\/i0.wp.com\/alpoma.net\/carto\/wp-content\/uploads\/2024\/06\/a2.png?resize=350%2C200&ssl=1 1x, https:\/\/i0.wp.com\/alpoma.net\/carto\/wp-content\/uploads\/2024\/06\/a2.png?resize=525%2C300&ssl=1 1.5x"},"classes":[]},{"id":6315,"url":"https:\/\/alpoma.net\/carto\/?p=6315","url_meta":{"origin":543,"position":4},"title":"El tiempo, un d\u00eda cualquiera de 1936&#8230;","author":"alpoma","date":"noviembre 5, 2015","format":false,"excerpt":"No es un mapa especialmente atractivo, ni siquiera intuitivo, no es m\u00e1s que un ejercicio de did\u00e1ctica de la geograf\u00eda para la escuela nacido en un d\u00eda perdido en el infausto a\u00f1o de 1936 y, sin embargo, es entra\u00f1able y encantador. Me refiero a esta peque\u00f1a joya... Extra\u00eddo de Escuelas\u2026","rel":"","context":"En \u00abViejos mapas\u00bb","block_context":{"text":"Viejos mapas","link":"https:\/\/alpoma.net\/carto\/?cat=4"},"img":{"alt_text":"","src":"https:\/\/i0.wp.com\/alpoma.net\/carto\/wp-content\/uploads\/2015\/11\/meteo_1936_cartoteca.jpg?resize=350%2C200&ssl=1","width":350,"height":200},"classes":[]},{"id":6769,"url":"https:\/\/alpoma.net\/carto\/?p=6769","url_meta":{"origin":543,"position":5},"title":"Libros sobre mapas para regalar (o regalarte)","author":"alpoma","date":"diciembre 15, 2017","format":false,"excerpt":"Hace unos d\u00edas, en un intercambio de mensajes en Twitter en el que particip\u00e9, se mencionaron diversos libros sobre mapas, o geograf\u00eda, que podr\u00edan ser interesantes como regalo. Hoy he revisado por encima algunos de ellos (los que tengo en mi biblioteca, a mano) y he creado una lista de\u2026","rel":"","context":"En \u00abMiscel\u00e1nea\u00bb","block_context":{"text":"Miscel\u00e1nea","link":"https:\/\/alpoma.net\/carto\/?cat=1"},"img":{"alt_text":"","src":"https:\/\/i0.wp.com\/alpoma.net\/carto\/wp-content\/uploads\/2017\/12\/paisesnoexst-300x228.jpg?resize=350%2C200","width":350,"height":200},"classes":[]}],"jetpack_sharing_enabled":true,"_links":{"self":[{"href":"https:\/\/alpoma.net\/carto\/index.php?rest_route=\/wp\/v2\/posts\/543","targetHints":{"allow":["GET"]}}],"collection":[{"href":"https:\/\/alpoma.net\/carto\/index.php?rest_route=\/wp\/v2\/posts"}],"about":[{"href":"https:\/\/alpoma.net\/carto\/index.php?rest_route=\/wp\/v2\/types\/post"}],"author":[{"embeddable":true,"href":"https:\/\/alpoma.net\/carto\/index.php?rest_route=\/wp\/v2\/users\/1"}],"replies":[{"embeddable":true,"href":"https:\/\/alpoma.net\/carto\/index.php?rest_route=%2Fwp%2Fv2%2Fcomments&post=543"}],"version-history":[{"count":0,"href":"https:\/\/alpoma.net\/carto\/index.php?rest_route=\/wp\/v2\/posts\/543\/revisions"}],"wp:featuredmedia":[{"embeddable":true,"href":"https:\/\/alpoma.net\/carto\/index.php?rest_route=\/wp\/v2\/media\/4681"}],"wp:attachment":[{"href":"https:\/\/alpoma.net\/carto\/index.php?rest_route=%2Fwp%2Fv2%2Fmedia&parent=543"}],"wp:term":[{"taxonomy":"category","embeddable":true,"href":"https:\/\/alpoma.net\/carto\/index.php?rest_route=%2Fwp%2Fv2%2Fcategories&post=543"},{"taxonomy":"post_tag","embeddable":true,"href":"https:\/\/alpoma.net\/carto\/index.php?rest_route=%2Fwp%2Fv2%2Ftags&post=543"}],"curies":[{"name":"wp","href":"https:\/\/api.w.org\/{rel}","templated":true}]}}