{"id":540,"date":"2008-05-29T18:41:07","date_gmt":"2008-05-29T16:41:07","guid":{"rendered":"http:\/\/alpoma.net\/carto\/?p=540"},"modified":"2008-05-29T18:44:27","modified_gmt":"2008-05-29T16:44:27","slug":"convocatoria-presentacion-de-la-red-de-estaciones-gnss-de-castilla-y-leon","status":"publish","type":"post","link":"https:\/\/alpoma.net\/carto\/?p=540","title":{"rendered":"Convocatoria: Presentaci\u00f3n de la Red de Estaciones GNSS de Castilla y Le\u00f3n"},"content":{"rendered":"<p><strong>Atractivo evento para quien pueda estar en Valladolid el d\u00eda 11 de Junio<\/strong>:<\/p>\n<blockquote><p>La Presentaci\u00f3n  de la Red GNSS de Castilla y Le\u00f3n se realizar\u00e1 el d\u00eda 11 de junio de 2008 en Sal\u00f3n de Actos de la Consejer\u00eda de Agricultura de la Junta de Castilla y Le\u00f3n, <strong><a href=\"http:\/\/maps.google.es\/maps?f=q&#038;hl=es&#038;geocode=&#038;q=valladolid+C%2F+Rigoberto+Cortejoso,+14.+Valladolid&#038;sll=40.396764,-3.713379&#038;sspn=8.54772,15.666504&#038;ie=UTF8&#038;ll=41.654189,-4.741051&#038;spn=0.008193,0.015299&#038;t=h&#038;z=16&#038;iwloc=addr\" class=\"enlaces\">C\/ Rigoberto Cortejoso, 14. Valladolid<\/a><\/strong>.<\/p>\n<p>El evento est\u00e1 dise\u00f1ado para las Administraciones p\u00fablicas, empresas, t\u00e9cnicos y profesionales usuarios de equipos de navegaci\u00f3n por sat\u00e9lite GPS y otras ciencias afines como la cartograf\u00eda e informaci\u00f3n geogr\u00e1fica.  <\/p>\n<p>La Red GNSS de Castilla y Le\u00f3n, desarrollada por el Instituto Tecnol\u00f3gico Agrario de Castilla y Le\u00f3n, es una plataforma tecnol\u00f3gica compleja que proporciona la posibilidad de realizar mediciones topogr\u00e1ficas de gran precisi\u00f3n apoy\u00e1ndose en sistemas de navegaci\u00f3n por sat\u00e9lite. Gracias a la Red GNSS, los usuarios de instrumentos GPS espec\u00edficamente adaptados, pueden mejorar la precisi\u00f3n que ofrecen sus receptores.<\/p>\n<p>Mientras el sistema GPS convencional provee una precisi\u00f3n del orden de 5 metros, la conexi\u00f3n a la Red GNSS de Castilla y Le\u00f3n permite conseguir una gran mejora hasta el nivel de precisi\u00f3n de 1 cent\u00edmetro. Adem\u00e1s es la mayor red de la Pen\u00ednsula Ib\u00e9rica, siendo la \u00fanica actualmente que provee datos tanto de GPS como de la constelaci\u00f3n GLONASS simult\u00e1neamente, y est\u00e1 preparada para el futuro sistema europeo Galileo.<\/p><\/blockquote>\n<p><strong>M\u00e1s informaci\u00f3n<\/strong>: <a href=\"http:\/\/gnss.itacyl.es\/\" class=\"enlaces\">Red de estaciones GNSS de Castilla y Le\u00f3n <\/a><br \/>\n<em><br \/>\nPerspectiva general de la red<\/em><br \/>\n<img decoding=\"async\" src=\"http:\/\/farm4.static.flickr.com\/3119\/2533559103_5b0d7d3a11_o.jpg\" alt=\"img\" \/><\/p>\n","protected":false},"excerpt":{"rendered":"<div class=\"mh-excerpt\"><p>Atractivo evento para quien pueda estar en Valladolid el d\u00eda 11 de Junio: La Presentaci\u00f3n de la Red GNSS de Castilla y Le\u00f3n se realizar\u00e1 <a class=\"mh-excerpt-more\" href=\"https:\/\/alpoma.net\/carto\/?p=540\" title=\"Convocatoria: Presentaci\u00f3n de la Red de Estaciones GNSS de Castilla y Le\u00f3n\">[&#8230;]<\/a><\/p>\n<\/div>","protected":false},"author":1,"featured_media":4766,"comment_status":"open","ping_status":"open","sticky":false,"template":"","format":"standard","meta":{"jetpack_post_was_ever_published":false,"_jetpack_newsletter_access":"","_jetpack_dont_email_post_to_subs":false,"_jetpack_newsletter_tier_id":0,"_jetpack_memberships_contains_paywalled_content":false,"_jetpack_memberships_contains_paid_content":false,"footnotes":""},"categories":[1],"tags":[],"class_list":["post-540","post","type-post","status-publish","format-standard","has-post-thumbnail","hentry","category-general"],"jetpack_featured_media_url":"https:\/\/alpoma.net\/carto\/wp-content\/uploads\/2008\/05\/2533559103_5b0d7d3a11_o.jpg","jetpack_shortlink":"https:\/\/wp.me\/p93Co9-8I","jetpack-related-posts":[{"id":299,"url":"https:\/\/alpoma.net\/carto\/?p=299","url_meta":{"origin":540,"position":0},"title":"III Jornada de Cartograf\u00eda de Castilla y Le\u00f3n","author":"alpoma","date":"enero 28, 2007","format":false,"excerpt":"El pr\u00f3ximo 7 de Febrero, en Valladolid, se celebrar\u00e1 la III Jornada de Cartograf\u00eda de Castilla y Le\u00f3n, en el Museo de la Ciencia y con la participaci\u00f3n de Pedro Duque. Espero estar all\u00ed, aunque dada la cr\u00f3nica escasez de tiempo que tengo \u00faltimamente, no s\u00e9 si podr\u00e1 ser posible\u2026","rel":"","context":"En \u00abMiscel\u00e1nea\u00bb","block_context":{"text":"Miscel\u00e1nea","link":"https:\/\/alpoma.net\/carto\/?cat=1"},"img":{"alt_text":"cartel_carto2","src":"https:\/\/i0.wp.com\/farm1.static.flickr.com\/184\/372184698_3e12c21a72_o.png?resize=350%2C200","width":350,"height":200},"classes":[]},{"id":302,"url":"https:\/\/alpoma.net\/carto\/?p=302","url_meta":{"origin":540,"position":1},"title":"StereoWebMap","author":"alpoma","date":"febrero 8, 2007","format":false,"excerpt":"Uno de los \"descubrimientos\" m\u00e1s atractivos presentados en la III Jornada de Cartograf\u00eda de Castilla y Le\u00f3n, celebrada ayer en Valladolid, es el sistema StereoWebMap: StereoWebMap es un producto desarrollado por Sigrid y Acotel contando con la colaboraci\u00f3n de la agencia de inversiones y servicios de Castilla y Le\u00f3n ADE,\u2026","rel":"","context":"En \u00abCartograf\u00eda\u00bb","block_context":{"text":"Cartograf\u00eda","link":"https:\/\/alpoma.net\/carto\/?cat=9"},"img":{"alt_text":"Acotel","src":"https:\/\/i0.wp.com\/farm1.static.flickr.com\/138\/383940834_41d34068a8_m.jpg?resize=350%2C200","width":350,"height":200},"classes":[]},{"id":307,"url":"https:\/\/alpoma.net\/carto\/?p=307","url_meta":{"origin":540,"position":2},"title":"III Jornada de Cartografia de Castilla y Leon disponible en Internet","author":"alpoma","date":"febrero 20, 2007","format":false,"excerpt":"Tal y como se ha comunicado hoy mismo: En la direcci\u00f3n www.itacyl.es\/jornadacartografia ya se encuentran disponibles las conferencias de la III Jornada de Cartograf\u00eda de Castilla y Le\u00f3n, que se celebr\u00f3 en Valladolid el d\u00eda 7 de febrero de 2007. Se trata de im\u00e1genes de v\u00eddeo en sincron\u00eda con las\u2026","rel":"","context":"En \u00abEn l\u00ednea\u00bb","block_context":{"text":"En l\u00ednea","link":"https:\/\/alpoma.net\/carto\/?cat=5"},"img":{"alt_text":"","src":"","width":0,"height":0},"classes":[]},{"id":253,"url":"https:\/\/alpoma.net\/carto\/?p=253","url_meta":{"origin":540,"position":3},"title":"In Memoriam Jes\u00fas Garc\u00eda Fern\u00e1ndez","author":"alpoma","date":"septiembre 7, 2006","format":false,"excerpt":"Me han avisado hace poco del fallecimiento de un insigne ge\u00f3grafo, Jes\u00fas Garc\u00eda Fern\u00e1ndez, a quien tuve el honor de conocer en el Departamento de Geograf\u00eda de la Universidad de Valladolid. M\u00e1s adelante, cuando tenga m\u00e1s tiempo, procurar\u00e9 realizar una semblanza adecuada y un repaso bibliogr\u00e1fico de su obra. Sirva,\u2026","rel":"","context":"En \u00abGeograf\u00eda\u00bb","block_context":{"text":"Geograf\u00eda","link":"https:\/\/alpoma.net\/carto\/?cat=7"},"img":{"alt_text":"","src":"","width":0,"height":0},"classes":[]},{"id":429,"url":"https:\/\/alpoma.net\/carto\/?p=429","url_meta":{"origin":540,"position":4},"title":"MICODATA","author":"alpoma","date":"noviembre 3, 2007","format":false,"excerpt":"Acaba de abrirse en modo Beta, esto es, en pruebas, un proyecto muy atractivo llamado MICODATA, dedicado al estudio del aprovechamiento sostenible de los hongos comestibles en Castilla y Le\u00f3n. El proyecto, digido por el Centro de Investigaci\u00f3n Forestal Valonsadero y Cesefor de la Junta de Castilla y Le\u00f3n cuenta\u2026","rel":"","context":"En \u00abEn l\u00ednea\u00bb","block_context":{"text":"En l\u00ednea","link":"https:\/\/alpoma.net\/carto\/?cat=5"},"img":{"alt_text":"","src":"","width":0,"height":0},"classes":[]},{"id":1140,"url":"https:\/\/alpoma.net\/carto\/?p=1140","url_meta":{"origin":540,"position":5},"title":"El radar meteorol\u00f3gico de Castilla y Le\u00f3n vuelve a funcionar","author":"alpoma","date":"diciembre 9, 2009","format":false,"excerpt":"Lo he visto esta ma\u00f1ana en Televisi\u00f3n Castilla y Le\u00f3n y me ha interesado por dos motivos. Uno, como es l\u00f3gico, por ser castellano, sobre todo siendo adem\u00e1s Autilla del Pino el pueblo de mi madre. El segundo motivo es una pregunta que no hace m\u00e1s que rondarme la cabeza\u2026","rel":"","context":"En \u00abGeograf\u00eda\u00bb","block_context":{"text":"Geograf\u00eda","link":"https:\/\/alpoma.net\/carto\/?cat=7"},"img":{"alt_text":"","src":"","width":0,"height":0},"classes":[]}],"jetpack_sharing_enabled":true,"_links":{"self":[{"href":"https:\/\/alpoma.net\/carto\/index.php?rest_route=\/wp\/v2\/posts\/540","targetHints":{"allow":["GET"]}}],"collection":[{"href":"https:\/\/alpoma.net\/carto\/index.php?rest_route=\/wp\/v2\/posts"}],"about":[{"href":"https:\/\/alpoma.net\/carto\/index.php?rest_route=\/wp\/v2\/types\/post"}],"author":[{"embeddable":true,"href":"https:\/\/alpoma.net\/carto\/index.php?rest_route=\/wp\/v2\/users\/1"}],"replies":[{"embeddable":true,"href":"https:\/\/alpoma.net\/carto\/index.php?rest_route=%2Fwp%2Fv2%2Fcomments&post=540"}],"version-history":[{"count":0,"href":"https:\/\/alpoma.net\/carto\/index.php?rest_route=\/wp\/v2\/posts\/540\/revisions"}],"wp:featuredmedia":[{"embeddable":true,"href":"https:\/\/alpoma.net\/carto\/index.php?rest_route=\/wp\/v2\/media\/4766"}],"wp:attachment":[{"href":"https:\/\/alpoma.net\/carto\/index.php?rest_route=%2Fwp%2Fv2%2Fmedia&parent=540"}],"wp:term":[{"taxonomy":"category","embeddable":true,"href":"https:\/\/alpoma.net\/carto\/index.php?rest_route=%2Fwp%2Fv2%2Fcategories&post=540"},{"taxonomy":"post_tag","embeddable":true,"href":"https:\/\/alpoma.net\/carto\/index.php?rest_route=%2Fwp%2Fv2%2Ftags&post=540"}],"curies":[{"name":"wp","href":"https:\/\/api.w.org\/{rel}","templated":true}]}}