{"id":528,"date":"2008-05-03T22:40:22","date_gmt":"2008-05-03T20:40:22","guid":{"rendered":"http:\/\/alpoma.net\/carto\/?p=528"},"modified":"2008-05-03T22:45:37","modified_gmt":"2008-05-03T20:45:37","slug":"por-ambas-castillas","status":"publish","type":"post","link":"https:\/\/alpoma.net\/carto\/?p=528","title":{"rendered":"Por ambas Castillas"},"content":{"rendered":"<p>Acabo de finalizar la lectura, que por atractiva s\u00f3lo me ha ocupado esta tarde de s\u00e1bado, un delicioso libro del ge\u00f3grafo fallecido no hace mucho, <strong><a href=\"http:\/\/alpoma.net\/carto\/?p=253\">Don Jes\u00fas Garc\u00eda Fern\u00e1ndez<\/a><\/strong>, a quien tuve el gusto de conocer, en el que se recogen una serie de vivencias y relatos relacionados con su labor geogr\u00e1fica, experiencias sobre paisajes y<em> paisanajes<\/em> de la Espa\u00f1a profunda. Lo dicho, una lectura grata y plenamente recomendable que llenar\u00e1 con satisfacci\u00f3n cualquier tarde, ma\u00f1ana o noche de asueto.<\/p>\n<p><strong><a href=\"http:\/\/www.casadellibro.com\/fichas\/fichabiblio\/0,,2900001054216,00.html?codigo=2900001054216&#038;nombre=POR%20AMBAS%20CASTILLAS%3A%20MEMORIAS%20DE%20UN%20GEOGRAFO\" class=\"enlaces\">POR AMBAS CASTILLAS. MEMORIAS DE UN GE\u00d3GRAFO<\/a><\/strong><br \/>\n140 p\u00e1ginas &#8211; ISBN: 848183145X. ISBN-13: 9788481831450<\/p>\n","protected":false},"excerpt":{"rendered":"<div class=\"mh-excerpt\"><p>Acabo de finalizar la lectura, que por atractiva s\u00f3lo me ha ocupado esta tarde de s\u00e1bado, un delicioso libro del ge\u00f3grafo fallecido no hace mucho, <a class=\"mh-excerpt-more\" href=\"https:\/\/alpoma.net\/carto\/?p=528\" title=\"Por ambas Castillas\">[&#8230;]<\/a><\/p>\n<\/div>","protected":false},"author":1,"featured_media":0,"comment_status":"open","ping_status":"open","sticky":false,"template":"","format":"standard","meta":{"jetpack_post_was_ever_published":false,"_jetpack_newsletter_access":"","_jetpack_dont_email_post_to_subs":false,"_jetpack_newsletter_tier_id":0,"_jetpack_memberships_contains_paywalled_content":false,"_jetpack_memberships_contains_paid_content":false,"footnotes":""},"categories":[7],"tags":[],"class_list":["post-528","post","type-post","status-publish","format-standard","hentry","category-geografia"],"jetpack_featured_media_url":"","jetpack_shortlink":"https:\/\/wp.me\/p93Co9-8w","jetpack-related-posts":[{"id":253,"url":"https:\/\/alpoma.net\/carto\/?p=253","url_meta":{"origin":528,"position":0},"title":"In Memoriam Jes\u00fas Garc\u00eda Fern\u00e1ndez","author":"alpoma","date":"septiembre 7, 2006","format":false,"excerpt":"Me han avisado hace poco del fallecimiento de un insigne ge\u00f3grafo, Jes\u00fas Garc\u00eda Fern\u00e1ndez, a quien tuve el honor de conocer en el Departamento de Geograf\u00eda de la Universidad de Valladolid. M\u00e1s adelante, cuando tenga m\u00e1s tiempo, procurar\u00e9 realizar una semblanza adecuada y un repaso bibliogr\u00e1fico de su obra. Sirva,\u2026","rel":"","context":"En \u00abGeograf\u00eda\u00bb","block_context":{"text":"Geograf\u00eda","link":"https:\/\/alpoma.net\/carto\/?cat=7"},"img":{"alt_text":"","src":"","width":0,"height":0},"classes":[]},{"id":7024,"url":"https:\/\/alpoma.net\/carto\/?p=7024","url_meta":{"origin":528,"position":1},"title":"Un mapa de la Atl\u00e1ntida","author":"alpoma","date":"junio 4, 2018","format":false,"excerpt":"Me atrevo a decir que, de todas las historias sobre continentes perdidos, islas desaparecidas y dem\u00e1s mitos geogr\u00e1ficos, uno de ellos sobresale por encima del resto: la Atl\u00e1ntida. Es incre\u00edble la gran cantidad de art\u00edculos, libros, pel\u00edculas, programas de televisi\u00f3n, radio y similares que se han creado en torno a\u2026","rel":"","context":"En \u00abViejos mapas\u00bb","block_context":{"text":"Viejos mapas","link":"https:\/\/alpoma.net\/carto\/?cat=4"},"img":{"alt_text":"","src":"https:\/\/i0.wp.com\/alpoma.net\/carto\/wp-content\/uploads\/2018\/06\/atlantida-map-detalle.jpg?resize=350%2C200&ssl=1","width":350,"height":200,"srcset":"https:\/\/i0.wp.com\/alpoma.net\/carto\/wp-content\/uploads\/2018\/06\/atlantida-map-detalle.jpg?resize=350%2C200&ssl=1 1x, https:\/\/i0.wp.com\/alpoma.net\/carto\/wp-content\/uploads\/2018\/06\/atlantida-map-detalle.jpg?resize=525%2C300&ssl=1 1.5x, https:\/\/i0.wp.com\/alpoma.net\/carto\/wp-content\/uploads\/2018\/06\/atlantida-map-detalle.jpg?resize=700%2C400&ssl=1 2x, https:\/\/i0.wp.com\/alpoma.net\/carto\/wp-content\/uploads\/2018\/06\/atlantida-map-detalle.jpg?resize=1050%2C600&ssl=1 3x"},"classes":[]},{"id":202,"url":"https:\/\/alpoma.net\/carto\/?p=202","url_meta":{"origin":528,"position":2},"title":"Lugares esenciales&#8230;","author":"alpoma","date":"junio 4, 2006","format":false,"excerpt":"Subjetivas y, por definici\u00f3n incompletas, las listas de lugares interesantes son, no obstante, un punto de partida \u00fatil para cualquiera que busque nuevos objetivos en sus viajes. Matt Rosenberg est\u00e1 elaborando una lista con los lugares esenciales que cualquier ge\u00f3grafo, o cualquier persona interesada en nuestro planeta, debiera visitar. Adem\u00e1s,\u2026","rel":"","context":"En \u00abGeograf\u00eda\u00bb","block_context":{"text":"Geograf\u00eda","link":"https:\/\/alpoma.net\/carto\/?cat=7"},"img":{"alt_text":"","src":"","width":0,"height":0},"classes":[]},{"id":7786,"url":"https:\/\/alpoma.net\/carto\/?p=7786","url_meta":{"origin":528,"position":3},"title":"James Wyld y su \u00abGran Globo\u00bb","author":"alpoma","date":"febrero 3, 2023","format":false,"excerpt":"Ahora que en estos d\u00edas tengo en marcha una nueva campa\u00f1a en Kickstarter, en esta ocasi\u00f3n sobre un libro que recupera mapas de atlas escolares y familiares de la segunda mitad del siglo XIX, voy a recuperar la costumbre de realizar nuevas publicaciones en este blog, aunque sea temporalmente. El\u2026","rel":"","context":"En \u00abViejos mapas\u00bb","block_context":{"text":"Viejos mapas","link":"https:\/\/alpoma.net\/carto\/?cat=4"},"img":{"alt_text":"","src":"https:\/\/i0.wp.com\/alpoma.net\/carto\/wp-content\/uploads\/2023\/02\/geography-1880.jpg?resize=350%2C200&ssl=1","width":350,"height":200,"srcset":"https:\/\/i0.wp.com\/alpoma.net\/carto\/wp-content\/uploads\/2023\/02\/geography-1880.jpg?resize=350%2C200&ssl=1 1x, https:\/\/i0.wp.com\/alpoma.net\/carto\/wp-content\/uploads\/2023\/02\/geography-1880.jpg?resize=525%2C300&ssl=1 1.5x, https:\/\/i0.wp.com\/alpoma.net\/carto\/wp-content\/uploads\/2023\/02\/geography-1880.jpg?resize=700%2C400&ssl=1 2x"},"classes":[]},{"id":4288,"url":"https:\/\/alpoma.net\/carto\/?p=4288","url_meta":{"origin":528,"position":4},"title":"La cartilla de dibujo topogr\u00e1fico de Mart\u00edn Ferreiro","author":"alpoma","date":"junio 20, 2014","format":false,"excerpt":"Mart\u00edn Ferreiro y Peralta (1830-1896) fue un ge\u00f3grafo espa\u00f1ol que public\u00f3 diversas obras cartogr\u00e1ficas de gran inter\u00e9s (algunas de ellas pueden consultarse en la Biblioteca Nacional), mostrando gran atenci\u00f3n al detalle en el empleo de ilustraciones y gr\u00e1ficos en la ense\u00f1anza de la geograf\u00eda. Sus libros conten\u00edan primorosos dibujos y\u2026","rel":"","context":"En \u00abMiscel\u00e1nea\u00bb","block_context":{"text":"Miscel\u00e1nea","link":"https:\/\/alpoma.net\/carto\/?cat=1"},"img":{"alt_text":"ferreiro_fragmento","src":"https:\/\/i0.wp.com\/alpoma.net\/carto\/wp-content\/uploads\/2014\/06\/ferreira_fragmento-274x300.jpg?resize=350%2C200","width":350,"height":200},"classes":[]},{"id":740,"url":"https:\/\/alpoma.net\/carto\/?p=740","url_meta":{"origin":528,"position":5},"title":"La Galer\u00eda de Mapas del Vaticano","author":"alpoma","date":"diciembre 30, 2008","format":false,"excerpt":"Existe un lugar, de entre el gran n\u00famero de estancias y obras de arte de la Ciudad del Vaticano, que debe llamar especial atenci\u00f3n a los amantes de la cartograf\u00eda. Se trata de una gran sala abovedada que recibe el nombre de Galer\u00eda de Mapas debido a los cuarenta frescos\u2026","rel":"","context":"En \u00abLugares\u00bb","block_context":{"text":"Lugares","link":"https:\/\/alpoma.net\/carto\/?cat=11"},"img":{"alt_text":"","src":"https:\/\/i0.wp.com\/alpoma.net\/carto\/wp-content\/uploads\/2008\/12\/3150255317_8ba17bfb96_o.jpg?resize=350%2C200&ssl=1","width":350,"height":200,"srcset":"https:\/\/i0.wp.com\/alpoma.net\/carto\/wp-content\/uploads\/2008\/12\/3150255317_8ba17bfb96_o.jpg?resize=350%2C200&ssl=1 1x, https:\/\/i0.wp.com\/alpoma.net\/carto\/wp-content\/uploads\/2008\/12\/3150255317_8ba17bfb96_o.jpg?resize=525%2C300&ssl=1 1.5x"},"classes":[]}],"jetpack_sharing_enabled":true,"_links":{"self":[{"href":"https:\/\/alpoma.net\/carto\/index.php?rest_route=\/wp\/v2\/posts\/528","targetHints":{"allow":["GET"]}}],"collection":[{"href":"https:\/\/alpoma.net\/carto\/index.php?rest_route=\/wp\/v2\/posts"}],"about":[{"href":"https:\/\/alpoma.net\/carto\/index.php?rest_route=\/wp\/v2\/types\/post"}],"author":[{"embeddable":true,"href":"https:\/\/alpoma.net\/carto\/index.php?rest_route=\/wp\/v2\/users\/1"}],"replies":[{"embeddable":true,"href":"https:\/\/alpoma.net\/carto\/index.php?rest_route=%2Fwp%2Fv2%2Fcomments&post=528"}],"version-history":[{"count":0,"href":"https:\/\/alpoma.net\/carto\/index.php?rest_route=\/wp\/v2\/posts\/528\/revisions"}],"wp:attachment":[{"href":"https:\/\/alpoma.net\/carto\/index.php?rest_route=%2Fwp%2Fv2%2Fmedia&parent=528"}],"wp:term":[{"taxonomy":"category","embeddable":true,"href":"https:\/\/alpoma.net\/carto\/index.php?rest_route=%2Fwp%2Fv2%2Fcategories&post=528"},{"taxonomy":"post_tag","embeddable":true,"href":"https:\/\/alpoma.net\/carto\/index.php?rest_route=%2Fwp%2Fv2%2Ftags&post=528"}],"curies":[{"name":"wp","href":"https:\/\/api.w.org\/{rel}","templated":true}]}}