{"id":520,"date":"2008-04-21T21:34:43","date_gmt":"2008-04-21T19:34:43","guid":{"rendered":"http:\/\/alpoma.net\/carto\/?p=520"},"modified":"2008-04-21T21:40:33","modified_gmt":"2008-04-21T19:40:33","slug":"pirateria","status":"publish","type":"post","link":"https:\/\/alpoma.net\/carto\/?p=520","title":{"rendered":"Pirater\u00eda"},"content":{"rendered":"<p><img decoding=\"async\" src=\"http:\/\/farm3.static.flickr.com\/2335\/2432167684_18bfd9e99b_o.gif\" alt=\"img\" class=\"dch\"\/>Tal y como nos muestran las <a href=\"http:\/\/actualidad.terra.es\/nacional\/articulo\/piratas_asaltan_barco_atunero_vasco_2413253.htm\">recientes noticias<\/a> sobre asaltos piratas a nav\u00edos en aguas de Somalia, la pirater\u00eda no es cosa del pasado porque, olvid\u00e1ndonos de los parches en un ojo, patas de palo y verdosos loros en el hombro, la rom\u00e1ntica y falsa imagen del pirata troca hoy d\u00eda por la de grupos bien armados, despiadados y organizados con un solo fin, a saber, localizar, capturar y sacar rentabilidad de alg\u00fan barco pesquero o comercial que cruce por aguas peligrosas. \u00c1reas calientes en este sentido son las cercanas a Somalia o Indonesia. La informaci\u00f3n m\u00e1s actualizada sobre asaltos piratas a barcos en todo el mundo puede consultarse en la web de la ICC, <a href=\"http:\/\/www.iccwbo.org\/\">International Chamber of Commerce<\/a>, que semanalmente emite un informe sobre pirater\u00eda:<\/p>\n<p><strong><a href=\"http:\/\/www.icc-ccs.org\/prc\/piracyreport.php\" class=\"enlaces\">ICC Commercial Crime Services | Weekly Piracy Report<\/a><\/strong><\/p>\n<p>Igualmente, es de inter\u00e9s la consulta del mapa global en el que se marcan de forma actualizada los diversos casos de pirater\u00eda que se van registrando:<\/p>\n<p><strong><a href=\"http:\/\/www.icc-ccs.org\/extra\/display.php?yr=2008\" class=\"enlaces\">Piracy attacks map<\/a><\/strong><\/p>\n","protected":false},"excerpt":{"rendered":"<div class=\"mh-excerpt\"><p>Tal y como nos muestran las recientes noticias sobre asaltos piratas a nav\u00edos en aguas de Somalia, la pirater\u00eda no es cosa del pasado porque, <a class=\"mh-excerpt-more\" href=\"https:\/\/alpoma.net\/carto\/?p=520\" title=\"Pirater\u00eda\">[&#8230;]<\/a><\/p>\n<\/div>","protected":false},"author":1,"featured_media":0,"comment_status":"open","ping_status":"open","sticky":false,"template":"","format":"standard","meta":{"jetpack_post_was_ever_published":false,"_jetpack_newsletter_access":"","_jetpack_dont_email_post_to_subs":false,"_jetpack_newsletter_tier_id":0,"_jetpack_memberships_contains_paywalled_content":false,"_jetpack_memberships_contains_paid_content":false,"footnotes":""},"categories":[9,5,7],"tags":[],"class_list":["post-520","post","type-post","status-publish","format-standard","hentry","category-cartografia","category-en-linea","category-geografia"],"jetpack_featured_media_url":"","jetpack_shortlink":"https:\/\/wp.me\/p93Co9-8o","jetpack-related-posts":[{"id":543,"url":"https:\/\/alpoma.net\/carto\/?p=543","url_meta":{"origin":520,"position":0},"title":"Mapa de la Campa\u00f1a del S\u00e1hara","author":"alpoma","date":"junio 3, 2008","format":false,"excerpt":"Hoy toca algo personal. Visita La Cartoteca mi \u00faltimo trabajo, un mapa\/infograf\u00eda realizado para el \u00faltimo libro de Carlos Canales, editado por Ristre Multimedia. Se trata de una vista resumen de algunas de las operaciones de la Guerra del S\u00e1hara1: La Campa\u00f1a del S\u00e1hara (1957-58). Una dura lecci\u00f3n en el\u2026","rel":"","context":"En \u00abCartograf\u00eda\u00bb","block_context":{"text":"Cartograf\u00eda","link":"https:\/\/alpoma.net\/carto\/?cat=9"},"img":{"alt_text":"","src":"","width":0,"height":0},"classes":[]},{"id":44,"url":"https:\/\/alpoma.net\/carto\/?p=44","url_meta":{"origin":520,"position":1},"title":"Mar fosforescente","author":"alpoma","date":"diciembre 9, 2005","format":false,"excerpt":"A trav\u00e9s de la lista de teledetecci\u00f3n de rediris, y en concreto por la nota escrita por Ramiro A.C. de la Universidad de Vigo, me llega una informaci\u00f3n muy interesante acerca de un fem\u00f3meno poco conocido: Fen\u00f3meno Lum\u00ednico en el Mar Un grupo de cient\u00edficos ha presentado la primera detecci\u00f3n\u2026","rel":"","context":"En \u00abGeograf\u00eda\u00bb","block_context":{"text":"Geograf\u00eda","link":"https:\/\/alpoma.net\/carto\/?cat=7"},"img":{"alt_text":"","src":"","width":0,"height":0},"classes":[]},{"id":610,"url":"https:\/\/alpoma.net\/carto\/?p=610","url_meta":{"origin":520,"position":2},"title":"Ploppy, la defensora de las aguas subterr\u00e1neas","author":"alpoma","date":"agosto 13, 2008","format":false,"excerpt":"Tiempo veraniego, con Expo acuosa y ni\u00f1os jugando por todas partes. Si unimos todos estos ingredientes, y tomamos al Instituto Geol\u00f3gico y Minero como cocinero estrella, obtenemos una web did\u00e1ctica sobre el ciclo del agua que es la mar de entretenida para los peques: Ploppy, la defensora de las aguas\u2026","rel":"","context":"En \u00abEn l\u00ednea\u00bb","block_context":{"text":"En l\u00ednea","link":"https:\/\/alpoma.net\/carto\/?cat=5"},"img":{"alt_text":"","src":"https:\/\/i0.wp.com\/alpoma.net\/carto\/wp-content\/uploads\/2008\/08\/2761017648_83b98741eb_o.jpg?resize=350%2C200&ssl=1","width":350,"height":200,"srcset":"https:\/\/i0.wp.com\/alpoma.net\/carto\/wp-content\/uploads\/2008\/08\/2761017648_83b98741eb_o.jpg?resize=350%2C200&ssl=1 1x, https:\/\/i0.wp.com\/alpoma.net\/carto\/wp-content\/uploads\/2008\/08\/2761017648_83b98741eb_o.jpg?resize=525%2C300&ssl=1 1.5x"},"classes":[]},{"id":681,"url":"https:\/\/alpoma.net\/carto\/?p=681","url_meta":{"origin":520,"position":3},"title":"Mapa mundial de aguas subterr\u00e1neas","author":"alpoma","date":"octubre 25, 2008","format":false,"excerpt":"El proyecto WHYMAP, World-wide Hydrogeological Mapping and Assessment Programme, ofrece a trav\u00e9s de su web la posibilidad de acceder, consultar y descargar a la cartograf\u00eda detallada que ha desarrollado, dentro del marco de la UNESCO, sobre la distribuci\u00f3n mundial de recursos relativos a aguas subterr\u00e1neas. As\u00ed, se puede consultar la\u2026","rel":"","context":"En \u00abCartograf\u00eda\u00bb","block_context":{"text":"Cartograf\u00eda","link":"https:\/\/alpoma.net\/carto\/?cat=9"},"img":{"alt_text":"","src":"https:\/\/i0.wp.com\/alpoma.net\/carto\/wp-content\/uploads\/2008\/10\/2970932509_e98ba0923c_o.jpg?resize=350%2C200&ssl=1","width":350,"height":200,"srcset":"https:\/\/i0.wp.com\/alpoma.net\/carto\/wp-content\/uploads\/2008\/10\/2970932509_e98ba0923c_o.jpg?resize=350%2C200&ssl=1 1x, https:\/\/i0.wp.com\/alpoma.net\/carto\/wp-content\/uploads\/2008\/10\/2970932509_e98ba0923c_o.jpg?resize=525%2C300&ssl=1 1.5x"},"classes":[]},{"id":2462,"url":"https:\/\/alpoma.net\/carto\/?p=2462","url_meta":{"origin":520,"position":4},"title":"Nube de polvo sahariano sobre el Atl\u00e1ntico","author":"alpoma","date":"abril 7, 2011","format":false,"excerpt":"Esta imagen, tomada por el instrumento MODIS a bordo del sat\u00e9lite Terra de la NASA, muestra claramente una gran nube de polvo de origen sahariano sobre el Oc\u00e9ano Atl\u00e1ntico, frente a las costas portuguesas. Este polvo, al margen de lo molesto que pueda ser en ciertas ocasiones, juega un papel\u2026","rel":"","context":"En \u00abTeledetecci\u00f3n\u00bb","block_context":{"text":"Teledetecci\u00f3n","link":"https:\/\/alpoma.net\/carto\/?cat=3"},"img":{"alt_text":"","src":"https:\/\/i0.wp.com\/alpoma.net\/carto\/wp-content\/uploads\/2011\/04\/5598218764_cc00797b90_o.jpg?resize=350%2C200&ssl=1","width":350,"height":200,"srcset":"https:\/\/i0.wp.com\/alpoma.net\/carto\/wp-content\/uploads\/2011\/04\/5598218764_cc00797b90_o.jpg?resize=350%2C200&ssl=1 1x, https:\/\/i0.wp.com\/alpoma.net\/carto\/wp-content\/uploads\/2011\/04\/5598218764_cc00797b90_o.jpg?resize=525%2C300&ssl=1 1.5x"},"classes":[]},{"id":1750,"url":"https:\/\/alpoma.net\/carto\/?p=1750","url_meta":{"origin":520,"position":5},"title":"Aguas muertas","author":"alpoma","date":"julio 17, 2010","format":false,"excerpt":"Habr\u00e1 que convenir en lo llamativo del t\u00edtulo, posiblemente algo exagerado, pero como traducci\u00f3n de \"Aquatic Dead Zones\" me ha parecido lo m\u00e1s adecuado. El siguiente mapa (basado en datos del sensor MODIS a bordo del sat\u00e9lite Aqua), publicado hoy por NASA Earth Observatory, nos muestra un panorama global de\u2026","rel":"","context":"En \u00abGeograf\u00eda\u00bb","block_context":{"text":"Geograf\u00eda","link":"https:\/\/alpoma.net\/carto\/?cat=7"},"img":{"alt_text":"","src":"https:\/\/i0.wp.com\/alpoma.net\/carto\/wp-content\/uploads\/2010\/07\/4800910561_535263ee77.jpg?resize=350%2C200&ssl=1","width":350,"height":200},"classes":[]}],"jetpack_sharing_enabled":true,"_links":{"self":[{"href":"https:\/\/alpoma.net\/carto\/index.php?rest_route=\/wp\/v2\/posts\/520","targetHints":{"allow":["GET"]}}],"collection":[{"href":"https:\/\/alpoma.net\/carto\/index.php?rest_route=\/wp\/v2\/posts"}],"about":[{"href":"https:\/\/alpoma.net\/carto\/index.php?rest_route=\/wp\/v2\/types\/post"}],"author":[{"embeddable":true,"href":"https:\/\/alpoma.net\/carto\/index.php?rest_route=\/wp\/v2\/users\/1"}],"replies":[{"embeddable":true,"href":"https:\/\/alpoma.net\/carto\/index.php?rest_route=%2Fwp%2Fv2%2Fcomments&post=520"}],"version-history":[{"count":0,"href":"https:\/\/alpoma.net\/carto\/index.php?rest_route=\/wp\/v2\/posts\/520\/revisions"}],"wp:attachment":[{"href":"https:\/\/alpoma.net\/carto\/index.php?rest_route=%2Fwp%2Fv2%2Fmedia&parent=520"}],"wp:term":[{"taxonomy":"category","embeddable":true,"href":"https:\/\/alpoma.net\/carto\/index.php?rest_route=%2Fwp%2Fv2%2Fcategories&post=520"},{"taxonomy":"post_tag","embeddable":true,"href":"https:\/\/alpoma.net\/carto\/index.php?rest_route=%2Fwp%2Fv2%2Ftags&post=520"}],"curies":[{"name":"wp","href":"https:\/\/api.w.org\/{rel}","templated":true}]}}