{"id":512,"date":"2008-03-27T21:16:11","date_gmt":"2008-03-27T19:16:11","guid":{"rendered":"http:\/\/alpoma.net\/carto\/?p=512"},"modified":"2008-03-27T21:18:29","modified_gmt":"2008-03-27T19:18:29","slug":"mdt-de-portugal","status":"publish","type":"post","link":"https:\/\/alpoma.net\/carto\/?p=512","title":{"rendered":"MDT de Portugal"},"content":{"rendered":"<p>Gracias al Profesor Jos\u00e9 Alberto Gon\u00e7alves, de la Facultad de Ingenier\u00eda de la Universidad de Oporto, est\u00e1 disponible en Internet un modelo digital del terreno dedicado al Portugal continental, a partir de un mosaico de tomas SRTM:<\/p>\n<p><strong><a href=\"http:\/\/www.fc.up.pt\/pessoas\/jagoncal\/srtm\/srtm.htm\">DEM  SRTM para Portugal<\/a><\/strong><\/p>\n<p>| V\u00eda Lista de correo de Teledeteci\u00f3n de <a href=\"http:\/\/www.rediris.es\/\">RedIRIS <\/a>|<\/p>\n","protected":false},"excerpt":{"rendered":"<div class=\"mh-excerpt\"><p>Gracias al Profesor Jos\u00e9 Alberto Gon\u00e7alves, de la Facultad de Ingenier\u00eda de la Universidad de Oporto, est\u00e1 disponible en Internet un modelo digital del terreno <a class=\"mh-excerpt-more\" href=\"https:\/\/alpoma.net\/carto\/?p=512\" title=\"MDT de Portugal\">[&#8230;]<\/a><\/p>\n<\/div>","protected":false},"author":1,"featured_media":0,"comment_status":"open","ping_status":"open","sticky":false,"template":"","format":"standard","meta":{"jetpack_post_was_ever_published":false,"_jetpack_newsletter_access":"","_jetpack_dont_email_post_to_subs":false,"_jetpack_newsletter_tier_id":0,"_jetpack_memberships_contains_paywalled_content":false,"_jetpack_memberships_contains_paid_content":false,"footnotes":""},"categories":[9,5,2,3],"tags":[],"class_list":["post-512","post","type-post","status-publish","format-standard","hentry","category-cartografia","category-en-linea","category-sig","category-teledeteccion"],"jetpack_featured_media_url":"","jetpack_shortlink":"https:\/\/wp.me\/p93Co9-8g","jetpack-related-posts":[{"id":20,"url":"https:\/\/alpoma.net\/carto\/?p=20","url_meta":{"origin":512,"position":0},"title":"Mapas Hist\u00f3ricos","author":"alpoma","date":"noviembre 3, 2005","format":false,"excerpt":"La gran colecci\u00f3n de mapas que presenta el centro Perry-Casta\u00f1eda ofrece una interesante secci\u00f3n de mapas hist\u00f3ricos que pueden consultarse en l\u00ednea. Entre ellos, a modo de ejemplo, he encontrado uno de Espa\u00f1a muy curioso de 1917... en realidad, las cosas no parecen haber cambiado \"mucho\". Tambi\u00e9n resulta interesante el\u2026","rel":"","context":"En \u00abCartograf\u00eda\u00bb","block_context":{"text":"Cartograf\u00eda","link":"https:\/\/alpoma.net\/carto\/?cat=9"},"img":{"alt_text":"","src":"","width":0,"height":0},"classes":[]},{"id":215,"url":"https:\/\/alpoma.net\/carto\/?p=215","url_meta":{"origin":512,"position":1},"title":"Galer\u00eda de enlaces","author":"alpoma","date":"junio 28, 2006","format":false,"excerpt":"Una vez m\u00e1s, no tengo mucho tiempo para explorar todo el nuevo material que desear\u00eda detallar en La Cartoteca, por ello y para no dejar pasar algunas novedades, he aqu\u00ed una serie de recursos de inter\u00e9s que me han llamado la atenci\u00f3n en los \u00faltimos d\u00edas: Atlas do Ambiente -\u2026","rel":"","context":"En \u00abEn l\u00ednea\u00bb","block_context":{"text":"En l\u00ednea","link":"https:\/\/alpoma.net\/carto\/?cat=5"},"img":{"alt_text":"","src":"","width":0,"height":0},"classes":[]},{"id":2468,"url":"https:\/\/alpoma.net\/carto\/?p=2468","url_meta":{"origin":512,"position":2},"title":"Atlas clim\u00e1tico ib\u00e9rico (PDF)","author":"alpoma","date":"abril 9, 2011","format":false,"excerpt":"He aqu\u00ed una obra de sumo inter\u00e9s, publicada por la Agencia Estatal de Meteorolog\u00eda de Espa\u00f1a (AEMET) y el Instituto de Meteorologia de Portugal. Disponible en versi\u00f3n PDF online. El atlas clim\u00e1tico constituye un medio de presentar, de forma gr\u00e1fica, una s\u00edntesis de los conocimientos referentes al clima de un\u2026","rel":"","context":"En \u00abGeograf\u00eda\u00bb","block_context":{"text":"Geograf\u00eda","link":"https:\/\/alpoma.net\/carto\/?cat=7"},"img":{"alt_text":"atlas_clnm","src":"https:\/\/i0.wp.com\/farm6.static.flickr.com\/5024\/5603238166_a92d2ca167_m.jpg?resize=350%2C200","width":350,"height":200},"classes":[]},{"id":240,"url":"https:\/\/alpoma.net\/carto\/?p=240","url_meta":{"origin":512,"position":3},"title":"Incendios en Galicia y Portugal","author":"alpoma","date":"agosto 11, 2006","format":false,"excerpt":"Con toda la raz\u00f3n, la imagen de la semana ofrecida por la Agencia Espacial Europea, corresponde a una toma del ENVISAT, del d\u00eda 9 de Agosto, en la que se pueden observar las grandes columnas de humo originadas en los terribles incendios que asolan Galicia y Portugal: ESA Earth from\u2026","rel":"","context":"En \u00abEn l\u00ednea\u00bb","block_context":{"text":"En l\u00ednea","link":"https:\/\/alpoma.net\/carto\/?cat=5"},"img":{"alt_text":"","src":"https:\/\/i0.wp.com\/alpoma.net\/carto\/wp-content\/uploads\/2006\/08\/212633456_66d158586d_o.jpg?resize=350%2C200&ssl=1","width":350,"height":200,"srcset":"https:\/\/i0.wp.com\/alpoma.net\/carto\/wp-content\/uploads\/2006\/08\/212633456_66d158586d_o.jpg?resize=350%2C200&ssl=1 1x, https:\/\/i0.wp.com\/alpoma.net\/carto\/wp-content\/uploads\/2006\/08\/212633456_66d158586d_o.jpg?resize=525%2C300&ssl=1 1.5x"},"classes":[]},{"id":1925,"url":"https:\/\/alpoma.net\/carto\/?p=1925","url_meta":{"origin":512,"position":4},"title":"Mapas de la frontera entre Espa\u00f1a y Portugal, siglo XVIII (Descarga de libro y mapas)","author":"alpoma","date":"octubre 7, 2010","format":false,"excerpt":"Una vez m\u00e1s agradezco a la editorial 4 Gatos el aviso y, c\u00f3mo no, su pasi\u00f3n cartogr\u00e1fica. Como complemento a su magn\u00edfica obra Historia e Imagen de un Asedio. Badajoz 1705, incluyen una colecci\u00f3n de cuatro mapas de principios del siglo XVIII, del \u00e1rea fronteriza entre Espa\u00f1a y Portugal, que\u2026","rel":"","context":"En \u00abViejos mapas\u00bb","block_context":{"text":"Viejos mapas","link":"https:\/\/alpoma.net\/carto\/?cat=4"},"img":{"alt_text":"","src":"","width":0,"height":0},"classes":[]},{"id":3698,"url":"https:\/\/alpoma.net\/carto\/?p=3698","url_meta":{"origin":512,"position":5},"title":"Mapas en la Biblioteca Digital del Patrimonio Iberoamericano","author":"alpoma","date":"noviembre 21, 2012","format":false,"excerpt":"La Biblioteca Digital del Patrimonio Iberoamericano (BDPI) es un proyecto de la Asociaci\u00f3n de Bibliotecas Nacionales de Iberoam\u00e9rica (ABINIA) que tiene como objetivo la creaci\u00f3n de un portal que permita el acceso desde un \u00fanico punto de consulta a los recursos digitales de todas las Bibliotecas participantes. Bien, eso es\u2026","rel":"","context":"En \u00abViejos mapas\u00bb","block_context":{"text":"Viejos mapas","link":"https:\/\/alpoma.net\/carto\/?cat=4"},"img":{"alt_text":"Portugal","src":"https:\/\/i0.wp.com\/farm9.staticflickr.com\/8488\/8207094332_45494b4e9f_o.jpg?resize=350%2C200","width":350,"height":200},"classes":[]}],"jetpack_sharing_enabled":true,"_links":{"self":[{"href":"https:\/\/alpoma.net\/carto\/index.php?rest_route=\/wp\/v2\/posts\/512","targetHints":{"allow":["GET"]}}],"collection":[{"href":"https:\/\/alpoma.net\/carto\/index.php?rest_route=\/wp\/v2\/posts"}],"about":[{"href":"https:\/\/alpoma.net\/carto\/index.php?rest_route=\/wp\/v2\/types\/post"}],"author":[{"embeddable":true,"href":"https:\/\/alpoma.net\/carto\/index.php?rest_route=\/wp\/v2\/users\/1"}],"replies":[{"embeddable":true,"href":"https:\/\/alpoma.net\/carto\/index.php?rest_route=%2Fwp%2Fv2%2Fcomments&post=512"}],"version-history":[{"count":0,"href":"https:\/\/alpoma.net\/carto\/index.php?rest_route=\/wp\/v2\/posts\/512\/revisions"}],"wp:attachment":[{"href":"https:\/\/alpoma.net\/carto\/index.php?rest_route=%2Fwp%2Fv2%2Fmedia&parent=512"}],"wp:term":[{"taxonomy":"category","embeddable":true,"href":"https:\/\/alpoma.net\/carto\/index.php?rest_route=%2Fwp%2Fv2%2Fcategories&post=512"},{"taxonomy":"post_tag","embeddable":true,"href":"https:\/\/alpoma.net\/carto\/index.php?rest_route=%2Fwp%2Fv2%2Ftags&post=512"}],"curies":[{"name":"wp","href":"https:\/\/api.w.org\/{rel}","templated":true}]}}