{"id":507,"date":"2008-03-18T22:45:23","date_gmt":"2008-03-18T20:45:23","guid":{"rendered":"http:\/\/alpoma.net\/carto\/?p=507"},"modified":"2008-03-18T22:45:42","modified_gmt":"2008-03-18T20:45:42","slug":"cartografiando-el-saber-geografico","status":"publish","type":"post","link":"https:\/\/alpoma.net\/carto\/?p=507","title":{"rendered":"Cartografiando el saber geogr\u00e1fico"},"content":{"rendered":"<p>\u00dananse en una base de datos m\u00e1s de <strong>22.000 res\u00famenes<\/strong> de art\u00edculos enviados al Congreso Anual de la <em>Association of American Geographers<\/em> entre los a\u00f1os 1993 y 2002, repres\u00e9ntense las palabras clave siguiendo una distribuci\u00f3n estad\u00edstica y dib\u00fajese como si se tratara de cartografiar la corteza cerebral. Algo as\u00ed nos quiere ense\u00f1ar este atractivo panel que pretende mostrar las \u00e1reas de interes m\u00e1s activas de las geociencias actuales.<\/p>\n<p><img decoding=\"async\" src=\"http:\/\/farm3.static.flickr.com\/2177\/2343267081_64a7c4a088_o.jpg\" alt=\"img\" \/><\/p>\n<p>| V\u00eda<a href=\"http:\/\/joesonic.com\/blog\/2008\/03\/18\/sciences-maps\/\"> joesonic<\/a> &#8211;> <a href=\"http:\/\/scimaps.org\/\">SciMaps<\/a> |<\/p>\n","protected":false},"excerpt":{"rendered":"<div class=\"mh-excerpt\"><p>\u00dananse en una base de datos m\u00e1s de 22.000 res\u00famenes de art\u00edculos enviados al Congreso Anual de la Association of American Geographers entre los a\u00f1os <a class=\"mh-excerpt-more\" href=\"https:\/\/alpoma.net\/carto\/?p=507\" title=\"Cartografiando el saber geogr\u00e1fico\">[&#8230;]<\/a><\/p>\n<\/div>","protected":false},"author":1,"featured_media":4807,"comment_status":"open","ping_status":"open","sticky":false,"template":"","format":"standard","meta":{"jetpack_post_was_ever_published":false,"_jetpack_newsletter_access":"","_jetpack_dont_email_post_to_subs":false,"_jetpack_newsletter_tier_id":0,"_jetpack_memberships_contains_paywalled_content":false,"_jetpack_memberships_contains_paid_content":false,"footnotes":""},"categories":[9,5,7],"tags":[],"class_list":["post-507","post","type-post","status-publish","format-standard","has-post-thumbnail","hentry","category-cartografia","category-en-linea","category-geografia"],"jetpack_featured_media_url":"https:\/\/alpoma.net\/carto\/wp-content\/uploads\/2008\/03\/2343267081_64a7c4a088_o.jpg","jetpack_shortlink":"https:\/\/wp.me\/p93Co9-8b","jetpack-related-posts":[{"id":4018,"url":"https:\/\/alpoma.net\/carto\/?p=4018","url_meta":{"origin":507,"position":0},"title":"Nosolosig renace","author":"alpoma","date":"julio 17, 2013","format":false,"excerpt":"Me llega una muy buena noticia acerca de un medio que lleg\u00f3 a ser toda una referencia en lo que a la difusi\u00f3n de noticias y eventos sobre geom\u00e1tica se refiere: Nosolosig inicia la segunda \u00e9poca como revista. Ya estuvo funcionando entre 2001 y 2007, a\u00f1os de intensa y productiva\u2026","rel":"","context":"En \u00abEn l\u00ednea\u00bb","block_context":{"text":"En l\u00ednea","link":"https:\/\/alpoma.net\/carto\/?cat=5"},"img":{"alt_text":"","src":"https:\/\/i0.wp.com\/alpoma.net\/carto\/wp-content\/uploads\/2013\/07\/nosolosig.jpg?resize=350%2C200&ssl=1","width":350,"height":200,"srcset":"https:\/\/i0.wp.com\/alpoma.net\/carto\/wp-content\/uploads\/2013\/07\/nosolosig.jpg?resize=350%2C200&ssl=1 1x, https:\/\/i0.wp.com\/alpoma.net\/carto\/wp-content\/uploads\/2013\/07\/nosolosig.jpg?resize=525%2C300&ssl=1 1.5x"},"classes":[]},{"id":2255,"url":"https:\/\/alpoma.net\/carto\/?p=2255","url_meta":{"origin":507,"position":1},"title":"Imago Pyrenaei: Atlas Hist\u00f3rico de los Pirineos en la antig\u00fcedad","author":"alpoma","date":"enero 19, 2011","format":false,"excerpt":"Es todo un placer mencionar este proyecto, nacido recientemente, que pretende emprender una tarea nada sencilla, como es el intento de cartografiar en el espacio geogr\u00e1fico de los Pirineos en la antig\u00fcedad. La mejor forma de entender la ambici\u00f3n con que nace Imago Pyrenaei es acudir a la propia presentaci\u00f3n\u2026","rel":"","context":"En \u00abGeograf\u00eda\u00bb","block_context":{"text":"Geograf\u00eda","link":"https:\/\/alpoma.net\/carto\/?cat=7"},"img":{"alt_text":"imago_pyrenaei","src":"https:\/\/i0.wp.com\/farm6.static.flickr.com\/5128\/5369927640_a01f297bd9_o.jpg?resize=350%2C200","width":350,"height":200,"srcset":"https:\/\/i0.wp.com\/farm6.static.flickr.com\/5128\/5369927640_a01f297bd9_o.jpg?resize=350%2C200 1x, https:\/\/i0.wp.com\/farm6.static.flickr.com\/5128\/5369927640_a01f297bd9_o.jpg?resize=525%2C300 1.5x"},"classes":[]},{"id":6584,"url":"https:\/\/alpoma.net\/carto\/?p=6584","url_meta":{"origin":507,"position":2},"title":"Los mapas de \u00abEl hombre en el castillo\u00bb","author":"alpoma","date":"febrero 11, 2017","format":false,"excerpt":"Philip K. Dick public\u00f3 en 1962 una de las m\u00e1s c\u00e9lebres ucron\u00edas, esto es, una narraci\u00f3n sobre un mundo que vive una historia alternativa a la nuestra. Ese libro, El hombre en el castillo (The Man in the High Castle), se convirti\u00f3 en una de las novelas m\u00e1s conocidas de\u2026","rel":"","context":"En \u00abMiscel\u00e1nea\u00bb","block_context":{"text":"Miscel\u00e1nea","link":"https:\/\/alpoma.net\/carto\/?cat=1"},"img":{"alt_text":"","src":"https:\/\/i0.wp.com\/alpoma.net\/carto\/wp-content\/uploads\/2017\/02\/Man_High_Castle_TV_1.png?resize=350%2C200&ssl=1","width":350,"height":200,"srcset":"https:\/\/i0.wp.com\/alpoma.net\/carto\/wp-content\/uploads\/2017\/02\/Man_High_Castle_TV_1.png?resize=350%2C200&ssl=1 1x, https:\/\/i0.wp.com\/alpoma.net\/carto\/wp-content\/uploads\/2017\/02\/Man_High_Castle_TV_1.png?resize=525%2C300&ssl=1 1.5x, https:\/\/i0.wp.com\/alpoma.net\/carto\/wp-content\/uploads\/2017\/02\/Man_High_Castle_TV_1.png?resize=700%2C400&ssl=1 2x, https:\/\/i0.wp.com\/alpoma.net\/carto\/wp-content\/uploads\/2017\/02\/Man_High_Castle_TV_1.png?resize=1050%2C600&ssl=1 3x, https:\/\/i0.wp.com\/alpoma.net\/carto\/wp-content\/uploads\/2017\/02\/Man_High_Castle_TV_1.png?resize=1400%2C800&ssl=1 4x"},"classes":[]},{"id":1567,"url":"https:\/\/alpoma.net\/carto\/?p=1567","url_meta":{"origin":507,"position":3},"title":"Tuent free, inteligencia de negocio aplicada al territorio","author":"alpoma","date":"abril 25, 2010","format":false,"excerpt":"Acabo de probar Tuent free, la versi\u00f3n gratuita del sistema de inteligencia territorial Tuent. El registro es libre y gratuito, por lo que no se pierde nada por probarlo, es m\u00e1s, he de decir que a pesar de no haber revisado en profundidad todas sus opciones, el planteamiento general, as\u00ed\u2026","rel":"","context":"En \u00abEn l\u00ednea\u00bb","block_context":{"text":"En l\u00ednea","link":"https:\/\/alpoma.net\/carto\/?cat=5"},"img":{"alt_text":"654564123","src":"https:\/\/i0.wp.com\/farm5.static.flickr.com\/4066\/4551172428_1d05dc8b57_o.jpg?resize=350%2C200","width":350,"height":200,"srcset":"https:\/\/i0.wp.com\/farm5.static.flickr.com\/4066\/4551172428_1d05dc8b57_o.jpg?resize=350%2C200 1x, https:\/\/i0.wp.com\/farm5.static.flickr.com\/4066\/4551172428_1d05dc8b57_o.jpg?resize=525%2C300 1.5x"},"classes":[]},{"id":768,"url":"https:\/\/alpoma.net\/carto\/?p=768","url_meta":{"origin":507,"position":4},"title":"La Atl\u00e1ntida de Google Earth&#8230; parece que no","author":"alpoma","date":"febrero 20, 2009","format":false,"excerpt":"Con esa tendencia tan peculiar que tienen muchas personas a la hora de asociar cualquier imagen de dudoso origen con fen\u00f3menos supuestamente inexplicables, no debe extra\u00f1ar la reacci\u00f3n que han tenido algunos medios de comunicaci\u00f3n a lo largo de hoy. Bien, la cuesti\u00f3n surgi\u00f3 por esta imagen, que no deja\u2026","rel":"","context":"En \u00abEn l\u00ednea\u00bb","block_context":{"text":"En l\u00ednea","link":"https:\/\/alpoma.net\/carto\/?cat=5"},"img":{"alt_text":"","src":"https:\/\/i0.wp.com\/alpoma.net\/carto\/wp-content\/uploads\/2009\/02\/3295054719_af69a4ce72_o.jpg?resize=350%2C200&ssl=1","width":350,"height":200,"srcset":"https:\/\/i0.wp.com\/alpoma.net\/carto\/wp-content\/uploads\/2009\/02\/3295054719_af69a4ce72_o.jpg?resize=350%2C200&ssl=1 1x, https:\/\/i0.wp.com\/alpoma.net\/carto\/wp-content\/uploads\/2009\/02\/3295054719_af69a4ce72_o.jpg?resize=525%2C300&ssl=1 1.5x"},"classes":[]},{"id":702,"url":"https:\/\/alpoma.net\/carto\/?p=702","url_meta":{"origin":507,"position":5},"title":"ICTS de la Reserva Biol\u00f3gica de Do\u00f1ana","author":"alpoma","date":"noviembre 9, 2008","format":false,"excerpt":"Poco a poco las redes de sensores van extendiendo su poder por todas partes. Aunque todav\u00eda se trata de un campo a explorar, su utilidad es innegable y, en no mucho tiempo, veremos iniciativas encaminadas a monitorizar espacios naturales, ciudades e instalaciones industriales, por doquier, gracias a la potencia que\u2026","rel":"","context":"En \u00abSensorWeb\u00bb","block_context":{"text":"SensorWeb","link":"https:\/\/alpoma.net\/carto\/?cat=12"},"img":{"alt_text":"","src":"","width":0,"height":0},"classes":[]}],"jetpack_sharing_enabled":true,"_links":{"self":[{"href":"https:\/\/alpoma.net\/carto\/index.php?rest_route=\/wp\/v2\/posts\/507","targetHints":{"allow":["GET"]}}],"collection":[{"href":"https:\/\/alpoma.net\/carto\/index.php?rest_route=\/wp\/v2\/posts"}],"about":[{"href":"https:\/\/alpoma.net\/carto\/index.php?rest_route=\/wp\/v2\/types\/post"}],"author":[{"embeddable":true,"href":"https:\/\/alpoma.net\/carto\/index.php?rest_route=\/wp\/v2\/users\/1"}],"replies":[{"embeddable":true,"href":"https:\/\/alpoma.net\/carto\/index.php?rest_route=%2Fwp%2Fv2%2Fcomments&post=507"}],"version-history":[{"count":0,"href":"https:\/\/alpoma.net\/carto\/index.php?rest_route=\/wp\/v2\/posts\/507\/revisions"}],"wp:featuredmedia":[{"embeddable":true,"href":"https:\/\/alpoma.net\/carto\/index.php?rest_route=\/wp\/v2\/media\/4807"}],"wp:attachment":[{"href":"https:\/\/alpoma.net\/carto\/index.php?rest_route=%2Fwp%2Fv2%2Fmedia&parent=507"}],"wp:term":[{"taxonomy":"category","embeddable":true,"href":"https:\/\/alpoma.net\/carto\/index.php?rest_route=%2Fwp%2Fv2%2Fcategories&post=507"},{"taxonomy":"post_tag","embeddable":true,"href":"https:\/\/alpoma.net\/carto\/index.php?rest_route=%2Fwp%2Fv2%2Ftags&post=507"}],"curies":[{"name":"wp","href":"https:\/\/api.w.org\/{rel}","templated":true}]}}