{"id":505,"date":"2008-03-17T18:47:38","date_gmt":"2008-03-17T16:47:38","guid":{"rendered":"http:\/\/alpoma.net\/carto\/?p=505"},"modified":"2008-03-20T11:44:22","modified_gmt":"2008-03-20T09:44:22","slug":"isuna-isun-isune","status":"publish","type":"post","link":"https:\/\/alpoma.net\/carto\/?p=505","title":{"rendered":"Isuna, Is\u00fan, Isune&#8230;"},"content":{"rendered":"<p>Aunque ha estado en pausa un tiempo, <strong>Jos\u00e9 Mar\u00eda de la Torre<\/strong> ha retomado la fant\u00e1stica narraci\u00f3n de <strong><a href=\"http:\/\/bastonivo.blogspot.com\/\">Memorias de Ise<\/a><\/strong>, que <strong><a href=\"http:\/\/alpoma.net\/carto\/?p=323\">ya nos visit\u00f3 hace tiempo<\/a><\/strong>, y lo hace con un regalo genial, el mapa que completa la cartograf\u00eda de las imaginarias islas de este <strong><a href=\"http:\/\/www.fictionpress.com\/s\/2313597\/1\/\">proyecto de ficci\u00f3n<\/a><\/strong>.<\/p>\n<p><strong><a href=\"http:\/\/bastonivo.blogspot.com\/search\/label\/Mapas\">| Informaci\u00f3n detallada y ampliaciones de los mapas |<\/a><\/strong><\/p>\n<p><img decoding=\"async\" src=\"http:\/\/farm3.static.flickr.com\/2397\/2341070370_dbc1a2f288.jpg\" alt=\"img\" \/><\/p>\n<p><img decoding=\"async\" src=\"http:\/\/farm4.static.flickr.com\/3065\/2340238083_a541d5db11.jpg\" alt=\"img\" \/><\/p>\n<p><img decoding=\"async\" src=\"http:\/\/farm3.static.flickr.com\/2132\/2340238441_15a89b636b.jpg\" alt=\"img\" \/><\/p>\n<p><strong>ACTUALIZACI\u00d3N<\/strong>: Se une ahora, a los tres anteriores, el <strong><a href=\"http:\/\/bastonivo.blogspot.com\/2008\/03\/el-pas-de-ise.html\">mapa general de El Pa\u00eds de Ise<\/a><\/strong>.<\/p>\n","protected":false},"excerpt":{"rendered":"<div class=\"mh-excerpt\"><p>Aunque ha estado en pausa un tiempo, Jos\u00e9 Mar\u00eda de la Torre ha retomado la fant\u00e1stica narraci\u00f3n de Memorias de Ise, que ya nos visit\u00f3 <a class=\"mh-excerpt-more\" href=\"https:\/\/alpoma.net\/carto\/?p=505\" title=\"Isuna, Is\u00fan, Isune&#8230;\">[&#8230;]<\/a><\/p>\n<\/div>","protected":false},"author":1,"featured_media":4586,"comment_status":"open","ping_status":"open","sticky":false,"template":"","format":"standard","meta":{"jetpack_post_was_ever_published":false,"_jetpack_newsletter_access":"","_jetpack_dont_email_post_to_subs":false,"_jetpack_newsletter_tier_id":0,"_jetpack_memberships_contains_paywalled_content":false,"_jetpack_memberships_contains_paid_content":false,"footnotes":""},"categories":[5,1],"tags":[],"class_list":["post-505","post","type-post","status-publish","format-standard","has-post-thumbnail","hentry","category-en-linea","category-general"],"jetpack_featured_media_url":"https:\/\/alpoma.net\/carto\/wp-content\/uploads\/2008\/03\/2341070370_dbc1a2f288.jpg","jetpack_shortlink":"https:\/\/wp.me\/p93Co9-89","jetpack-related-posts":[{"id":323,"url":"https:\/\/alpoma.net\/carto\/?p=323","url_meta":{"origin":505,"position":0},"title":"La Isla de Isune","author":"alpoma","date":"abril 4, 2007","format":false,"excerpt":"Jos\u00e9 Mar\u00eda de la Torre es un palentino, al igual que quien estas palabras escribe, que est\u00e1 preparando una blogonovela de tintes fant\u00e1sticos. No deja de ser, de momento, un conjunto de esbozos, pero lo que m\u00e1s me ha llamado la atenci\u00f3n ha sido el mapa de una de las\u2026","rel":"","context":"En \u00abEn l\u00ednea\u00bb","block_context":{"text":"En l\u00ednea","link":"https:\/\/alpoma.net\/carto\/?cat=5"},"img":{"alt_text":"","src":"https:\/\/i0.wp.com\/alpoma.net\/carto\/wp-content\/uploads\/2007\/04\/446402333_63ce28902b.jpg?resize=350%2C200&ssl=1","width":350,"height":200},"classes":[]},{"id":494,"url":"https:\/\/alpoma.net\/carto\/?p=494","url_meta":{"origin":505,"position":1},"title":"Cartografiando el  mundo de las hormigas","author":"alpoma","date":"marzo 10, 2008","format":false,"excerpt":"Hace mucho tiempo, en un lugar muy lejano, un apasionado de las hormigas dedic\u00f3 tiempo y esfuerzo a desentra\u00f1ar los misterios de tan laboriosos insectos a trav\u00e9s de un mapa que reuniera su distribuci\u00f3n, rutas que utilizan y pautas de comportamiento. Vale, salgamos del cuento, en el mundo real existe\u2026","rel":"","context":"En \u00abMiscel\u00e1nea\u00bb","block_context":{"text":"Miscel\u00e1nea","link":"https:\/\/alpoma.net\/carto\/?cat=1"},"img":{"alt_text":"","src":"","width":0,"height":0},"classes":[]},{"id":3257,"url":"https:\/\/alpoma.net\/carto\/?p=3257","url_meta":{"origin":505,"position":2},"title":"Mapa de vientos en \u00abtiempo real\u00bb","author":"alpoma","date":"marzo 30, 2012","format":false,"excerpt":"Si hace pocos d\u00edas nos visitaba una impresionante forma de visualizar corrientes marinas superficiales a nivel global, hoy tengo el gusto de referirme a un proyecto a medio camino entre el experimento de visualizaci\u00f3n de datos y la obra de arte din\u00e1mica. Se trata de un proyecto de hint.fm que\u2026","rel":"","context":"En \u00abExperimentos\u00bb","block_context":{"text":"Experimentos","link":"https:\/\/alpoma.net\/carto\/?cat=10"},"img":{"alt_text":"","src":"https:\/\/i0.wp.com\/alpoma.net\/carto\/wp-content\/uploads\/2012\/03\/6883719840_2cd9bd0e85_z.jpg?resize=350%2C200&ssl=1","width":350,"height":200,"srcset":"https:\/\/i0.wp.com\/alpoma.net\/carto\/wp-content\/uploads\/2012\/03\/6883719840_2cd9bd0e85_z.jpg?resize=350%2C200&ssl=1 1x, https:\/\/i0.wp.com\/alpoma.net\/carto\/wp-content\/uploads\/2012\/03\/6883719840_2cd9bd0e85_z.jpg?resize=525%2C300&ssl=1 1.5x"},"classes":[]},{"id":7422,"url":"https:\/\/alpoma.net\/carto\/?p=7422","url_meta":{"origin":505,"position":3},"title":"El mejor mapa-gif animado que ver\u00e1s en mucho tiempo","author":"alpoma","date":"julio 19, 2019","format":false,"excerpt":"El t\u00edtulo no es exagerado... \u00a1es un gif animado hipn\u00f3tico que adem\u00e1s es un mapa genial!, \u00bfqu\u00e9 m\u00e1s se puede pedir? De las manos de Eleanor Lutz, de Tabletop Whale, nos llega esta maravilla... (pincha en la imagen para ampliar). Me lo pasaron hace dos d\u00edas y he tenido que\u2026","rel":"","context":"En \u00abExperimentos\u00bb","block_context":{"text":"Experimentos","link":"https:\/\/alpoma.net\/carto\/?cat=10"},"img":{"alt_text":"","src":"https:\/\/i0.wp.com\/alpoma.net\/carto\/wp-content\/uploads\/2019\/07\/mundo-animado.jpg?resize=350%2C200&ssl=1","width":350,"height":200,"srcset":"https:\/\/i0.wp.com\/alpoma.net\/carto\/wp-content\/uploads\/2019\/07\/mundo-animado.jpg?resize=350%2C200&ssl=1 1x, https:\/\/i0.wp.com\/alpoma.net\/carto\/wp-content\/uploads\/2019\/07\/mundo-animado.jpg?resize=525%2C300&ssl=1 1.5x"},"classes":[]},{"id":726,"url":"https:\/\/alpoma.net\/carto\/?p=726","url_meta":{"origin":505,"position":4},"title":"\u00bfD\u00f3nde est\u00e1n las startups? (y II)","author":"alpoma","date":"diciembre 3, 2008","format":false,"excerpt":"Hace varios meses visit\u00f3 La Cartoteca un proyecto que pretend\u00eda, y pretende, listar y localizar startups tecnol\u00f3gicas a lo largo y ancho de todo el planeta. Se trataba de StartupWarrior, una idea que ahora vengo a complementar con algo similar, pero enfocado desde el punto de vista visual de una\u2026","rel":"","context":"En \u00abEn l\u00ednea\u00bb","block_context":{"text":"En l\u00ednea","link":"https:\/\/alpoma.net\/carto\/?cat=5"},"img":{"alt_text":"","src":"https:\/\/i0.wp.com\/alpoma.net\/carto\/wp-content\/uploads\/2008\/12\/3079330423_c65fd9a457_o.jpg?resize=350%2C200&ssl=1","width":350,"height":200,"srcset":"https:\/\/i0.wp.com\/alpoma.net\/carto\/wp-content\/uploads\/2008\/12\/3079330423_c65fd9a457_o.jpg?resize=350%2C200&ssl=1 1x, https:\/\/i0.wp.com\/alpoma.net\/carto\/wp-content\/uploads\/2008\/12\/3079330423_c65fd9a457_o.jpg?resize=525%2C300&ssl=1 1.5x"},"classes":[]},{"id":6195,"url":"https:\/\/alpoma.net\/carto\/?p=6195","url_meta":{"origin":505,"position":5},"title":"Las m\u00e1s antiguas representaciones cartogr\u00e1ficas de las corrientes marinas","author":"alpoma","date":"julio 30, 2015","format":false,"excerpt":"Los mapas que representan las corrientes oce\u00e1nicas superficiales son comunes hoy d\u00eda, cuando contamos con mapas que van desde lo sencillo a lo m\u00e1s abigarrado. Pero no hace tanto tiempo, tanto la propia concepci\u00f3n de lo que son las corrientes marinas como su representaci\u00f3n m\u00e1s o menos certera, constitu\u00edan grandes\u2026","rel":"","context":"En \u00abViejos mapas\u00bb","block_context":{"text":"Viejos mapas","link":"https:\/\/alpoma.net\/carto\/?cat=4"},"img":{"alt_text":"","src":"https:\/\/i0.wp.com\/alpoma.net\/carto\/wp-content\/uploads\/2015\/07\/corrientes_marinas_1685.jpg?resize=350%2C200&ssl=1","width":350,"height":200,"srcset":"https:\/\/i0.wp.com\/alpoma.net\/carto\/wp-content\/uploads\/2015\/07\/corrientes_marinas_1685.jpg?resize=350%2C200&ssl=1 1x, https:\/\/i0.wp.com\/alpoma.net\/carto\/wp-content\/uploads\/2015\/07\/corrientes_marinas_1685.jpg?resize=525%2C300&ssl=1 1.5x, https:\/\/i0.wp.com\/alpoma.net\/carto\/wp-content\/uploads\/2015\/07\/corrientes_marinas_1685.jpg?resize=700%2C400&ssl=1 2x, https:\/\/i0.wp.com\/alpoma.net\/carto\/wp-content\/uploads\/2015\/07\/corrientes_marinas_1685.jpg?resize=1050%2C600&ssl=1 3x, https:\/\/i0.wp.com\/alpoma.net\/carto\/wp-content\/uploads\/2015\/07\/corrientes_marinas_1685.jpg?resize=1400%2C800&ssl=1 4x"},"classes":[]}],"jetpack_sharing_enabled":true,"_links":{"self":[{"href":"https:\/\/alpoma.net\/carto\/index.php?rest_route=\/wp\/v2\/posts\/505","targetHints":{"allow":["GET"]}}],"collection":[{"href":"https:\/\/alpoma.net\/carto\/index.php?rest_route=\/wp\/v2\/posts"}],"about":[{"href":"https:\/\/alpoma.net\/carto\/index.php?rest_route=\/wp\/v2\/types\/post"}],"author":[{"embeddable":true,"href":"https:\/\/alpoma.net\/carto\/index.php?rest_route=\/wp\/v2\/users\/1"}],"replies":[{"embeddable":true,"href":"https:\/\/alpoma.net\/carto\/index.php?rest_route=%2Fwp%2Fv2%2Fcomments&post=505"}],"version-history":[{"count":0,"href":"https:\/\/alpoma.net\/carto\/index.php?rest_route=\/wp\/v2\/posts\/505\/revisions"}],"wp:featuredmedia":[{"embeddable":true,"href":"https:\/\/alpoma.net\/carto\/index.php?rest_route=\/wp\/v2\/media\/4586"}],"wp:attachment":[{"href":"https:\/\/alpoma.net\/carto\/index.php?rest_route=%2Fwp%2Fv2%2Fmedia&parent=505"}],"wp:term":[{"taxonomy":"category","embeddable":true,"href":"https:\/\/alpoma.net\/carto\/index.php?rest_route=%2Fwp%2Fv2%2Fcategories&post=505"},{"taxonomy":"post_tag","embeddable":true,"href":"https:\/\/alpoma.net\/carto\/index.php?rest_route=%2Fwp%2Fv2%2Ftags&post=505"}],"curies":[{"name":"wp","href":"https:\/\/api.w.org\/{rel}","templated":true}]}}