{"id":483,"date":"2008-02-27T19:16:01","date_gmt":"2008-02-27T17:16:01","guid":{"rendered":"http:\/\/alpoma.net\/carto\/?p=483"},"modified":"2008-11-12T17:32:13","modified_gmt":"2008-11-12T15:32:13","slug":"proyecto-atlas-de-la-malaria","status":"publish","type":"post","link":"https:\/\/alpoma.net\/carto\/?p=483","title":{"rendered":"Proyecto Atlas de la Malaria"},"content":{"rendered":"<p>El <strong>Malaria Atlas Project<\/strong> (MAP) es un proyecto encaminado a desarrollar un <strong>mapa global de riesgos<\/strong>, centrado en la malaria. Cerca de un 35 por ciento de la poblaci\u00f3n mundial se encuentra en \u00e1reas de riesgo de infecci\u00f3n por malaria, pero ante tan imponente dato hay que resaltar que el riesgo ha disminuido en muchas zonas en los \u00faltimos a\u00f1os y, es de suponer, que en el futuro se reduzca m\u00e1s el riesgo o, incluso, desaparezca en ciertos lugares gracias a la lucha que contra esta enfermedad se est\u00e1 llevando a cabo. <\/p>\n<p>El MAP ha logrado unificar datos de casi noventa pa\u00edses y cuenta ahora con un mapa, todav\u00eda en fase de desarrollo, que puede considerarse como una <strong>pintura global del riesgo de contraer malaria<\/strong>. Tal esfuerzo est\u00e1 siendo llevado a cabo por la Universidad de Oxford y el Instituto de Investigaci\u00f3n M\u00e9dica de Kenia. Se trata, sin duda, de una investigaci\u00f3n meritoria.<br \/>\n<strong><br \/>\nM\u00e1s informaci\u00f3n<\/strong>:<br \/>\n<strong><a href=\"http:\/\/www.map.ox.ac.uk\/index.htm\" class=\"enlaces\">Malaria Atlas Project (MAP)<\/a><\/strong> (Con datos detallados sobre procedimientos y fuentes).<\/p>\n<p>| <a href=\"http:\/\/farm4.static.flickr.com\/3098\/2296608124_16cd6f9c26_o.png\">Ampliar mapa<\/a> |<br \/>\n<img decoding=\"async\" src=\"http:\/\/farm4.static.flickr.com\/3098\/2296608124_f6ff9ca36d.jpg\" alt=\"img\" class=\"otros\"\/><\/p>\n<p>| V\u00eda <a href=\"http:\/\/vector1media.com\/spatialsustain\/?p=500\">Spatial Sustain<\/a> |<\/p>\n","protected":false},"excerpt":{"rendered":"<div class=\"mh-excerpt\"><p>El Malaria Atlas Project (MAP) es un proyecto encaminado a desarrollar un mapa global de riesgos, centrado en la malaria. Cerca de un 35 por <a class=\"mh-excerpt-more\" href=\"https:\/\/alpoma.net\/carto\/?p=483\" title=\"Proyecto Atlas de la Malaria\">[&#8230;]<\/a><\/p>\n<\/div>","protected":false},"author":1,"featured_media":4462,"comment_status":"open","ping_status":"open","sticky":false,"template":"","format":"standard","meta":{"jetpack_post_was_ever_published":false,"_jetpack_newsletter_access":"","_jetpack_dont_email_post_to_subs":false,"_jetpack_newsletter_tier_id":0,"_jetpack_memberships_contains_paywalled_content":false,"_jetpack_memberships_contains_paid_content":false,"footnotes":""},"categories":[9,5,13,6],"tags":[],"class_list":["post-483","post","type-post","status-publish","format-standard","has-post-thumbnail","hentry","category-cartografia","category-en-linea","category-geomed","category-riesgos-naturales"],"jetpack_featured_media_url":"https:\/\/alpoma.net\/carto\/wp-content\/uploads\/2008\/02\/2296608124_f6ff9ca36d.jpg","jetpack_shortlink":"https:\/\/wp.me\/p93Co9-7N","jetpack-related-posts":[{"id":2423,"url":"https:\/\/alpoma.net\/carto\/?p=2423","url_meta":{"origin":483,"position":0},"title":"Terremotos y poblaci\u00f3n: una visi\u00f3n global","author":"alpoma","date":"marzo 17, 2011","format":false,"excerpt":"El siguiente cartograma centra su atenci\u00f3n en un asunto muy actual. Se trata de una representaci\u00f3n realizada por Benjamin Hennig para el SASI Research Group (Universidad de Sheffield), en la que, sobre un mapa distorsionado del mundo seg\u00fan tama\u00f1o de la poblaci\u00f3n, se indican las \u00e1reas con mayor riesgo s\u00edsmico\u2026","rel":"","context":"En \u00abCartograf\u00eda\u00bb","block_context":{"text":"Cartograf\u00eda","link":"https:\/\/alpoma.net\/carto\/?cat=9"},"img":{"alt_text":"","src":"https:\/\/i0.wp.com\/alpoma.net\/carto\/wp-content\/uploads\/2011\/03\/5535526996_1504d1a85b_z.jpg?resize=350%2C200&ssl=1","width":350,"height":200,"srcset":"https:\/\/i0.wp.com\/alpoma.net\/carto\/wp-content\/uploads\/2011\/03\/5535526996_1504d1a85b_z.jpg?resize=350%2C200&ssl=1 1x, https:\/\/i0.wp.com\/alpoma.net\/carto\/wp-content\/uploads\/2011\/03\/5535526996_1504d1a85b_z.jpg?resize=525%2C300&ssl=1 1.5x"},"classes":[]},{"id":254,"url":"https:\/\/alpoma.net\/carto\/?p=254","url_meta":{"origin":483,"position":1},"title":"Proyecto Epidemio","author":"alpoma","date":"septiembre 8, 2006","format":false,"excerpt":"La Agencia Espacial Europea, a trav\u00e9s del Proyecto Epidemio, pretende utilizar conjuntamente datos de campo con informaci\u00f3n de sat\u00e9lite para investigar diversos campos en geograf\u00eda m\u00e9dica, como la dispersi\u00f3n geogr\u00e1fica de casos de meningitis y los posibles factores ambientales asociados: Very serious human diseases, such as malaria and meningitis, are\u2026","rel":"","context":"En \u00abGeograf\u00eda\u00bb","block_context":{"text":"Geograf\u00eda","link":"https:\/\/alpoma.net\/carto\/?cat=7"},"img":{"alt_text":"epidemio_logo","src":"https:\/\/i0.wp.com\/static.flickr.com\/96\/237793668_2aeb707c58_t.jpg?resize=350%2C200","width":350,"height":200},"classes":[]},{"id":38,"url":"https:\/\/alpoma.net\/carto\/?p=38","url_meta":{"origin":483,"position":2},"title":"Los efectos espaciales de los riesgos naturales","author":"alpoma","date":"diciembre 3, 2005","format":false,"excerpt":"Los riesgos como factor de desarrollo \/ subdesarrollo: A perro flaco todo son pulgas, el refr\u00e1n puede aplicarse a la consideraci\u00f3n de los riesgos como factores de desarrollo y subdesarrollo. La manera de enfrentarse a los riesgos naturales, la mentalidad y preparaci\u00f3n ante los mismos es muy diferente dependiendo del\u2026","rel":"","context":"En \u00abGeograf\u00eda\u00bb","block_context":{"text":"Geograf\u00eda","link":"https:\/\/alpoma.net\/carto\/?cat=7"},"img":{"alt_text":"","src":"","width":0,"height":0},"classes":[]},{"id":223,"url":"https:\/\/alpoma.net\/carto\/?p=223","url_meta":{"origin":483,"position":3},"title":"Meteoalerta","author":"alpoma","date":"julio 11, 2006","format":false,"excerpt":"En estos d\u00edas en los que Espa\u00f1a est\u00e1 sufriendo eso que los medios llaman \"olas\" de calor, un servicio como el de Meteoalerta, que acaba de poner en marcha el Instituto Nacional de Meteorolog\u00eda, no viene nada mal. Tal y como informa el diario El Mundo: El INM estrena un\u2026","rel":"","context":"En \u00abEn l\u00ednea\u00bb","block_context":{"text":"En l\u00ednea","link":"https:\/\/alpoma.net\/carto\/?cat=5"},"img":{"alt_text":"logo2_links_meteo","src":"https:\/\/i0.wp.com\/static.flickr.com\/63\/187427014_b5081bf8c7_o.gif?resize=350%2C200","width":350,"height":200},"classes":[]},{"id":208,"url":"https:\/\/alpoma.net\/carto\/?p=208","url_meta":{"origin":483,"position":4},"title":"Mapa global de rayos","author":"alpoma","date":"junio 18, 2006","format":false,"excerpt":"He aqu\u00ed un curioso e interesante recursos, al que llego desde geology.com y que ofrece una representaci\u00f3n global de los rayos que anualmente se producen en la atm\u00f3sfera, preparado por la NASA. El inter\u00e9s de esta representaci\u00f3n va m\u00e1s all\u00e1 de lo meramente t\u00e9cnico o visual, puesto que son los\u2026","rel":"","context":"En \u00abEn l\u00ednea\u00bb","block_context":{"text":"En l\u00ednea","link":"https:\/\/alpoma.net\/carto\/?cat=5"},"img":{"alt_text":"","src":"https:\/\/i0.wp.com\/alpoma.net\/carto\/wp-content\/uploads\/2006\/06\/169497955_c2ebf95ccf_o.jpg?resize=350%2C200&ssl=1","width":350,"height":200,"srcset":"https:\/\/i0.wp.com\/alpoma.net\/carto\/wp-content\/uploads\/2006\/06\/169497955_c2ebf95ccf_o.jpg?resize=350%2C200&ssl=1 1x, https:\/\/i0.wp.com\/alpoma.net\/carto\/wp-content\/uploads\/2006\/06\/169497955_c2ebf95ccf_o.jpg?resize=525%2C300&ssl=1 1.5x"},"classes":[]},{"id":360,"url":"https:\/\/alpoma.net\/carto\/?p=360","url_meta":{"origin":483,"position":5},"title":"Atlas mundial de inundaciones","author":"alpoma","date":"junio 25, 2007","format":false,"excerpt":"De inter\u00e9s en el estudio de riesgos naturales, he aqu\u00ed un trabajo del Dartmouth College que muestra representaciones cartogr\u00e1ficas, algunas de ellas animadas, sobre inundaciones en todo el planeta basadas en datos registrados en los \u00faltimos veinte a\u00f1os: World Atlas of Flooded Lands Naturalmente, las \u00e1reas marcadas en rojo en\u2026","rel":"","context":"En \u00abRiesgos Naturales\u00bb","block_context":{"text":"Riesgos Naturales","link":"https:\/\/alpoma.net\/carto\/?cat=6"},"img":{"alt_text":"","src":"https:\/\/i0.wp.com\/alpoma.net\/carto\/wp-content\/uploads\/2007\/06\/623408114_a4057ca2ed.jpg?resize=350%2C200&ssl=1","width":350,"height":200},"classes":[]}],"jetpack_sharing_enabled":true,"_links":{"self":[{"href":"https:\/\/alpoma.net\/carto\/index.php?rest_route=\/wp\/v2\/posts\/483","targetHints":{"allow":["GET"]}}],"collection":[{"href":"https:\/\/alpoma.net\/carto\/index.php?rest_route=\/wp\/v2\/posts"}],"about":[{"href":"https:\/\/alpoma.net\/carto\/index.php?rest_route=\/wp\/v2\/types\/post"}],"author":[{"embeddable":true,"href":"https:\/\/alpoma.net\/carto\/index.php?rest_route=\/wp\/v2\/users\/1"}],"replies":[{"embeddable":true,"href":"https:\/\/alpoma.net\/carto\/index.php?rest_route=%2Fwp%2Fv2%2Fcomments&post=483"}],"version-history":[{"count":0,"href":"https:\/\/alpoma.net\/carto\/index.php?rest_route=\/wp\/v2\/posts\/483\/revisions"}],"wp:featuredmedia":[{"embeddable":true,"href":"https:\/\/alpoma.net\/carto\/index.php?rest_route=\/wp\/v2\/media\/4462"}],"wp:attachment":[{"href":"https:\/\/alpoma.net\/carto\/index.php?rest_route=%2Fwp%2Fv2%2Fmedia&parent=483"}],"wp:term":[{"taxonomy":"category","embeddable":true,"href":"https:\/\/alpoma.net\/carto\/index.php?rest_route=%2Fwp%2Fv2%2Fcategories&post=483"},{"taxonomy":"post_tag","embeddable":true,"href":"https:\/\/alpoma.net\/carto\/index.php?rest_route=%2Fwp%2Fv2%2Ftags&post=483"}],"curies":[{"name":"wp","href":"https:\/\/api.w.org\/{rel}","templated":true}]}}