{"id":482,"date":"2008-02-27T01:44:30","date_gmt":"2008-02-26T23:44:30","guid":{"rendered":"http:\/\/alpoma.net\/carto\/?p=482"},"modified":"2008-02-27T01:47:05","modified_gmt":"2008-02-26T23:47:05","slug":"mapa-de-redes-sociales","status":"publish","type":"post","link":"https:\/\/alpoma.net\/carto\/?p=482","title":{"rendered":"Mapa de redes sociales&#8230;"},"content":{"rendered":"<p>&#8230;seg\u00fan <em>Le Monde<\/em>:<\/p>\n<p><strong><a href=\"http:\/\/www.lemonde.fr\/web\/infog\/0,47-0@2-651865,54-999097@51-999297,0.html\" class=\"enlaces\">R\u00e9seaux sociaux : des audiences diff\u00e9rentes selon les continents<\/a><\/strong><\/p>\n<p>| <a href=\"http:\/\/farm4.static.flickr.com\/3009\/2294287301_4eec0da9f7_o.gif\">Ver mapa ampliado <\/a>|<br \/>\n<img decoding=\"async\" src=\"http:\/\/farm4.static.flickr.com\/3009\/2294287301_e7b0820479.jpg\" alt=\"img\" class=\"otros\"\/><\/p>\n<p>| V\u00eda <a href=\"http:\/\/veryspatial.com\/?p=2010\">Very Spatial <\/a>|<\/p>\n","protected":false},"excerpt":{"rendered":"<div class=\"mh-excerpt\"><p>&#8230;seg\u00fan Le Monde: R\u00e9seaux sociaux : des audiences diff\u00e9rentes selon les continents | Ver mapa ampliado | | V\u00eda Very Spatial |<\/p>\n<\/div>","protected":false},"author":1,"featured_media":0,"comment_status":"open","ping_status":"open","sticky":false,"template":"","format":"standard","meta":{"jetpack_post_was_ever_published":false,"_jetpack_newsletter_access":"","_jetpack_dont_email_post_to_subs":false,"_jetpack_newsletter_tier_id":0,"_jetpack_memberships_contains_paywalled_content":false,"_jetpack_memberships_contains_paid_content":false,"footnotes":""},"categories":[9,5],"tags":[],"class_list":["post-482","post","type-post","status-publish","format-standard","hentry","category-cartografia","category-en-linea"],"jetpack_featured_media_url":"","jetpack_shortlink":"https:\/\/wp.me\/p93Co9-7M","jetpack-related-posts":[{"id":4311,"url":"https:\/\/alpoma.net\/carto\/?p=4311","url_meta":{"origin":482,"position":0},"title":"Nuevo mapa geol\u00f3gico de Marte","author":"alpoma","date":"julio 18, 2014","format":false,"excerpt":"El USGS acaba de presentar una nueva versi\u00f3n del mapa geol\u00f3gico de Marte que tiene una apariencia impresionante. Este mapa geol\u00f3gico global marciano recoge la distribuci\u00f3n de grandes \u00e1reas geol\u00f3gicas y geomorfol\u00f3gicas de la superficie total del planeta rojo. Para su realizaci\u00f3n se ha recopilado, analizado y resumido una gran\u2026","rel":"","context":"En \u00abCartograf\u00eda\u00bb","block_context":{"text":"Cartograf\u00eda","link":"https:\/\/alpoma.net\/carto\/?cat=9"},"img":{"alt_text":"","src":"https:\/\/i0.wp.com\/alpoma.net\/carto\/wp-content\/uploads\/2014\/07\/mapa_geologico_marte.jpg?resize=350%2C200&ssl=1","width":350,"height":200,"srcset":"https:\/\/i0.wp.com\/alpoma.net\/carto\/wp-content\/uploads\/2014\/07\/mapa_geologico_marte.jpg?resize=350%2C200&ssl=1 1x, https:\/\/i0.wp.com\/alpoma.net\/carto\/wp-content\/uploads\/2014\/07\/mapa_geologico_marte.jpg?resize=525%2C300&ssl=1 1.5x, https:\/\/i0.wp.com\/alpoma.net\/carto\/wp-content\/uploads\/2014\/07\/mapa_geologico_marte.jpg?resize=700%2C400&ssl=1 2x"},"classes":[]},{"id":607,"url":"https:\/\/alpoma.net\/carto\/?p=607","url_meta":{"origin":482,"position":1},"title":"Mapa del C\u00e1ucaso","author":"alpoma","date":"agosto 11, 2008","format":false,"excerpt":"Como complemento al listado de recursos que publiqu\u00e9 en el art\u00edculo Guerra en Osetia del Sur, he aqu\u00ed un estupendo mapa del Departamento de Estado de EEUU sobre la regi\u00f3n cauc\u00e1sica, mostrando infraestructuras y recursos: | Ver mapa ampliado | | Mapa perteneciente a la regi\u00f3n cauc\u00e1sica en 1994 -\u2026","rel":"","context":"En \u00abCartograf\u00eda\u00bb","block_context":{"text":"Cartograf\u00eda","link":"https:\/\/alpoma.net\/carto\/?cat=9"},"img":{"alt_text":"","src":"https:\/\/i0.wp.com\/alpoma.net\/carto\/wp-content\/uploads\/2008\/08\/2752996116_9acb15523b_o.png?resize=350%2C200&ssl=1","width":350,"height":200,"srcset":"https:\/\/i0.wp.com\/alpoma.net\/carto\/wp-content\/uploads\/2008\/08\/2752996116_9acb15523b_o.png?resize=350%2C200&ssl=1 1x, https:\/\/i0.wp.com\/alpoma.net\/carto\/wp-content\/uploads\/2008\/08\/2752996116_9acb15523b_o.png?resize=525%2C300&ssl=1 1.5x"},"classes":[]},{"id":329,"url":"https:\/\/alpoma.net\/carto\/?p=329","url_meta":{"origin":482,"position":2},"title":"Mapa Visual de la Web 2.0","author":"alpoma","date":"abril 24, 2007","format":false,"excerpt":"Surgido de la mente de los Microsiervos \u2013en realidad, de la facci\u00f3n que habita en Internality\u2013 llega este atractivo mapa visual que muestra algunos de los servicios de lo que se ha dado en llamar Web 2.0, un complemento ideal para el libro editado por la Fundaci\u00f3n Orange: La Web\u2026","rel":"","context":"En \u00abEn l\u00ednea\u00bb","block_context":{"text":"En l\u00ednea","link":"https:\/\/alpoma.net\/carto\/?cat=5"},"img":{"alt_text":"","src":"https:\/\/i0.wp.com\/alpoma.net\/carto\/wp-content\/uploads\/2007\/04\/471222433_dde29eb51c.jpg?resize=350%2C200&ssl=1","width":350,"height":200},"classes":[]},{"id":838,"url":"https:\/\/alpoma.net\/carto\/?p=838","url_meta":{"origin":482,"position":3},"title":"Mapa sonoro del Pa\u00eds Vasco","author":"alpoma","date":"junio 28, 2009","format":false,"excerpt":"Gracias a un amable comentario en la \u00faltima anotaci\u00f3n que La Cartoteca dedic\u00f3 a mapas sonoros, llegu\u00e9 a este atractivo proyecto que ha llamado mi atenci\u00f3n. Se trata de un audiomapa colaborativo del Pa\u00eds Vasco: ...el proyecto colaborativo SOINU MAPA, Mapa sonoro del Pa\u00eds Vasco, basado en la \u201cfonograf\u00eda\u201d o\u2026","rel":"","context":"En \u00abEn l\u00ednea\u00bb","block_context":{"text":"En l\u00ednea","link":"https:\/\/alpoma.net\/carto\/?cat=5"},"img":{"alt_text":"","src":"https:\/\/i0.wp.com\/alpoma.net\/carto\/wp-content\/uploads\/2009\/06\/3668212264_e7d5be0e47_o.jpg?resize=350%2C200&ssl=1","width":350,"height":200,"srcset":"https:\/\/i0.wp.com\/alpoma.net\/carto\/wp-content\/uploads\/2009\/06\/3668212264_e7d5be0e47_o.jpg?resize=350%2C200&ssl=1 1x, https:\/\/i0.wp.com\/alpoma.net\/carto\/wp-content\/uploads\/2009\/06\/3668212264_e7d5be0e47_o.jpg?resize=525%2C300&ssl=1 1.5x"},"classes":[]},{"id":2377,"url":"https:\/\/alpoma.net\/carto\/?p=2377","url_meta":{"origin":482,"position":4},"title":"Mapa de infografistas por el mundo","author":"alpoma","date":"marzo 10, 2011","format":false,"excerpt":"Chiqui Esteban, toda una referencia en el arte de la infograf\u00eda, volvi\u00f3 a la carga hace poco tiempo con su mapa de infografistas del mundo. El primer intento tuvo un final abrupto cuando alguien decidi\u00f3 borrar los datos del mapa original. Ahora, aunque sigue funcionando sobre Google Maps, ya no\u2026","rel":"","context":"En \u00abEn l\u00ednea\u00bb","block_context":{"text":"En l\u00ednea","link":"https:\/\/alpoma.net\/carto\/?cat=5"},"img":{"alt_text":"","src":"","width":0,"height":0},"classes":[]},{"id":725,"url":"https:\/\/alpoma.net\/carto\/?p=725","url_meta":{"origin":482,"position":5},"title":"Mapa de la crisis en Catalu\u00f1a","author":"alpoma","date":"diciembre 3, 2008","format":false,"excerpt":"Esto no me lo esperaba, aunque tampoco se trata de algo que no se viera venir. Veamos, teniendo a mano algo tan sencillo de utilizar como GoogleMaps, puede uno imaginarse que podr\u00eda emplearse para marcar puntos sobre un mapa referidos a pr\u00e1cticamente cualquier cosa. Dicho esto, a pocos sorprender\u00e1 esta\u2026","rel":"","context":"En \u00abEn l\u00ednea\u00bb","block_context":{"text":"En l\u00ednea","link":"https:\/\/alpoma.net\/carto\/?cat=5"},"img":{"alt_text":"","src":"","width":0,"height":0},"classes":[]}],"jetpack_sharing_enabled":true,"_links":{"self":[{"href":"https:\/\/alpoma.net\/carto\/index.php?rest_route=\/wp\/v2\/posts\/482","targetHints":{"allow":["GET"]}}],"collection":[{"href":"https:\/\/alpoma.net\/carto\/index.php?rest_route=\/wp\/v2\/posts"}],"about":[{"href":"https:\/\/alpoma.net\/carto\/index.php?rest_route=\/wp\/v2\/types\/post"}],"author":[{"embeddable":true,"href":"https:\/\/alpoma.net\/carto\/index.php?rest_route=\/wp\/v2\/users\/1"}],"replies":[{"embeddable":true,"href":"https:\/\/alpoma.net\/carto\/index.php?rest_route=%2Fwp%2Fv2%2Fcomments&post=482"}],"version-history":[{"count":0,"href":"https:\/\/alpoma.net\/carto\/index.php?rest_route=\/wp\/v2\/posts\/482\/revisions"}],"wp:attachment":[{"href":"https:\/\/alpoma.net\/carto\/index.php?rest_route=%2Fwp%2Fv2%2Fmedia&parent=482"}],"wp:term":[{"taxonomy":"category","embeddable":true,"href":"https:\/\/alpoma.net\/carto\/index.php?rest_route=%2Fwp%2Fv2%2Fcategories&post=482"},{"taxonomy":"post_tag","embeddable":true,"href":"https:\/\/alpoma.net\/carto\/index.php?rest_route=%2Fwp%2Fv2%2Ftags&post=482"}],"curies":[{"name":"wp","href":"https:\/\/api.w.org\/{rel}","templated":true}]}}