{"id":460,"date":"2008-01-30T21:00:35","date_gmt":"2008-01-30T19:00:35","guid":{"rendered":"http:\/\/alpoma.net\/carto\/?p=460"},"modified":"2008-01-31T20:00:32","modified_gmt":"2008-01-31T18:00:32","slug":"plan-nacional-de-referenciacion-geografica-municipal","status":"publish","type":"post","link":"https:\/\/alpoma.net\/carto\/?p=460","title":{"rendered":"Plan nacional de referenciaci\u00f3n geogr\u00e1fica municipal"},"content":{"rendered":"<p>Siguiendo la estela de la \u00abplaca\u00bb geogr\u00e1fica palentina <strong><a href=\"http:\/\/alpoma.net\/carto\/?p=459\">de ayer<\/a><\/strong>, me avisa Rafael L\u00f3pez, a quien agradezco mucho la informaci\u00f3n, sobre el Plan nacional de referenciaci\u00f3n geogr\u00e1fica municipal seg\u00fan el <strong>Sistema de Referencia europeo ETRS89<\/strong> que, al parecer, ha <strong><a href=\"http:\/\/www.nosolosig.com\/noticias_tecnologias_de_la_informacion_geografica\/leido_en_los_medios\/cantabria_sera_la_primera_comunidad_en_desarrollar_el_plan_nacional_de_referenciacion_geografica_mun.html\">comenzado a aplicarse en Cantabria<\/a><\/strong>. Acompa\u00f1a este art\u00edculo un recorte sobre el tema y un ejemplo de \u00abplaca\u00bb de nueva generaci\u00f3n. <\/p>\n<p><strong>| <a href=\"http:\/\/farm3.static.flickr.com\/2248\/2231334664_0bb097ed9e_o.jpg\">Ver ampliado<\/a> |<\/strong> <strong>| Fuente: <a href=\"http:\/\/www.fomento.es\/MFOM\/LANG_CASTELLANO\/DIRECCIONES_GENERALES\/INSTITUTO_GEOGRAFICO\/_INFORMACION\/BOLETIN_INFORMATIVO\/\">Bolet\u00edn del IGN, n\u00famero 28, p\u00e1gina 8<\/a> |<\/strong><br \/>\n<img decoding=\"async\" src=\"http:\/\/farm3.static.flickr.com\/2248\/2231334664_cae869aa03.jpg\" alt=\"img\" class=\"otros\"\/><\/p>\n<p>Una de las nuevas placas:<br \/>\n<img decoding=\"async\" src=\"http:\/\/farm3.static.flickr.com\/2363\/2230540263_8395f0c0da_o.jpg\" alt=\"img\" \/><\/p>\n","protected":false},"excerpt":{"rendered":"<div class=\"mh-excerpt\"><p>Siguiendo la estela de la \u00abplaca\u00bb geogr\u00e1fica palentina de ayer, me avisa Rafael L\u00f3pez, a quien agradezco mucho la informaci\u00f3n, sobre el Plan nacional de <a class=\"mh-excerpt-more\" href=\"https:\/\/alpoma.net\/carto\/?p=460\" title=\"Plan nacional de referenciaci\u00f3n geogr\u00e1fica municipal\">[&#8230;]<\/a><\/p>\n<\/div>","protected":false},"author":1,"featured_media":4927,"comment_status":"open","ping_status":"open","sticky":false,"template":"","format":"standard","meta":{"jetpack_post_was_ever_published":false,"_jetpack_newsletter_access":"","_jetpack_dont_email_post_to_subs":false,"_jetpack_newsletter_tier_id":0,"_jetpack_memberships_contains_paywalled_content":false,"_jetpack_memberships_contains_paid_content":false,"footnotes":""},"categories":[7],"tags":[],"class_list":["post-460","post","type-post","status-publish","format-standard","has-post-thumbnail","hentry","category-geografia"],"jetpack_featured_media_url":"https:\/\/alpoma.net\/carto\/wp-content\/uploads\/2008\/01\/2231334664_cae869aa03.jpg","jetpack_shortlink":"https:\/\/wp.me\/p93Co9-7q","jetpack-related-posts":[{"id":2587,"url":"https:\/\/alpoma.net\/carto\/?p=2587","url_meta":{"origin":460,"position":0},"title":"Nuevos cursos e-learning, DMS Group","author":"alpoma","date":"mayo 24, 2011","format":false,"excerpt":"Me hago eco de una nueva oferta formativa realmente interesante: DMS Group, empresa especializada en Infraestructuras de Datos Espaciales y Sistemas de Informaci\u00f3n Geogr\u00e1fica, lanza nuevos cursos de formaci\u00f3n e-learning. Nuestros a\u00f1os de experiencia y los trabajos realizados con el Instituto Geogr\u00e1fico Nacional, Instituto Geol\u00f3gico y Minero de Espa\u00f1a, Ministerio\u2026","rel":"","context":"En \u00abEn l\u00ednea\u00bb","block_context":{"text":"En l\u00ednea","link":"https:\/\/alpoma.net\/carto\/?cat=5"},"img":{"alt_text":"","src":"https:\/\/i0.wp.com\/alpoma.net\/carto\/wp-content\/uploads\/2011\/05\/5755335058_057b3f7683_o.jpg?resize=350%2C200&ssl=1","width":350,"height":200,"srcset":"https:\/\/i0.wp.com\/alpoma.net\/carto\/wp-content\/uploads\/2011\/05\/5755335058_057b3f7683_o.jpg?resize=350%2C200&ssl=1 1x, https:\/\/i0.wp.com\/alpoma.net\/carto\/wp-content\/uploads\/2011\/05\/5755335058_057b3f7683_o.jpg?resize=525%2C300&ssl=1 1.5x"},"classes":[]},{"id":515,"url":"https:\/\/alpoma.net\/carto\/?p=515","url_meta":{"origin":460,"position":1},"title":"Sobre la liberaci\u00f3n de datos geogr\u00e1ficos en Espa\u00f1a","author":"alpoma","date":"abril 11, 2008","format":false,"excerpt":"Hace unas horas, Amio Cajander me ha recordado algo que tengo en espera desde ayer, aunque con la falta de tiempo de los \u00faltimos d\u00edas, se me hab\u00eda olvidado. Se trata de la publicacion en el BOE (85 de 8\/4\/2008) de la ORDEN FOM\/956\/2008, de 31 de marzo, por la\u2026","rel":"","context":"En \u00abCartograf\u00eda\u00bb","block_context":{"text":"Cartograf\u00eda","link":"https:\/\/alpoma.net\/carto\/?cat=9"},"img":{"alt_text":"","src":"","width":0,"height":0},"classes":[]},{"id":2733,"url":"https:\/\/alpoma.net\/carto\/?p=2733","url_meta":{"origin":460,"position":2},"title":"[Convocatoria] Cursos e-learning de DMS Group","author":"alpoma","date":"septiembre 9, 2011","format":false,"excerpt":"Me llega una convocatoria que creo puede ser de inter\u00e9s de muchos lectores de La Cartoteca. Y ya aprovecho para comentar que, en breve, este blog volver\u00e1 a su ritmo habitual de publicaci\u00f3n, despu\u00e9s del peque\u00f1o desierto de las \u00faltimas semanas en las que no he tenido tiempo de casi\u2026","rel":"","context":"En \u00abEn l\u00ednea\u00bb","block_context":{"text":"En l\u00ednea","link":"https:\/\/alpoma.net\/carto\/?cat=5"},"img":{"alt_text":"dms_group","src":"https:\/\/i0.wp.com\/farm7.static.flickr.com\/6061\/6130662033_ab7088edd0_t.jpg?resize=350%2C200","width":350,"height":200},"classes":[]},{"id":2539,"url":"https:\/\/alpoma.net\/carto\/?p=2539","url_meta":{"origin":460,"position":3},"title":"Sistema de Informaci\u00f3n Geogr\u00e1fica Nacional (SIGNA)","author":"alpoma","date":"abril 28, 2011","format":false,"excerpt":"No creo que pueda hincar el diente a esto al menos hasta mediados de mayo, por falta de tiempo para revisarlo con calma, pero aunque no lo haya probado, no quiero dejar pasar la oportunidad de comentar su existencia en La Cartoteca, porque estoy seguro de que habr\u00e1 muchas personas\u2026","rel":"","context":"En \u00abSIG\u00bb","block_context":{"text":"SIG","link":"https:\/\/alpoma.net\/carto\/?cat=2"},"img":{"alt_text":"SIGNA","src":"https:\/\/i0.wp.com\/farm6.static.flickr.com\/5309\/5664318438_805434c82a_o.jpg?resize=350%2C200","width":350,"height":200},"classes":[]},{"id":172,"url":"https:\/\/alpoma.net\/carto\/?p=172","url_meta":{"origin":460,"position":4},"title":"SIGNA","author":"alpoma","date":"abril 19, 2006","format":false,"excerpt":"Entre los diversos servicios que, a trav\u00e9s de su web, presenta el Instituto Geogr\u00e1fico Nacional de Espa\u00f1a, uno de los m\u00e1s atractivos es el interface interactivo de SIGNA: Sistema de Informaci\u00f3n Geogr\u00e1fica Nacional, merece la pena explorarlo. (Tiene algunas \"pegas\", sobre todo si cuentas con una conexi\u00f3n lenta, pero es\u2026","rel":"","context":"En \u00abCartograf\u00eda\u00bb","block_context":{"text":"Cartograf\u00eda","link":"https:\/\/alpoma.net\/carto\/?cat=9"},"img":{"alt_text":"","src":"","width":0,"height":0},"classes":[]},{"id":113,"url":"https:\/\/alpoma.net\/carto\/?p=113","url_meta":{"origin":460,"position":5},"title":"Por una informaci\u00f3n geogr\u00e1fica libre","author":"alpoma","date":"febrero 15, 2006","format":false,"excerpt":"Ante las primeras propuestas acerca de la Directiva Europea INSPIRE, se ha abierto un wiki destinado a contener una petici\u00f3n al Parlamento Europeo a favor de una informaci\u00f3n geogr\u00e1fica libre y gratuita: Petici\u00f3n al Parlamento Europeo Los abajo firmantes pedimos a los Miembros del Parlamento Europeo que rechacen el actual\u2026","rel":"","context":"En \u00abMiscel\u00e1nea\u00bb","block_context":{"text":"Miscel\u00e1nea","link":"https:\/\/alpoma.net\/carto\/?cat=1"},"img":{"alt_text":"","src":"","width":0,"height":0},"classes":[]}],"jetpack_sharing_enabled":true,"_links":{"self":[{"href":"https:\/\/alpoma.net\/carto\/index.php?rest_route=\/wp\/v2\/posts\/460","targetHints":{"allow":["GET"]}}],"collection":[{"href":"https:\/\/alpoma.net\/carto\/index.php?rest_route=\/wp\/v2\/posts"}],"about":[{"href":"https:\/\/alpoma.net\/carto\/index.php?rest_route=\/wp\/v2\/types\/post"}],"author":[{"embeddable":true,"href":"https:\/\/alpoma.net\/carto\/index.php?rest_route=\/wp\/v2\/users\/1"}],"replies":[{"embeddable":true,"href":"https:\/\/alpoma.net\/carto\/index.php?rest_route=%2Fwp%2Fv2%2Fcomments&post=460"}],"version-history":[{"count":0,"href":"https:\/\/alpoma.net\/carto\/index.php?rest_route=\/wp\/v2\/posts\/460\/revisions"}],"wp:featuredmedia":[{"embeddable":true,"href":"https:\/\/alpoma.net\/carto\/index.php?rest_route=\/wp\/v2\/media\/4927"}],"wp:attachment":[{"href":"https:\/\/alpoma.net\/carto\/index.php?rest_route=%2Fwp%2Fv2%2Fmedia&parent=460"}],"wp:term":[{"taxonomy":"category","embeddable":true,"href":"https:\/\/alpoma.net\/carto\/index.php?rest_route=%2Fwp%2Fv2%2Fcategories&post=460"},{"taxonomy":"post_tag","embeddable":true,"href":"https:\/\/alpoma.net\/carto\/index.php?rest_route=%2Fwp%2Fv2%2Ftags&post=460"}],"curies":[{"name":"wp","href":"https:\/\/api.w.org\/{rel}","templated":true}]}}