{"id":459,"date":"2008-01-30T00:39:46","date_gmt":"2008-01-29T22:39:46","guid":{"rendered":"http:\/\/alpoma.net\/carto\/?p=459"},"modified":"2008-01-30T00:40:14","modified_gmt":"2008-01-29T22:40:14","slug":"recuerdo-palentino","status":"publish","type":"post","link":"https:\/\/alpoma.net\/carto\/?p=459","title":{"rendered":"Recuerdo palentino"},"content":{"rendered":"<p>Me he cruzado muchas veces con esta placa, <strong><a href=\"http:\/\/maps.google.es\/maps?ie=UTF-8&#038;oe=utf-8&#038;client=firefox-a&#038;q=instituto+jorge+manrique&#038;near=Palencia&#038;fb=1&#038;cid=42004339,-4529492,17299044978251510152&#038;li=lmd&#038;z=14&#038;t=m\">localizada<\/a><\/strong> en el <strong><a href=\"http:\/\/www.iesjorgemanrique.com\/index.php\">Instituto Jorge Manrique<\/a><\/strong> de Palencia, pero hasta hoy no me hab\u00eda decidido a fotografiarla. En fin, todo un recuerdo que merece un espacio en <em>La Cartoteca<\/em>.<\/p>\n<p><img decoding=\"async\" src=\"http:\/\/farm3.static.flickr.com\/2250\/2228804273_5ca3ba5580_o.jpg\" alt=\"img\" \/><\/p>\n","protected":false},"excerpt":{"rendered":"<div class=\"mh-excerpt\"><p>Me he cruzado muchas veces con esta placa, localizada en el Instituto Jorge Manrique de Palencia, pero hasta hoy no me hab\u00eda decidido a fotografiarla. <a class=\"mh-excerpt-more\" href=\"https:\/\/alpoma.net\/carto\/?p=459\" title=\"Recuerdo palentino\">[&#8230;]<\/a><\/p>\n<\/div>","protected":false},"author":1,"featured_media":5052,"comment_status":"open","ping_status":"open","sticky":false,"template":"","format":"standard","meta":{"jetpack_post_was_ever_published":false,"_jetpack_newsletter_access":"","_jetpack_dont_email_post_to_subs":false,"_jetpack_newsletter_tier_id":0,"_jetpack_memberships_contains_paywalled_content":false,"_jetpack_memberships_contains_paid_content":false,"footnotes":""},"categories":[7],"tags":[],"class_list":["post-459","post","type-post","status-publish","format-standard","has-post-thumbnail","hentry","category-geografia"],"jetpack_featured_media_url":"https:\/\/alpoma.net\/carto\/wp-content\/uploads\/2008\/01\/2228804273_5ca3ba5580_o.jpg","jetpack_shortlink":"https:\/\/wp.me\/p93Co9-7p","jetpack-related-posts":[{"id":703,"url":"https:\/\/alpoma.net\/carto\/?p=703","url_meta":{"origin":459,"position":0},"title":"Interludio","author":"alpoma","date":"noviembre 10, 2008","format":false,"excerpt":"Ayer por la tarde pas\u00e9 un rato instalando nuevas versiones de varios programas y, de paso, dediqu\u00e9 algo de tiempo a plasmar algunas ideas visuales que ten\u00eda desde hace bastante. De la ociosa tarde surgi\u00f3 esta broma cartogr\u00e1fica, que une textura retro, uno de mis viejos panoramas y un recuerdo\u2026","rel":"","context":"En \u00abMiscel\u00e1nea\u00bb","block_context":{"text":"Miscel\u00e1nea","link":"https:\/\/alpoma.net\/carto\/?cat=1"},"img":{"alt_text":"","src":"https:\/\/i0.wp.com\/alpoma.net\/carto\/wp-content\/uploads\/2008\/11\/3019697145_21bd61fff2_o.jpg?resize=350%2C200&ssl=1","width":350,"height":200,"srcset":"https:\/\/i0.wp.com\/alpoma.net\/carto\/wp-content\/uploads\/2008\/11\/3019697145_21bd61fff2_o.jpg?resize=350%2C200&ssl=1 1x, https:\/\/i0.wp.com\/alpoma.net\/carto\/wp-content\/uploads\/2008\/11\/3019697145_21bd61fff2_o.jpg?resize=525%2C300&ssl=1 1.5x"},"classes":[]},{"id":454,"url":"https:\/\/alpoma.net\/carto\/?p=454","url_meta":{"origin":459,"position":1},"title":"Mapas de tiza","author":"alpoma","date":"enero 15, 2008","format":false,"excerpt":"Por alguna ignota raz\u00f3n, aunque no tengo ni idea de cual, hoy me he acordado de alguno de los primeros mapas que dibuj\u00e9. All\u00e1, a mediados de los ochenta y con poco m\u00e1s de seis a\u00f1os, recuerdo que ten\u00eda la extra\u00f1a man\u00eda de calcar con papel cebolla y un bol\u00edgrafo\u2026","rel":"","context":"En \u00abMiscel\u00e1nea\u00bb","block_context":{"text":"Miscel\u00e1nea","link":"https:\/\/alpoma.net\/carto\/?cat=1"},"img":{"alt_text":"","src":"","width":0,"height":0},"classes":[]},{"id":574,"url":"https:\/\/alpoma.net\/carto\/?p=574","url_meta":{"origin":459,"position":2},"title":"Plantillas escolares","author":"alpoma","date":"julio 4, 2008","format":false,"excerpt":"Ayer, ordenando cosas viejas, aparecieron perdidos en varios cajones, diversos objetos que no ve\u00edan la luz desde hace muchos a\u00f1os. Entre ellos, un miniproyector de filminas, del que ya he dado buena cuenta en TecOb y... \u00a1Sorpresa! En su inmaculada funda azul, renacen las plantillas de pl\u00e1stico con las que\u2026","rel":"","context":"En \u00abViejos mapas\u00bb","block_context":{"text":"Viejos mapas","link":"https:\/\/alpoma.net\/carto\/?cat=4"},"img":{"alt_text":"","src":"https:\/\/i0.wp.com\/alpoma.net\/carto\/wp-content\/uploads\/2008\/07\/2636309177_1b151433ec_o.jpg?resize=350%2C200&ssl=1","width":350,"height":200,"srcset":"https:\/\/i0.wp.com\/alpoma.net\/carto\/wp-content\/uploads\/2008\/07\/2636309177_1b151433ec_o.jpg?resize=350%2C200&ssl=1 1x, https:\/\/i0.wp.com\/alpoma.net\/carto\/wp-content\/uploads\/2008\/07\/2636309177_1b151433ec_o.jpg?resize=525%2C300&ssl=1 1.5x"},"classes":[]},{"id":1335,"url":"https:\/\/alpoma.net\/carto\/?p=1335","url_meta":{"origin":459,"position":3},"title":"Good Bye Lenine y el ocaso industrial de la Europa oriental","author":"alpoma","date":"febrero 12, 2010","format":false,"excerpt":"Con recuerdo f\u00edlmico en el t\u00edtulo, salta a la vista, un grupo de voluntariosos franceses decidi\u00f3 dar un paseo por los paisajes industriales de Europa del este. Como resultado del viaje, organizado minuciosamente en etapas, ordenado en forma de textos, v\u00eddeos y fotograf\u00edas, naci\u00f3 este proyecto web que nos permite\u2026","rel":"","context":"En \u00abEn l\u00ednea\u00bb","block_context":{"text":"En l\u00ednea","link":"https:\/\/alpoma.net\/carto\/?cat=5"},"img":{"alt_text":"","src":"https:\/\/i0.wp.com\/alpoma.net\/carto\/wp-content\/uploads\/2010\/02\/4351580666_a4943bff08_o.jpg?resize=350%2C200&ssl=1","width":350,"height":200,"srcset":"https:\/\/i0.wp.com\/alpoma.net\/carto\/wp-content\/uploads\/2010\/02\/4351580666_a4943bff08_o.jpg?resize=350%2C200&ssl=1 1x, https:\/\/i0.wp.com\/alpoma.net\/carto\/wp-content\/uploads\/2010\/02\/4351580666_a4943bff08_o.jpg?resize=525%2C300&ssl=1 1.5x"},"classes":[]},{"id":4177,"url":"https:\/\/alpoma.net\/carto\/?p=4177","url_meta":{"origin":459,"position":4},"title":"Fallece Roger Tomlinson, padre de los SIG","author":"alpoma","date":"febrero 12, 2014","format":false,"excerpt":"Acabo de enterarme del reciente fallecimiento de Roger Tomlinson, que es considerado internacionalmente como \"padre\" de la tecnolog\u00eda de Sistemas de Informaci\u00f3n Geogr\u00e1fica (SIG, o GIS en el acr\u00f3nimo ingl\u00e9s). A modo de recuerdo, rescato aqu\u00ed el art\u00edculo que publiqu\u00e9 sobre su figura a finales de 2010... ...merece la pena\u2026","rel":"","context":"En \u00abSIG\u00bb","block_context":{"text":"SIG","link":"https:\/\/alpoma.net\/carto\/?cat=2"},"img":{"alt_text":"tomlinson1","src":"https:\/\/i0.wp.com\/farm2.static.flickr.com\/1294\/5189844694_5b5f6980cc_m.jpg?resize=350%2C200","width":350,"height":200},"classes":[]},{"id":485,"url":"https:\/\/alpoma.net\/carto\/?p=485","url_meta":{"origin":459,"position":5},"title":"Google Maps API &#8211; Galer\u00eda de ejemplos","author":"alpoma","date":"febrero 29, 2008","format":false,"excerpt":"Mapperz publica hoy los enlaces a varios recursos relacionados con el uso de la API de Google Maps que, sin duda, pueden servir de ayuda a la hora de emplear esta herramienta o, como bien se recuerda en el art\u00edculo, en libre traducci\u00f3n: \u00bfPara qu\u00e9 reinventar la rueda si se\u2026","rel":"","context":"En \u00abEn l\u00ednea\u00bb","block_context":{"text":"En l\u00ednea","link":"https:\/\/alpoma.net\/carto\/?cat=5"},"img":{"alt_text":"","src":"","width":0,"height":0},"classes":[]}],"jetpack_sharing_enabled":true,"_links":{"self":[{"href":"https:\/\/alpoma.net\/carto\/index.php?rest_route=\/wp\/v2\/posts\/459","targetHints":{"allow":["GET"]}}],"collection":[{"href":"https:\/\/alpoma.net\/carto\/index.php?rest_route=\/wp\/v2\/posts"}],"about":[{"href":"https:\/\/alpoma.net\/carto\/index.php?rest_route=\/wp\/v2\/types\/post"}],"author":[{"embeddable":true,"href":"https:\/\/alpoma.net\/carto\/index.php?rest_route=\/wp\/v2\/users\/1"}],"replies":[{"embeddable":true,"href":"https:\/\/alpoma.net\/carto\/index.php?rest_route=%2Fwp%2Fv2%2Fcomments&post=459"}],"version-history":[{"count":0,"href":"https:\/\/alpoma.net\/carto\/index.php?rest_route=\/wp\/v2\/posts\/459\/revisions"}],"wp:featuredmedia":[{"embeddable":true,"href":"https:\/\/alpoma.net\/carto\/index.php?rest_route=\/wp\/v2\/media\/5052"}],"wp:attachment":[{"href":"https:\/\/alpoma.net\/carto\/index.php?rest_route=%2Fwp%2Fv2%2Fmedia&parent=459"}],"wp:term":[{"taxonomy":"category","embeddable":true,"href":"https:\/\/alpoma.net\/carto\/index.php?rest_route=%2Fwp%2Fv2%2Fcategories&post=459"},{"taxonomy":"post_tag","embeddable":true,"href":"https:\/\/alpoma.net\/carto\/index.php?rest_route=%2Fwp%2Fv2%2Ftags&post=459"}],"curies":[{"name":"wp","href":"https:\/\/api.w.org\/{rel}","templated":true}]}}