{"id":457,"date":"2008-01-18T03:00:53","date_gmt":"2008-01-18T01:00:53","guid":{"rendered":"http:\/\/alpoma.net\/carto\/?p=457"},"modified":"2008-01-18T03:03:43","modified_gmt":"2008-01-18T01:03:43","slug":"el-centro-geografico-de-la-peninsula-iberica","status":"publish","type":"post","link":"https:\/\/alpoma.net\/carto\/?p=457","title":{"rendered":"El centro geogr\u00e1fico de la Pen\u00ednsula Ib\u00e9rica"},"content":{"rendered":"<p>Este es un tema que surge de vez en cuando a lo largo de ciertas conversaciones, por lo general tras copiosas comidas familiares o situaciones similares, cuando no hay gran cosa que decir. No se confunda el centro geogr\u00e1fico de la Pen\u00ednsula Ib\u00e9rica con el famoso <strong><a href=\"http:\/\/madrid.vivelaciudad.es\/2007\/08\/25-kilometro-cero\">Kil\u00f3metro Cero<\/a><\/strong>, utilizado como referencia en v\u00edas de comunicaci\u00f3n, situado para el caso espa\u00f1ol en Madrid, concretamente en el centro de la plaza de la Puerta del Sol, donde nacen las a\u00f1ejas carreteras radiales, lugar en el que encontraremos una desgastada y sufrida l\u00e1pida en el suelo que indica tal punto de referencia. Ahora bien, geogr\u00e1ficamente hablando, no se trata del centro peninsular. Tradicionalmente este honor lo ha tenido otro lugar, tambi\u00e9n madrile\u00f1o, el <strong><a href=\"http:\/\/es.wikipedia.org\/wiki\/Cerro_de_los_%C3%81ngeles\">Cerro de los \u00c1ngeles<\/a><\/strong>, donde existe un importante monumento religioso y un no menos prominente v\u00e9rtice geod\u00e9sico. Sin embargo, no he podido localizar ning\u00fan estudio serio en el que se razonen los c\u00e1lculos matem\u00e1ticos llevados a cabo para afirmar tal cosa. Es m\u00e1s, <strong><a href=\"http:\/\/www.desdearriba.net\/cerro-de-los-angeles\/\">hay quien dice que el verdadero centro peninsular estar\u00eda en Pinto<\/a><\/strong>, tambi\u00e9n en Madrid. Alg\u00fan estudio as\u00ed debe de existir, supongo, as\u00ed que por alguna parte o archivo andar\u00e1. Mientras tanto, <strong><a href=\"http:\/\/www.albaiges.com\/geografia\/cdgiberia.htm\">habr\u00e1 que pensar en la dificultad de hallar un \u00abcentro\u00bb peninsular<\/a><\/strong>, sobre todo porque hay muchas variables a considerar, desde definir el \u00e1rea peninsular como tal, lo que es m\u00e1s complicado de lo que parece, hasta tomar en cuenta el relieve y la forma de la Tierra, que tambi\u00e9n influyen.<\/p>\n<p>El Cerro de los \u00c1ngeles en <em>GoogleMaps<\/em>:<br \/>\n<iframe loading=\"lazy\" width=\"620\" height=\"350\" frameborder=\"0\" scrolling=\"no\" marginheight=\"0\" marginwidth=\"0\" src=\"http:\/\/maps.google.es\/?ie=UTF8&amp;t=k&amp;om=1&amp;ll=40.30856,-3.684282&amp;spn=0.016723,0.039997&amp;z=15&amp;output=embed&amp;s=AARTsJqzARj-Z8VnW5pkPMLMmZbqrJcYpw\"><\/iframe><br \/><small><a href=\"http:\/\/maps.google.es\/?ie=UTF8&amp;t=k&amp;om=1&amp;ll=40.30856,-3.684282&amp;spn=0.016723,0.039997&amp;z=15&amp;source=embed\" style=\"color:#0000FF;text-align:left\">Ver mapa m\u00e1s grande<\/a><\/small><\/p>\n","protected":false},"excerpt":{"rendered":"<div class=\"mh-excerpt\"><p>Este es un tema que surge de vez en cuando a lo largo de ciertas conversaciones, por lo general tras copiosas comidas familiares o situaciones <a class=\"mh-excerpt-more\" href=\"https:\/\/alpoma.net\/carto\/?p=457\" title=\"El centro geogr\u00e1fico de la Pen\u00ednsula Ib\u00e9rica\">[&#8230;]<\/a><\/p>\n<\/div>","protected":false},"author":1,"featured_media":0,"comment_status":"open","ping_status":"open","sticky":false,"template":"","format":"standard","meta":{"jetpack_post_was_ever_published":false,"_jetpack_newsletter_access":"","_jetpack_dont_email_post_to_subs":false,"_jetpack_newsletter_tier_id":0,"_jetpack_memberships_contains_paywalled_content":false,"_jetpack_memberships_contains_paid_content":false,"footnotes":""},"categories":[7],"tags":[],"class_list":["post-457","post","type-post","status-publish","format-standard","hentry","category-geografia"],"jetpack_featured_media_url":"","jetpack_shortlink":"https:\/\/wp.me\/p93Co9-7n","jetpack-related-posts":[{"id":1072,"url":"https:\/\/alpoma.net\/carto\/?p=1072","url_meta":{"origin":457,"position":0},"title":"Centro geogr\u00e1fico de la poblaci\u00f3n mundial","author":"alpoma","date":"noviembre 11, 2009","format":false,"excerpt":"Este curioso mapa muestra lo que se conoce en demograf\u00eda como centro geogr\u00e1fico de la poblaci\u00f3n mundial o, al menos, lo hace siguiendo una de las muchas metodolog\u00edas que pueden tomarse a la hora de localizar dicho imaginario punto. Este centro de poblaci\u00f3n, que puede referirse tanto a al conjunto\u2026","rel":"","context":"En \u00abCartograf\u00eda\u00bb","block_context":{"text":"Cartograf\u00eda","link":"https:\/\/alpoma.net\/carto\/?cat=9"},"img":{"alt_text":"","src":"https:\/\/i0.wp.com\/alpoma.net\/carto\/wp-content\/uploads\/2009\/11\/4095813114_3eb128a89e_o.jpg?resize=350%2C200&ssl=1","width":350,"height":200,"srcset":"https:\/\/i0.wp.com\/alpoma.net\/carto\/wp-content\/uploads\/2009\/11\/4095813114_3eb128a89e_o.jpg?resize=350%2C200&ssl=1 1x, https:\/\/i0.wp.com\/alpoma.net\/carto\/wp-content\/uploads\/2009\/11\/4095813114_3eb128a89e_o.jpg?resize=525%2C300&ssl=1 1.5x"},"classes":[]},{"id":326,"url":"https:\/\/alpoma.net\/carto\/?p=326","url_meta":{"origin":457,"position":1},"title":"Transparencia antip\u00f3dica","author":"alpoma","date":"abril 17, 2007","format":false,"excerpt":"Jugando con transparencias y ant\u00edpodas puede crearse un mapa sorprendente. \u00c9se es el juego que propone strange maps, respondiendo a la pregunta: \u00bfd\u00f3nde est\u00e1n \"mis\" ant\u00edpodas? Recordemos que el t\u00e9rmino geogr\u00e1fico ant\u00edpoda designa al lugar diametralmente opuesto del que uno se encuentra. Ahora, ll\u00e9vese la idea a la pr\u00e1ctica en\u2026","rel":"","context":"En \u00abCartograf\u00eda\u00bb","block_context":{"text":"Cartograf\u00eda","link":"https:\/\/alpoma.net\/carto\/?cat=9"},"img":{"alt_text":"","src":"https:\/\/i0.wp.com\/alpoma.net\/carto\/wp-content\/uploads\/2007\/04\/463114719_f7f292cfc6.jpg?resize=350%2C200&ssl=1","width":350,"height":200},"classes":[]},{"id":386,"url":"https:\/\/alpoma.net\/carto\/?p=386","url_meta":{"origin":457,"position":2},"title":"Informaci\u00f3n s\u00edsmica","author":"alpoma","date":"agosto 16, 2007","format":false,"excerpt":"Ayer por la noche, en las cercan\u00edas de la palentina villa de Aguilar de Campo\u00f3, tembl\u00f3 la tierra. Se trat\u00f3 de un peque\u00f1o terremoto -magnitud 3,3 - con epicentro al suroeste de Pomar de Valdivia, muy cerca de uno de los lugares de inter\u00e9s geol\u00f3gico m\u00e1s interesantes que conozco, Las\u2026","rel":"","context":"En \u00abEn l\u00ednea\u00bb","block_context":{"text":"En l\u00ednea","link":"https:\/\/alpoma.net\/carto\/?cat=5"},"img":{"alt_text":"","src":"https:\/\/i0.wp.com\/alpoma.net\/carto\/wp-content\/uploads\/2007\/08\/1138361802_c2bbb97018.jpg?resize=350%2C200&ssl=1","width":350,"height":200},"classes":[]},{"id":1231,"url":"https:\/\/alpoma.net\/carto\/?p=1231","url_meta":{"origin":457,"position":3},"title":"Centro para el estudio aplicado de los transectos","author":"alpoma","date":"enero 12, 2010","format":false,"excerpt":"El nombre se las trae, y puede que mi traducci\u00f3n no sea la m\u00e1s correcta, as\u00ed que dej\u00e9moslo en su forma original: Center for Applied Transect Studies. Tampoco explica mucho, es cierto, pero s\u00ed deja claro algo: la palabra clave es `transecto\u00b4. Existen muchas formas para definir este vocablo, y\u2026","rel":"","context":"En \u00abCartograf\u00eda\u00bb","block_context":{"text":"Cartograf\u00eda","link":"https:\/\/alpoma.net\/carto\/?cat=9"},"img":{"alt_text":"","src":"https:\/\/i0.wp.com\/alpoma.net\/carto\/wp-content\/uploads\/2010\/01\/4268464211_5a4bcca55e_o.jpg?resize=350%2C200&ssl=1","width":350,"height":200,"srcset":"https:\/\/i0.wp.com\/alpoma.net\/carto\/wp-content\/uploads\/2010\/01\/4268464211_5a4bcca55e_o.jpg?resize=350%2C200&ssl=1 1x, https:\/\/i0.wp.com\/alpoma.net\/carto\/wp-content\/uploads\/2010\/01\/4268464211_5a4bcca55e_o.jpg?resize=525%2C300&ssl=1 1.5x"},"classes":[]},{"id":7474,"url":"https:\/\/alpoma.net\/carto\/?p=7474","url_meta":{"origin":457,"position":4},"title":"Las mayores mareas del mundo en timelapse (Bah\u00eda de Fundy)","author":"alpoma","date":"septiembre 15, 2019","format":false,"excerpt":"Se conoce como amplitud de marea, o carrera de marea, a la diferencia vertical entre mareas altas y bajas. Las mayores amplitudes de marea tienen lugar durante los periodos de luna llena o nueva, cuando la influencia gravitatoria del sol y la luna se \"suman\" (luna nueva) o se \"restan\"\u2026","rel":"","context":"En \u00abGeograf\u00eda\u00bb","block_context":{"text":"Geograf\u00eda","link":"https:\/\/alpoma.net\/carto\/?cat=7"},"img":{"alt_text":"","src":"https:\/\/i0.wp.com\/alpoma.net\/carto\/wp-content\/uploads\/2019\/09\/fundy.png?resize=350%2C200&ssl=1","width":350,"height":200,"srcset":"https:\/\/i0.wp.com\/alpoma.net\/carto\/wp-content\/uploads\/2019\/09\/fundy.png?resize=350%2C200&ssl=1 1x, https:\/\/i0.wp.com\/alpoma.net\/carto\/wp-content\/uploads\/2019\/09\/fundy.png?resize=525%2C300&ssl=1 1.5x, https:\/\/i0.wp.com\/alpoma.net\/carto\/wp-content\/uploads\/2019\/09\/fundy.png?resize=700%2C400&ssl=1 2x"},"classes":[]},{"id":883,"url":"https:\/\/alpoma.net\/carto\/?p=883","url_meta":{"origin":457,"position":5},"title":"Descubriendo el mundo","author":"alpoma","date":"septiembre 17, 2009","format":false,"excerpt":"Hay muchas formas de visualizar c\u00f3mo ha ido evolucionando nuestro conocimiento de la Tierra. De una \u00e9poca en que gran parte de los mapas se llenaban de ignotos oc\u00e9anos plagados de monstruos o continentes inc\u00f3gnitos, m\u00e1s imaginarios que reales, se pas\u00f3 en apenas siglo y medio a llenar gran parte\u2026","rel":"","context":"En \u00abExperimentos\u00bb","block_context":{"text":"Experimentos","link":"https:\/\/alpoma.net\/carto\/?cat=10"},"img":{"alt_text":"","src":"","width":0,"height":0},"classes":[]}],"jetpack_sharing_enabled":true,"_links":{"self":[{"href":"https:\/\/alpoma.net\/carto\/index.php?rest_route=\/wp\/v2\/posts\/457","targetHints":{"allow":["GET"]}}],"collection":[{"href":"https:\/\/alpoma.net\/carto\/index.php?rest_route=\/wp\/v2\/posts"}],"about":[{"href":"https:\/\/alpoma.net\/carto\/index.php?rest_route=\/wp\/v2\/types\/post"}],"author":[{"embeddable":true,"href":"https:\/\/alpoma.net\/carto\/index.php?rest_route=\/wp\/v2\/users\/1"}],"replies":[{"embeddable":true,"href":"https:\/\/alpoma.net\/carto\/index.php?rest_route=%2Fwp%2Fv2%2Fcomments&post=457"}],"version-history":[{"count":0,"href":"https:\/\/alpoma.net\/carto\/index.php?rest_route=\/wp\/v2\/posts\/457\/revisions"}],"wp:attachment":[{"href":"https:\/\/alpoma.net\/carto\/index.php?rest_route=%2Fwp%2Fv2%2Fmedia&parent=457"}],"wp:term":[{"taxonomy":"category","embeddable":true,"href":"https:\/\/alpoma.net\/carto\/index.php?rest_route=%2Fwp%2Fv2%2Fcategories&post=457"},{"taxonomy":"post_tag","embeddable":true,"href":"https:\/\/alpoma.net\/carto\/index.php?rest_route=%2Fwp%2Fv2%2Ftags&post=457"}],"curies":[{"name":"wp","href":"https:\/\/api.w.org\/{rel}","templated":true}]}}