{"id":434,"date":"2007-11-21T18:12:55","date_gmt":"2007-11-21T16:12:55","guid":{"rendered":"http:\/\/alpoma.net\/carto\/?p=434"},"modified":"2007-11-21T18:14:02","modified_gmt":"2007-11-21T16:14:02","slug":"el-resplandor-de-la-civilizacion","status":"publish","type":"post","link":"https:\/\/alpoma.net\/carto\/?p=434","title":{"rendered":"El resplandor de la civilizaci\u00f3n"},"content":{"rendered":"<p>Si un artilugio enviado a la Tierra por una civilizaci\u00f3n no humana quisiera descubrir la existencia en nuestro planeta de <strong>vida inteligente<\/strong>, al darse un paseo por nuestras cercan\u00edas no tendr\u00eda ninguna dificultad hoy d\u00eda en lograr su objetivo. Por un lado, no tendr\u00eda m\u00e1s que \u00abescuchar\u00bb la gran cantidad de se\u00f1ales electromagn\u00e9ticas procedentes de esta peque\u00f1a roca azul y verde perdida en el espacio. Por otra parte, adem\u00e1s de dar un repaso a nuestras emisiones de radio, televisi\u00f3n o ecos de radar y se\u00f1ales de sat\u00e9lites en \u00f3rbita, podr\u00eda dar con nuestra civilizaci\u00f3n analizando con sus espectr\u00f3metros la atm\u00f3sfera terrestre, descubriendo la presencia de algunos compuestos de factura genuinamente humana. Ahora bien, lo m\u00e1s sencillo que podr\u00eda hacer la hipot\u00e9tica sonda extraterrestre para convencerse de la existencia de vida inteligente en la Tierra ser\u00eda <strong>fotografiar nuestro planeta de noche<\/strong>. Algo as\u00ed es lo que la sonda <strong><a href=\"http:\/\/www.esa.int\/SPECIALS\/Rosetta\/index.html\">Rosetta<\/a> <\/strong>ha hecho hace muy poco, retratando nuestro hogar desde el cielo, al pasar a gran velocidad por las cercan\u00edas terrestres, en su largo camino hacia el cometa 67P\/Churyumov-Gerasimenko.<\/p>\n<p>Entre las im\u00e1genes nocturnas de <strong>la Tierra iluminada por el resplandor de la civilizaci\u00f3n humana<\/strong>, traigo a <em>La Cartoteca<\/em> esta, realizada por Rosetta utilizando su c\u00e1mara WAC OSIRIS, donde puede contemplarse sin dificultad Oriente Medio y el \u00e1rea del Mediterr\u00e1neo, con la Pen\u00ednsula Ib\u00e9rica al fondo.<\/p>\n<p><img decoding=\"async\" src=\"http:\/\/farm3.static.flickr.com\/2099\/2053022412_032565ee68_o.jpg\" alt=\"img\" \/><\/p>\n<p><sup><strong>Fuente<\/strong>: <a href=\"http:\/\/www.esa.int\/esaSC\/SEMIO263R8F_index_0.html\" class=\"enlaces\">ESA &#8211; Rosetta OSIRIS images<\/a><\/sup><\/p>\n","protected":false},"excerpt":{"rendered":"<div class=\"mh-excerpt\"><p>Si un artilugio enviado a la Tierra por una civilizaci\u00f3n no humana quisiera descubrir la existencia en nuestro planeta de vida inteligente, al darse un <a class=\"mh-excerpt-more\" href=\"https:\/\/alpoma.net\/carto\/?p=434\" title=\"El resplandor de la civilizaci\u00f3n\">[&#8230;]<\/a><\/p>\n<\/div>","protected":false},"author":1,"featured_media":6370,"comment_status":"open","ping_status":"open","sticky":false,"template":"","format":"standard","meta":{"jetpack_post_was_ever_published":false,"_jetpack_newsletter_access":"","_jetpack_dont_email_post_to_subs":false,"_jetpack_newsletter_tier_id":0,"_jetpack_memberships_contains_paywalled_content":false,"_jetpack_memberships_contains_paid_content":false,"footnotes":""},"categories":[3],"tags":[],"class_list":["post-434","post","type-post","status-publish","format-standard","has-post-thumbnail","hentry","category-teledeteccion"],"jetpack_featured_media_url":"https:\/\/alpoma.net\/carto\/wp-content\/uploads\/2007\/11\/2053022412_032565ee68_o.jpg","jetpack_shortlink":"https:\/\/wp.me\/p93Co9-70","jetpack-related-posts":[{"id":475,"url":"https:\/\/alpoma.net\/carto\/?p=475","url_meta":{"origin":434,"position":0},"title":"Paseo nocturno","author":"alpoma","date":"febrero 17, 2008","format":false,"excerpt":"Bagatela para una ma\u00f1ana de domingo, gracias a Impact Lab. Todo un paseo por la huella luminosa que la civilizaci\u00f3n humana deja cada noche...","rel":"","context":"En \u00abGeograf\u00eda\u00bb","block_context":{"text":"Geograf\u00eda","link":"https:\/\/alpoma.net\/carto\/?cat=7"},"img":{"alt_text":"","src":"https:\/\/i0.wp.com\/alpoma.net\/carto\/wp-content\/uploads\/2008\/02\/2271111558_4b374431fc_o-scaled.jpg?resize=350%2C200&ssl=1","width":350,"height":200},"classes":[]},{"id":6988,"url":"https:\/\/alpoma.net\/carto\/?p=6988","url_meta":{"origin":434,"position":1},"title":"Un modelo (patentado) de la Tierra hueca de 1912","author":"alpoma","date":"mayo 20, 2018","format":false,"excerpt":"Desde el siglo XVIII, y hasta bien entrado el XX, la teor\u00eda de la \"Tierra hueca\" tuvo cierto predicamento, con algunos ejemplos de defensa fan\u00e1tica incluidos. Nuestro conocimiento actual de la estructura del planeta Tierra hace que no tenga ya ning\u00fan sentido hablar de esa cuesti\u00f3n, pero hubo un tiempo,\u2026","rel":"","context":"En \u00abViejos mapas\u00bb","block_context":{"text":"Viejos mapas","link":"https:\/\/alpoma.net\/carto\/?cat=4"},"img":{"alt_text":"","src":"https:\/\/i0.wp.com\/alpoma.net\/carto\/wp-content\/uploads\/2018\/05\/gardner-tierra-hueca-697x1024.png?resize=350%2C200&ssl=1","width":350,"height":200,"srcset":"https:\/\/i0.wp.com\/alpoma.net\/carto\/wp-content\/uploads\/2018\/05\/gardner-tierra-hueca-697x1024.png?resize=350%2C200&ssl=1 1x, https:\/\/i0.wp.com\/alpoma.net\/carto\/wp-content\/uploads\/2018\/05\/gardner-tierra-hueca-697x1024.png?resize=525%2C300&ssl=1 1.5x"},"classes":[]},{"id":6131,"url":"https:\/\/alpoma.net\/carto\/?p=6131","url_meta":{"origin":434,"position":2},"title":"\u00abFrikada\u00bb cartogr\u00e1fica en \u00abLas cr\u00f3nicas de Riddick\u00bb","author":"alpoma","date":"mayo 16, 2015","format":false,"excerpt":"Tengo la sensaci\u00f3n de que este va a ser el post con menos utilidad de la historia de La Cartoteca, vamos, una aut\u00e9ntica \"frikada\", pero qu\u00e9 le vamos a hacer, es lo que sucede cuando reconoces patrones cartogr\u00e1ficos por doquier. La cosa va de una pel\u00edcula y cierto dise\u00f1o que\u2026","rel":"","context":"En \u00abMiscel\u00e1nea\u00bb","block_context":{"text":"Miscel\u00e1nea","link":"https:\/\/alpoma.net\/carto\/?cat=1"},"img":{"alt_text":"","src":"https:\/\/i0.wp.com\/alpoma.net\/carto\/wp-content\/uploads\/2015\/05\/ridck4.jpg?resize=350%2C200&ssl=1","width":350,"height":200,"srcset":"https:\/\/i0.wp.com\/alpoma.net\/carto\/wp-content\/uploads\/2015\/05\/ridck4.jpg?resize=350%2C200&ssl=1 1x, https:\/\/i0.wp.com\/alpoma.net\/carto\/wp-content\/uploads\/2015\/05\/ridck4.jpg?resize=525%2C300&ssl=1 1.5x"},"classes":[]},{"id":491,"url":"https:\/\/alpoma.net\/carto\/?p=491","url_meta":{"origin":434,"position":3},"title":"El misterioso mapa ant\u00e1rtico de Philippe Buache","author":"alpoma","date":"marzo 4, 2008","format":false,"excerpt":"Los misterios est\u00e1n donde uno desee encontrarlos. Al menos, tal cosa sucede con el mapa que a continuaci\u00f3n visita La Cartoteca. Philippe Buache, disc\u00edpulo y yerno del insigne ge\u00f3grafo Guillaume Delisle, lleg\u00f3 a ser Premier G\u00e9ographe real de Francia y alumbr\u00f3 algunos de los mapas de mayor calidad de su\u2026","rel":"","context":"En \u00abCartograf\u00eda\u00bb","block_context":{"text":"Cartograf\u00eda","link":"https:\/\/alpoma.net\/carto\/?cat=9"},"img":{"alt_text":"","src":"https:\/\/i0.wp.com\/alpoma.net\/carto\/wp-content\/uploads\/2008\/03\/2310913742_cc07244e49.jpg?resize=350%2C200&ssl=1","width":350,"height":200},"classes":[]},{"id":604,"url":"https:\/\/alpoma.net\/carto\/?p=604","url_meta":{"origin":434,"position":4},"title":"Alert, viviendo al Norte","author":"alpoma","date":"agosto 7, 2008","format":false,"excerpt":"Comienzo, con este post, una nueva categor\u00eda en La Cartoteca, dedicada a lugares de todo el planeta que, por diversos motivos, me parece que son interesantes y poco conocidos. Entre los hielos \u00e1rticos, en el extremo boreal de la Isla de Ellesmere, porci\u00f3n canadiense situada all\u00e1 donde casi ning\u00fan ser\u2026","rel":"","context":"En \u00abLugares\u00bb","block_context":{"text":"Lugares","link":"https:\/\/alpoma.net\/carto\/?cat=11"},"img":{"alt_text":"","src":"https:\/\/i0.wp.com\/alpoma.net\/carto\/wp-content\/uploads\/2008\/08\/2740964101_712e390220_o.jpg?resize=350%2C200&ssl=1","width":350,"height":200,"srcset":"https:\/\/i0.wp.com\/alpoma.net\/carto\/wp-content\/uploads\/2008\/08\/2740964101_712e390220_o.jpg?resize=350%2C200&ssl=1 1x, https:\/\/i0.wp.com\/alpoma.net\/carto\/wp-content\/uploads\/2008\/08\/2740964101_712e390220_o.jpg?resize=525%2C300&ssl=1 1.5x"},"classes":[]},{"id":311,"url":"https:\/\/alpoma.net\/carto\/?p=311","url_meta":{"origin":434,"position":5},"title":"Orogenia marciana","author":"alpoma","date":"marzo 17, 2007","format":false,"excerpt":"La Mars Society de Espa\u00f1a acaba de presentar un documento firmado por el ge\u00f3logo Francisco Anguita Virella (UCM) y su equipo de investigadores, en el que se analizan varias estructuras tect\u00f3nicas de la meseta de Thaumasia, el Daedalia Planum y la Aonia Terra, que parecen presentar una evoluci\u00f3n tect\u00f3nica muy\u2026","rel":"","context":"En \u00abGeograf\u00eda\u00bb","block_context":{"text":"Geograf\u00eda","link":"https:\/\/alpoma.net\/carto\/?cat=7"},"img":{"alt_text":"","src":"","width":0,"height":0},"classes":[]}],"jetpack_sharing_enabled":true,"_links":{"self":[{"href":"https:\/\/alpoma.net\/carto\/index.php?rest_route=\/wp\/v2\/posts\/434","targetHints":{"allow":["GET"]}}],"collection":[{"href":"https:\/\/alpoma.net\/carto\/index.php?rest_route=\/wp\/v2\/posts"}],"about":[{"href":"https:\/\/alpoma.net\/carto\/index.php?rest_route=\/wp\/v2\/types\/post"}],"author":[{"embeddable":true,"href":"https:\/\/alpoma.net\/carto\/index.php?rest_route=\/wp\/v2\/users\/1"}],"replies":[{"embeddable":true,"href":"https:\/\/alpoma.net\/carto\/index.php?rest_route=%2Fwp%2Fv2%2Fcomments&post=434"}],"version-history":[{"count":0,"href":"https:\/\/alpoma.net\/carto\/index.php?rest_route=\/wp\/v2\/posts\/434\/revisions"}],"wp:featuredmedia":[{"embeddable":true,"href":"https:\/\/alpoma.net\/carto\/index.php?rest_route=\/wp\/v2\/media\/6370"}],"wp:attachment":[{"href":"https:\/\/alpoma.net\/carto\/index.php?rest_route=%2Fwp%2Fv2%2Fmedia&parent=434"}],"wp:term":[{"taxonomy":"category","embeddable":true,"href":"https:\/\/alpoma.net\/carto\/index.php?rest_route=%2Fwp%2Fv2%2Fcategories&post=434"},{"taxonomy":"post_tag","embeddable":true,"href":"https:\/\/alpoma.net\/carto\/index.php?rest_route=%2Fwp%2Fv2%2Ftags&post=434"}],"curies":[{"name":"wp","href":"https:\/\/api.w.org\/{rel}","templated":true}]}}