{"id":4327,"date":"2014-08-19T16:24:26","date_gmt":"2014-08-19T14:24:26","guid":{"rendered":"http:\/\/alpoma.net\/carto\/?p=4327"},"modified":"2014-08-19T16:24:26","modified_gmt":"2014-08-19T14:24:26","slug":"hay-algo-en-el-aire","status":"publish","type":"post","link":"https:\/\/alpoma.net\/carto\/?p=4327","title":{"rendered":"Hay algo en el aire&#8230;"},"content":{"rendered":"<p>Al leer sobre este mapa me vino a la cabeza una c\u00e9lebre cancioncilla de los setenta, <em>Dust in the Wind<\/em>. La cuesti\u00f3n viene a ser esa, aunque el t\u00e9rmino correcto en este caso ser\u00eda <strong><a href=\"http:\/\/earthobservatory.nasa.gov\/Features\/Aerosols\/\">aerosol<\/a><\/strong>. La <strong>contaminaci\u00f3n atmosf\u00e9rica<\/strong> puede ser de diferente tipo, siendo una de las m\u00e1s importantes y peligrosas la provocada por algunos aerosoles. Se entienden como tales a las <strong>part\u00edculas de diversa naturaleza presentes en el aire<\/strong>.<\/p>\n<p>El origen de estas part\u00edculas puede ser muy diverso: incendios, actividad volc\u00e1nica, industrial, tareas agr\u00edcolas, combusti\u00f3n e incluso el agua disperso en el aire en forma de got\u00edculas y similares. <strong>Una parte importante del total de aerosoles en la atm\u00f3sfera terrestre est\u00e1 originada por actividades humanas<\/strong>. En casos excepcionales los aerosoles pueden provocar graves problemas de salud, no hay m\u00e1s que recordar ejemplos como el de la <strong><a href=\"http:\/\/www.alpoma.net\/tecob\/?p=367\">niebla asesina de Londres de 1952<\/a><\/strong>.<\/p>\n<p>Bien, vamos con el mapa que nos ocupa hoy. Se trata de una <strong>cartograf\u00eda global de aerosoles con un componente cronol\u00f3gico<\/strong>. Hasta hace relativamente poco tiempo la medida comparativa sobre aerosoles atmosf\u00e9ricos se ve\u00eda complicada por la falta de redes de monitorizaci\u00f3n globales que utilizaran criterios estandarizados. Sin embargo, desde hace poco m\u00e1s de una d\u00e9cada, las <strong>observaciones de sat\u00e9lite<\/strong> (lo que se conoce como \u00ab<a href=\"http:\/\/earthobservatory.nasa.gov\/GlobalMaps\/view.php?d1=MODAL2_M_AER_OD\">profundidad \u00f3ptica de aerosoles<\/a>\u00ab) permiten cuantificar de forma global la presencia de part\u00edculas en el aire. En el siguiente mapa se puede observar la <strong>evoluci\u00f3n de la concentraci\u00f3n atmosf\u00e9rica de aerosoles originados por actividades humanas <\/strong>(el resto se han filtrado mediante modelos inform\u00e1ticos, aunque se a\u00f1aden los que parten de quema de biomasa y en ese caso tengo mis dudas de que haya podido discriminarse el origen de los mismos por completo) partiendo de datos de teledetecci\u00f3n. Como puede verse, existe una evoluci\u00f3n negativa de la concentraci\u00f3n de aerosoles en Europa, Norteam\u00e9rica y otras \u00e1reas en el periodo de estudio (2000-2009). Por el contrario, aparece un incremento significativo de la presencia de aerosoles antropog\u00e9nicos en el \u00e1rea de Asia-Pac\u00edfico.<\/p>\n<p>[<a href=\"http:\/\/eoimages.gsfc.nasa.gov\/images\/imagerecords\/84000\/84119\/AOD_difference_GOCART_2009-2000_web_lrg.jpg\">Ampliar mapa<\/a>]<br \/>\n<img decoding=\"async\" src=\"http:\/\/alpoma.net\/carto\/wp-content\/uploads\/2014\/08\/AOD_difference_GOCART_2009-2000_web.png\" alt=\"AOD_difference_GOCART_2009-2000_web\" width=\"620\" class=\"otros\" \/><\/p>\n<p><strong>Fuente y m\u00e1s informaci\u00f3n<\/strong>: <a href=\"http:\/\/earthobservatory.nasa.gov\/IOTD\/view.php?id=84119&#038;src=eorss-iotd\">NASA EO &#8211; Change in the Air<\/a>. <\/p>\n","protected":false},"excerpt":{"rendered":"<div class=\"mh-excerpt\"><p>Al leer sobre este mapa me vino a la cabeza una c\u00e9lebre cancioncilla de los setenta, Dust in the Wind. La cuesti\u00f3n viene a ser <a class=\"mh-excerpt-more\" href=\"https:\/\/alpoma.net\/carto\/?p=4327\" title=\"Hay algo en el aire&#8230;\">[&#8230;]<\/a><\/p>\n<\/div>","protected":false},"author":1,"featured_media":4328,"comment_status":"open","ping_status":"open","sticky":false,"template":"","format":"standard","meta":{"jetpack_post_was_ever_published":false,"_jetpack_newsletter_access":"","_jetpack_dont_email_post_to_subs":false,"_jetpack_newsletter_tier_id":0,"_jetpack_memberships_contains_paywalled_content":false,"_jetpack_memberships_contains_paid_content":false,"footnotes":""},"categories":[6],"tags":[],"class_list":["post-4327","post","type-post","status-publish","format-standard","has-post-thumbnail","hentry","category-riesgos-naturales"],"jetpack_featured_media_url":"https:\/\/alpoma.net\/carto\/wp-content\/uploads\/2014\/08\/AOD_difference_GOCART_2009-2000_web.png","jetpack_shortlink":"https:\/\/wp.me\/p93Co9-17N","jetpack-related-posts":[{"id":7588,"url":"https:\/\/alpoma.net\/carto\/?p=7588","url_meta":{"origin":4327,"position":0},"title":"Imagen de la gigantesca nube de aerosoles creada por los incendios en Australia","author":"alpoma","date":"enero 9, 2020","format":false,"excerpt":"En las \u00faltimas semanas el grave problema de los incendios en Australia ha llegado a todos los medios de comunicaci\u00f3n, as\u00ed que no viene al caso comentar nada que no se haya dicho ya por doquier. Sin embargo, me acaba de llegar por correo electr\u00f3nico una comunicaci\u00f3n de la ESA\u2026","rel":"","context":"En \u00abRiesgos Naturales\u00bb","block_context":{"text":"Riesgos Naturales","link":"https:\/\/alpoma.net\/carto\/?cat=6"},"img":{"alt_text":"","src":"https:\/\/i0.wp.com\/alpoma.net\/carto\/wp-content\/uploads\/2020\/01\/incendios-australia-nube-humo.jpg?resize=350%2C200&ssl=1","width":350,"height":200,"srcset":"https:\/\/i0.wp.com\/alpoma.net\/carto\/wp-content\/uploads\/2020\/01\/incendios-australia-nube-humo.jpg?resize=350%2C200&ssl=1 1x, https:\/\/i0.wp.com\/alpoma.net\/carto\/wp-content\/uploads\/2020\/01\/incendios-australia-nube-humo.jpg?resize=525%2C300&ssl=1 1.5x, https:\/\/i0.wp.com\/alpoma.net\/carto\/wp-content\/uploads\/2020\/01\/incendios-australia-nube-humo.jpg?resize=700%2C400&ssl=1 2x"},"classes":[]},{"id":212,"url":"https:\/\/alpoma.net\/carto\/?p=212","url_meta":{"origin":4327,"position":1},"title":"Cartograf\u00eda de aerosoles en la atm\u00f3sfera","author":"alpoma","date":"junio 26, 2006","format":false,"excerpt":"Como complemento a mi art\u00edculo en TecOb acerca de los aerosoles atmosf\u00e9ricos, he recopilado una breve seleccci\u00f3n de recursos cartogr\u00e1ficos sobre el tema: --> El sistema CALIMA -Caracterizaci\u00f3n de aerosoles originados por intrusiones de masas de aire africanas- proporciona datos, cartograf\u00eda e informaci\u00f3n actualizada acerca de los aerosoles de origen\u2026","rel":"","context":"En \u00abGeograf\u00eda\u00bb","block_context":{"text":"Geograf\u00eda","link":"https:\/\/alpoma.net\/carto\/?cat=7"},"img":{"alt_text":"","src":"https:\/\/i0.wp.com\/alpoma.net\/carto\/wp-content\/uploads\/2006\/06\/175450908_4f6c0743ae_o.jpg?resize=350%2C200&ssl=1","width":350,"height":200,"srcset":"https:\/\/i0.wp.com\/alpoma.net\/carto\/wp-content\/uploads\/2006\/06\/175450908_4f6c0743ae_o.jpg?resize=350%2C200&ssl=1 1x, https:\/\/i0.wp.com\/alpoma.net\/carto\/wp-content\/uploads\/2006\/06\/175450908_4f6c0743ae_o.jpg?resize=525%2C300&ssl=1 1.5x"},"classes":[]},{"id":2462,"url":"https:\/\/alpoma.net\/carto\/?p=2462","url_meta":{"origin":4327,"position":2},"title":"Nube de polvo sahariano sobre el Atl\u00e1ntico","author":"alpoma","date":"abril 7, 2011","format":false,"excerpt":"Esta imagen, tomada por el instrumento MODIS a bordo del sat\u00e9lite Terra de la NASA, muestra claramente una gran nube de polvo de origen sahariano sobre el Oc\u00e9ano Atl\u00e1ntico, frente a las costas portuguesas. Este polvo, al margen de lo molesto que pueda ser en ciertas ocasiones, juega un papel\u2026","rel":"","context":"En \u00abTeledetecci\u00f3n\u00bb","block_context":{"text":"Teledetecci\u00f3n","link":"https:\/\/alpoma.net\/carto\/?cat=3"},"img":{"alt_text":"","src":"https:\/\/i0.wp.com\/alpoma.net\/carto\/wp-content\/uploads\/2011\/04\/5598218764_cc00797b90_o.jpg?resize=350%2C200&ssl=1","width":350,"height":200,"srcset":"https:\/\/i0.wp.com\/alpoma.net\/carto\/wp-content\/uploads\/2011\/04\/5598218764_cc00797b90_o.jpg?resize=350%2C200&ssl=1 1x, https:\/\/i0.wp.com\/alpoma.net\/carto\/wp-content\/uploads\/2011\/04\/5598218764_cc00797b90_o.jpg?resize=525%2C300&ssl=1 1.5x"},"classes":[]},{"id":82,"url":"https:\/\/alpoma.net\/carto\/?p=82","url_meta":{"origin":4327,"position":3},"title":"El Sol se oscurece en China","author":"alpoma","date":"enero 19, 2006","format":false,"excerpt":"Una reciente investigaci\u00f3n ha mostrado que la radiaci\u00f3n solar que llega al suelo en China, ha disminuido en los \u00faltimos cincuenta a\u00f1os. Era de esperar la observaci\u00f3n de un aumento en la nubosidad pero, curiosamente, se da el fen\u00f3meno contrario, \u00e9sta ha disminuido. Aunque han aumentado considerablemente los d\u00edas libres\u2026","rel":"","context":"En \u00abGeograf\u00eda\u00bb","block_context":{"text":"Geograf\u00eda","link":"https:\/\/alpoma.net\/carto\/?cat=7"},"img":{"alt_text":"","src":"https:\/\/i0.wp.com\/alpoma.net\/carto\/wp-content\/uploads\/2006\/01\/china_nubes.jpg?resize=350%2C200&ssl=1","width":350,"height":200},"classes":[]},{"id":1405,"url":"https:\/\/alpoma.net\/carto\/?p=1405","url_meta":{"origin":4327,"position":4},"title":"Terra y la Tierra","author":"alpoma","date":"febrero 25, 2010","format":false,"excerpt":"La misi\u00f3n Terra (EOS AM-1), de la NASA, cumple ya una d\u00e9cada de vida monitorizando nuestro planeta, as\u00ed que no viene mal repasar un poco y de forma visual, c\u00f3mo nos ha contemplado esta plataforma orbital de teledetecci\u00f3n en estos a\u00f1os. En Earth Observatory se hace un completo repaso, con\u2026","rel":"","context":"En \u00abTeledetecci\u00f3n\u00bb","block_context":{"text":"Teledetecci\u00f3n","link":"https:\/\/alpoma.net\/carto\/?cat=3"},"img":{"alt_text":"","src":"https:\/\/i0.wp.com\/alpoma.net\/carto\/wp-content\/uploads\/2010\/02\/4386938267_9f8c560022_m.jpg?resize=350%2C200&ssl=1","width":350,"height":200},"classes":[]},{"id":7593,"url":"https:\/\/alpoma.net\/carto\/?p=7593","url_meta":{"origin":4327,"position":5},"title":"Comparaci\u00f3n entre la superficie quemada en los incencios australianos y la pen\u00ednsula ib\u00e9rica","author":"alpoma","date":"enero 13, 2020","format":false,"excerpt":"Cuando cualquier cifra alcanza cierto tama\u00f1o, ya sea muy grande o muy peque\u00f1o, se suele perder la perspectiva sobre qu\u00e9 significa realmente. Lo m\u00e1s usual, para entender realmente qu\u00e9 significa un n\u00famero muy grande de cualquier cosa, es compararlo con algo que nos sea m\u00e1s cercano o, al menos, m\u00e1s\u2026","rel":"","context":"En \u00abRiesgos Naturales\u00bb","block_context":{"text":"Riesgos Naturales","link":"https:\/\/alpoma.net\/carto\/?cat=6"},"img":{"alt_text":"","src":"https:\/\/i0.wp.com\/alpoma.net\/carto\/wp-content\/uploads\/2020\/01\/incendios-australia-comparacion-peninsula-iberica.png?resize=350%2C200&ssl=1","width":350,"height":200,"srcset":"https:\/\/i0.wp.com\/alpoma.net\/carto\/wp-content\/uploads\/2020\/01\/incendios-australia-comparacion-peninsula-iberica.png?resize=350%2C200&ssl=1 1x, https:\/\/i0.wp.com\/alpoma.net\/carto\/wp-content\/uploads\/2020\/01\/incendios-australia-comparacion-peninsula-iberica.png?resize=525%2C300&ssl=1 1.5x, https:\/\/i0.wp.com\/alpoma.net\/carto\/wp-content\/uploads\/2020\/01\/incendios-australia-comparacion-peninsula-iberica.png?resize=700%2C400&ssl=1 2x"},"classes":[]}],"jetpack_sharing_enabled":true,"_links":{"self":[{"href":"https:\/\/alpoma.net\/carto\/index.php?rest_route=\/wp\/v2\/posts\/4327","targetHints":{"allow":["GET"]}}],"collection":[{"href":"https:\/\/alpoma.net\/carto\/index.php?rest_route=\/wp\/v2\/posts"}],"about":[{"href":"https:\/\/alpoma.net\/carto\/index.php?rest_route=\/wp\/v2\/types\/post"}],"author":[{"embeddable":true,"href":"https:\/\/alpoma.net\/carto\/index.php?rest_route=\/wp\/v2\/users\/1"}],"replies":[{"embeddable":true,"href":"https:\/\/alpoma.net\/carto\/index.php?rest_route=%2Fwp%2Fv2%2Fcomments&post=4327"}],"version-history":[{"count":0,"href":"https:\/\/alpoma.net\/carto\/index.php?rest_route=\/wp\/v2\/posts\/4327\/revisions"}],"wp:featuredmedia":[{"embeddable":true,"href":"https:\/\/alpoma.net\/carto\/index.php?rest_route=\/wp\/v2\/media\/4328"}],"wp:attachment":[{"href":"https:\/\/alpoma.net\/carto\/index.php?rest_route=%2Fwp%2Fv2%2Fmedia&parent=4327"}],"wp:term":[{"taxonomy":"category","embeddable":true,"href":"https:\/\/alpoma.net\/carto\/index.php?rest_route=%2Fwp%2Fv2%2Fcategories&post=4327"},{"taxonomy":"post_tag","embeddable":true,"href":"https:\/\/alpoma.net\/carto\/index.php?rest_route=%2Fwp%2Fv2%2Ftags&post=4327"}],"curies":[{"name":"wp","href":"https:\/\/api.w.org\/{rel}","templated":true}]}}