{"id":429,"date":"2007-11-03T13:31:12","date_gmt":"2007-11-03T11:31:12","guid":{"rendered":"http:\/\/alpoma.net\/carto\/?p=429"},"modified":"2007-11-03T13:35:57","modified_gmt":"2007-11-03T11:35:57","slug":"micodata","status":"publish","type":"post","link":"https:\/\/alpoma.net\/carto\/?p=429","title":{"rendered":"MICODATA"},"content":{"rendered":"<p>Acaba de abrirse en modo <em>Beta<\/em>, esto es, en pruebas, un proyecto muy atractivo llamado <strong>MICODATA<\/strong>, dedicado al estudio del <strong>aprovechamiento sostenible de los hongos comestibles en Castilla y Le\u00f3n<\/strong>. El proyecto, digido por el Centro de Investigaci\u00f3n Forestal Valonsadero y Cesefor de la Junta de Castilla y Le\u00f3n cuenta con la colaboraci\u00f3n de quince Grupos de Acci\u00f3n Local de la regi\u00f3n a trav\u00e9s del proyecto de Recursos Micol\u00f3gicos y Desarrollo Rural. MICODATA podr\u00eda definirse como un  <strong>GIS on-line<\/strong>, capaz de mostrar an\u00e1lisis predictivos sobre la fructificaci\u00f3n de hongos en per\u00edodos de diez d\u00edas, ajust\u00e1ndose a una clasificaci\u00f3n del territorio desde el punto de vista forestal, con el auxilio de datos meteorol\u00f3gicos:<\/p>\n<blockquote><p>Micodata DIEF Valonsadero (Junta de Castilla y Le\u00f3n) es un sistema de toma y gesti\u00f3n de datos de producci\u00f3n y aprovechamiento de hongos silvestres comestibles de importancia socioecon\u00f3mica en Castilla y Le\u00f3n, que pretende ofrecer servicios web actualizados de estimaci\u00f3n y predicci\u00f3n de producciones al recolector y asesoramiento t\u00e9cnico a la regulaci\u00f3n y ordenaci\u00f3n del recurso micol\u00f3gico forestal de la regi\u00f3n.<\/p>\n<p>Entre sus OBJETIVOS est\u00e1n:<\/p>\n<p>\u2013Dise\u00f1ar un Sistema de Informaci\u00f3n Geogr\u00e1fica micol\u00f3gico (MicodataSIG).<\/p>\n<p>\u2013Homogeneizar los protocolos de toma de datos sobre producci\u00f3n y aprovechamiento de los hongos silvestres comestibles de importancia socioecon\u00f3mica en la regi\u00f3n e implementar aplicaciones inform\u00e1ticas que optimicen y simplifiquen dicha toma y gesti\u00f3n de datos (MicodataPAD).<\/p>\n<p>\u2013Aprovechar el potencial humano y recursos de los proyectos relacionados con la micolog\u00eda financiados por la Junta de Castilla y Le\u00f3n para la toma de datos siguiendo los protocolos MICODATA.<\/p>\n<p>\u2013Dise\u00f1ar, uniformizar y simplificar la gesti\u00f3n de la informaci\u00f3n micol\u00f3gica para facilitar el acceso de esta informaci\u00f3n a la sociedad y sectores interesados.<\/p>\n<p>\u2013Establecer un sistema objetivo de control de la sostenibilidad de aprovechamiento micol\u00f3gico en la regi\u00f3n.<\/p>\n<p>\u2013Ofrecer un servicio web de informaci\u00f3n geogr\u00e1fica al recolector actualizado semanalmente con observaciones y predicciones sobre la producci\u00f3n micol\u00f3gica, as\u00ed como informaci\u00f3n sobre \u00e1reas reguladas y sus condiciones para recolecci\u00f3n.<\/p>\n<p>\u2013Dise\u00f1ar m\u00e9todos y dar servicios de asesoramiento e informaci\u00f3n para la regulaci\u00f3n y ordenaci\u00f3n micol\u00f3gica en la regi\u00f3n.<\/p><\/blockquote>\n<p><strong>M\u00e1s informaci\u00f3n<\/strong>:<br \/>\n<a href=\"http:\/\/www.micodata.es\" class=\"enlaces\">Proyecto MICODATA <\/a><br \/>\n<a href=\"http:\/\/myas.info\/\" class=\"enlaces\">Red micol\u00f3gica europea <\/a><br \/>\n<a href=\"http:\/\/www.cesefor.com\/\" class=\"enlaces\">Centro de Servicios y Promoci\u00f3n Forestal y de su Industria de Castilla y Le\u00f3n  <\/a><\/p>\n","protected":false},"excerpt":{"rendered":"<div class=\"mh-excerpt\"><p>Acaba de abrirse en modo Beta, esto es, en pruebas, un proyecto muy atractivo llamado MICODATA, dedicado al estudio del aprovechamiento sostenible de los hongos <a class=\"mh-excerpt-more\" href=\"https:\/\/alpoma.net\/carto\/?p=429\" title=\"MICODATA\">[&#8230;]<\/a><\/p>\n<\/div>","protected":false},"author":1,"featured_media":0,"comment_status":"open","ping_status":"open","sticky":false,"template":"","format":"standard","meta":{"jetpack_post_was_ever_published":false,"_jetpack_newsletter_access":"","_jetpack_dont_email_post_to_subs":false,"_jetpack_newsletter_tier_id":0,"_jetpack_memberships_contains_paywalled_content":false,"_jetpack_memberships_contains_paid_content":false,"footnotes":""},"categories":[5,2],"tags":[],"class_list":["post-429","post","type-post","status-publish","format-standard","hentry","category-en-linea","category-sig"],"jetpack_featured_media_url":"","jetpack_shortlink":"https:\/\/wp.me\/s93Co9-micodata","jetpack-related-posts":[{"id":540,"url":"https:\/\/alpoma.net\/carto\/?p=540","url_meta":{"origin":429,"position":0},"title":"Convocatoria: Presentaci\u00f3n de la Red de Estaciones GNSS de Castilla y Le\u00f3n","author":"alpoma","date":"mayo 29, 2008","format":false,"excerpt":"Atractivo evento para quien pueda estar en Valladolid el d\u00eda 11 de Junio: La Presentaci\u00f3n de la Red GNSS de Castilla y Le\u00f3n se realizar\u00e1 el d\u00eda 11 de junio de 2008 en Sal\u00f3n de Actos de la Consejer\u00eda de Agricultura de la Junta de Castilla y Le\u00f3n, C\/ Rigoberto\u2026","rel":"","context":"En \u00abMiscel\u00e1nea\u00bb","block_context":{"text":"Miscel\u00e1nea","link":"https:\/\/alpoma.net\/carto\/?cat=1"},"img":{"alt_text":"","src":"https:\/\/i0.wp.com\/alpoma.net\/carto\/wp-content\/uploads\/2008\/05\/2533559103_5b0d7d3a11_o.jpg?resize=350%2C200&ssl=1","width":350,"height":200,"srcset":"https:\/\/i0.wp.com\/alpoma.net\/carto\/wp-content\/uploads\/2008\/05\/2533559103_5b0d7d3a11_o.jpg?resize=350%2C200&ssl=1 1x, https:\/\/i0.wp.com\/alpoma.net\/carto\/wp-content\/uploads\/2008\/05\/2533559103_5b0d7d3a11_o.jpg?resize=525%2C300&ssl=1 1.5x"},"classes":[]},{"id":1533,"url":"https:\/\/alpoma.net\/carto\/?p=1533","url_meta":{"origin":429,"position":1},"title":"alpoma.net, Premio Buscando el Norte Digital","author":"alpoma","date":"abril 15, 2010","format":false,"excerpt":"Lo coment\u00e9 anoche con prisas en mi \"ecosistema\" social (Twitter y Facebook mayormente), pero no ha sido hasta ahora que tengo un peque\u00f1o respiro para comentarlo con m\u00e1s calma. Ayer, se celebr\u00f3 la gala de entrega de los Premios Buscando el Norte Digital 2010, organizados por el peri\u00f3dico El Norte\u2026","rel":"","context":"En \u00abMiscel\u00e1nea\u00bb","block_context":{"text":"Miscel\u00e1nea","link":"https:\/\/alpoma.net\/carto\/?cat=1"},"img":{"alt_text":"","src":"https:\/\/i0.wp.com\/alpoma.net\/carto\/wp-content\/uploads\/2010\/04\/4522576939_ca71aa0e99_o.jpg?resize=350%2C200&ssl=1","width":350,"height":200,"srcset":"https:\/\/i0.wp.com\/alpoma.net\/carto\/wp-content\/uploads\/2010\/04\/4522576939_ca71aa0e99_o.jpg?resize=350%2C200&ssl=1 1x, https:\/\/i0.wp.com\/alpoma.net\/carto\/wp-content\/uploads\/2010\/04\/4522576939_ca71aa0e99_o.jpg?resize=525%2C300&ssl=1 1.5x"},"classes":[]},{"id":3351,"url":"https:\/\/alpoma.net\/carto\/?p=3351","url_meta":{"origin":429,"position":2},"title":"V\u00edas romanas en Castilla y Le\u00f3n","author":"alpoma","date":"mayo 21, 2012","format":false,"excerpt":"V\u00edas romanas en Castilla y Le\u00f3n es un interesante proyecto de Isaac Moreno Gallo que permite descubrir cientos de kil\u00f3metros de \"carreteras\" romanas gracias a un interface cartogr\u00e1fico construido sobre flash que, adem\u00e1s, nos acerca a cada v\u00eda con testimonios fotogr\u00e1ficos muy atractivos: www.viasromanas.net Cada v\u00eda puede consultarse tambi\u00e9n en\u2026","rel":"","context":"En \u00abEn l\u00ednea\u00bb","block_context":{"text":"En l\u00ednea","link":"https:\/\/alpoma.net\/carto\/?cat=5"},"img":{"alt_text":"","src":"https:\/\/i0.wp.com\/alpoma.net\/carto\/wp-content\/uploads\/2012\/05\/7243941022_544f81052f_z.jpg?resize=350%2C200&ssl=1","width":350,"height":200,"srcset":"https:\/\/i0.wp.com\/alpoma.net\/carto\/wp-content\/uploads\/2012\/05\/7243941022_544f81052f_z.jpg?resize=350%2C200&ssl=1 1x, https:\/\/i0.wp.com\/alpoma.net\/carto\/wp-content\/uploads\/2012\/05\/7243941022_544f81052f_z.jpg?resize=525%2C300&ssl=1 1.5x"},"classes":[]},{"id":7624,"url":"https:\/\/alpoma.net\/carto\/?p=7624","url_meta":{"origin":429,"position":3},"title":"Portfolio fotogr\u00e1fico de Espa\u00f1a (1910-1915)","author":"alpoma","date":"febrero 4, 2020","format":false,"excerpt":"En la Barcelona de principios del siglo XX, al editor Alberto Mart\u00edn y a Ceferino Rocafort, que hab\u00eda participado en varios proyectos cartogr\u00e1ficos sobre las regiones espa\u00f1olas, se les ocurri\u00f3 una idea de negocio interesante. Los atlas nacionales estaban de moda y las grandes enciclopedias tambi\u00e9n, pero aunque en muchas\u2026","rel":"","context":"En \u00abViejos mapas\u00bb","block_context":{"text":"Viejos mapas","link":"https:\/\/alpoma.net\/carto\/?cat=4"},"img":{"alt_text":"","src":"https:\/\/i0.wp.com\/alpoma.net\/carto\/wp-content\/uploads\/2020\/02\/lam-leon-563.png?resize=350%2C200&ssl=1","width":350,"height":200,"srcset":"https:\/\/i0.wp.com\/alpoma.net\/carto\/wp-content\/uploads\/2020\/02\/lam-leon-563.png?resize=350%2C200&ssl=1 1x, https:\/\/i0.wp.com\/alpoma.net\/carto\/wp-content\/uploads\/2020\/02\/lam-leon-563.png?resize=525%2C300&ssl=1 1.5x, https:\/\/i0.wp.com\/alpoma.net\/carto\/wp-content\/uploads\/2020\/02\/lam-leon-563.png?resize=700%2C400&ssl=1 2x"},"classes":[]},{"id":3301,"url":"https:\/\/alpoma.net\/carto\/?p=3301","url_meta":{"origin":429,"position":4},"title":"Los municipios espa\u00f1oles en cifras","author":"alpoma","date":"mayo 5, 2012","format":false,"excerpt":"Cuadros elaborados por Castilla y Le\u00f3n Econ\u00f3mica sobre datos de Caja Espa\u00f1a-Duero. Algunos datos son realmente llamativos. ;-)","rel":"","context":"En \u00abGeograf\u00eda\u00bb","block_context":{"text":"Geograf\u00eda","link":"https:\/\/alpoma.net\/carto\/?cat=7"},"img":{"alt_text":"","src":"","width":0,"height":0},"classes":[]},{"id":84,"url":"https:\/\/alpoma.net\/carto\/?p=84","url_meta":{"origin":429,"position":5},"title":"Arqueolog\u00eda a\u00e9rea","author":"alpoma","date":"enero 21, 2006","format":false,"excerpt":"Julio del Olmo Mart\u00edn, cuenta con un interesante espacio web en el que muestra detalladamente diversas investigaciones de arqueolog\u00eda a\u00e9rea en Castilla y Le\u00f3n: --> Arqueolog\u00eda a\u00e9rea en Castilla y Le\u00f3n","rel":"","context":"En \u00abMiscel\u00e1nea\u00bb","block_context":{"text":"Miscel\u00e1nea","link":"https:\/\/alpoma.net\/carto\/?cat=1"},"img":{"alt_text":"","src":"","width":0,"height":0},"classes":[]}],"jetpack_sharing_enabled":true,"_links":{"self":[{"href":"https:\/\/alpoma.net\/carto\/index.php?rest_route=\/wp\/v2\/posts\/429","targetHints":{"allow":["GET"]}}],"collection":[{"href":"https:\/\/alpoma.net\/carto\/index.php?rest_route=\/wp\/v2\/posts"}],"about":[{"href":"https:\/\/alpoma.net\/carto\/index.php?rest_route=\/wp\/v2\/types\/post"}],"author":[{"embeddable":true,"href":"https:\/\/alpoma.net\/carto\/index.php?rest_route=\/wp\/v2\/users\/1"}],"replies":[{"embeddable":true,"href":"https:\/\/alpoma.net\/carto\/index.php?rest_route=%2Fwp%2Fv2%2Fcomments&post=429"}],"version-history":[{"count":0,"href":"https:\/\/alpoma.net\/carto\/index.php?rest_route=\/wp\/v2\/posts\/429\/revisions"}],"wp:attachment":[{"href":"https:\/\/alpoma.net\/carto\/index.php?rest_route=%2Fwp%2Fv2%2Fmedia&parent=429"}],"wp:term":[{"taxonomy":"category","embeddable":true,"href":"https:\/\/alpoma.net\/carto\/index.php?rest_route=%2Fwp%2Fv2%2Fcategories&post=429"},{"taxonomy":"post_tag","embeddable":true,"href":"https:\/\/alpoma.net\/carto\/index.php?rest_route=%2Fwp%2Fv2%2Ftags&post=429"}],"curies":[{"name":"wp","href":"https:\/\/api.w.org\/{rel}","templated":true}]}}