{"id":416,"date":"2007-09-14T20:51:09","date_gmt":"2007-09-14T18:51:09","guid":{"rendered":"http:\/\/alpoma.net\/carto\/?p=416"},"modified":"2007-09-14T20:53:13","modified_gmt":"2007-09-14T18:53:13","slug":"meridiano-cero-en-radio-5","status":"publish","type":"post","link":"https:\/\/alpoma.net\/carto\/?p=416","title":{"rendered":"Meridiano Cero en Radio 5"},"content":{"rendered":"<p>Todav\u00eda no he tenido ocasi\u00f3n de escucharlo, pero queda anotado para que no se me pase este fin de semana. Me avisa el autor de <a href=\"http:\/\/mundomapa.blogspot.com\/\">El mundo de los mapas<\/a> -\u00a1gracias!- sobre la existencia de un microespacio en <strong>Radio 5 Todo Noticias<\/strong>, de Radio Nacional de Espa\u00f1a, realizado por<strong> Marcelo L. Cambronero<\/strong>, que trata sobre cartograf\u00eda, historia de las exploraciones y temas similares. Pinta muy bien, por eso intentar\u00e9 que no se me pase este fin de semana, porque se emite los s\u00e1bados y los domingos a las 10,45 y a las 18,45. De todas formas, en la web Marcelo, se pueden leer las transcripciones de los programas:<\/p>\n<p><strong><a href=\"http:\/\/www.marcelocambronero.es\/programasm0.html\" class=\"enlaces\">Meridiano Cero<\/a><\/strong><\/p>\n","protected":false},"excerpt":{"rendered":"<div class=\"mh-excerpt\"><p>Todav\u00eda no he tenido ocasi\u00f3n de escucharlo, pero queda anotado para que no se me pase este fin de semana. Me avisa el autor de <a class=\"mh-excerpt-more\" href=\"https:\/\/alpoma.net\/carto\/?p=416\" title=\"Meridiano Cero en Radio 5\">[&#8230;]<\/a><\/p>\n<\/div>","protected":false},"author":1,"featured_media":0,"comment_status":"open","ping_status":"open","sticky":false,"template":"","format":"standard","meta":{"jetpack_post_was_ever_published":false,"_jetpack_newsletter_access":"","_jetpack_dont_email_post_to_subs":false,"_jetpack_newsletter_tier_id":0,"_jetpack_memberships_contains_paywalled_content":false,"_jetpack_memberships_contains_paid_content":false,"footnotes":""},"categories":[1],"tags":[],"class_list":["post-416","post","type-post","status-publish","format-standard","hentry","category-general"],"jetpack_featured_media_url":"","jetpack_shortlink":"https:\/\/wp.me\/p93Co9-6I","jetpack-related-posts":[{"id":6872,"url":"https:\/\/alpoma.net\/carto\/?p=6872","url_meta":{"origin":416,"position":0},"title":"\u00bfY si convertimos la l\u00ednea del Ecuador en el meridiano cero? (la proyecci\u00f3n de Cassini)","author":"alpoma","date":"marzo 7, 2018","format":false,"excerpt":"La visi\u00f3n del mundo que transmiten la mayor parte de los mapas del planeta desde hace siglos hace que, aunque no sea algo \"real\" ni \"obligatorio\", s\u00ed se haya convertido en pr\u00e1cticamente un dogma cartogr\u00e1fico. De esta forma, plasmar un mapa mundial con el sur colocado en la parte superior,\u2026","rel":"","context":"En \u00abCartograf\u00eda\u00bb","block_context":{"text":"Cartograf\u00eda","link":"https:\/\/alpoma.net\/carto\/?cat=9"},"img":{"alt_text":"","src":"https:\/\/i0.wp.com\/alpoma.net\/carto\/wp-content\/uploads\/2018\/03\/cassini-2.png?resize=350%2C200&ssl=1","width":350,"height":200,"srcset":"https:\/\/i0.wp.com\/alpoma.net\/carto\/wp-content\/uploads\/2018\/03\/cassini-2.png?resize=350%2C200&ssl=1 1x, https:\/\/i0.wp.com\/alpoma.net\/carto\/wp-content\/uploads\/2018\/03\/cassini-2.png?resize=525%2C300&ssl=1 1.5x, https:\/\/i0.wp.com\/alpoma.net\/carto\/wp-content\/uploads\/2018\/03\/cassini-2.png?resize=700%2C400&ssl=1 2x, https:\/\/i0.wp.com\/alpoma.net\/carto\/wp-content\/uploads\/2018\/03\/cassini-2.png?resize=1050%2C600&ssl=1 3x, https:\/\/i0.wp.com\/alpoma.net\/carto\/wp-content\/uploads\/2018\/03\/cassini-2.png?resize=1400%2C800&ssl=1 4x"},"classes":[]},{"id":5257,"url":"https:\/\/alpoma.net\/carto\/?p=5257","url_meta":{"origin":416,"position":1},"title":"Mapas arreglados al Meridiano de Madrid","author":"alpoma","date":"abril 22, 2015","format":false,"excerpt":"Desde la conferencia de Washington de 1884 se viene utilizando como convenci\u00f3n cartogr\u00e1fica el Meridiano de Greenwich a modo de referencia internacional. Durante un tiempo se utiliz\u00f3 el de Par\u00eds, aunque realmente, hasta entonces, la cartograf\u00eda de cada pa\u00eds, y pr\u00e1cticamente la de cada cart\u00f3grafo, empleaba sus propias convenciones. Mencion\u00e9\u2026","rel":"","context":"En \u00abViejos mapas\u00bb","block_context":{"text":"Viejos mapas","link":"https:\/\/alpoma.net\/carto\/?cat=4"},"img":{"alt_text":"","src":"https:\/\/i0.wp.com\/alpoma.net\/carto\/wp-content\/uploads\/2015\/04\/mapa_meridiano_madrid_2.jpg?resize=350%2C200&ssl=1","width":350,"height":200,"srcset":"https:\/\/i0.wp.com\/alpoma.net\/carto\/wp-content\/uploads\/2015\/04\/mapa_meridiano_madrid_2.jpg?resize=350%2C200&ssl=1 1x, https:\/\/i0.wp.com\/alpoma.net\/carto\/wp-content\/uploads\/2015\/04\/mapa_meridiano_madrid_2.jpg?resize=525%2C300&ssl=1 1.5x, https:\/\/i0.wp.com\/alpoma.net\/carto\/wp-content\/uploads\/2015\/04\/mapa_meridiano_madrid_2.jpg?resize=700%2C400&ssl=1 2x"},"classes":[]},{"id":850,"url":"https:\/\/alpoma.net\/carto\/?p=850","url_meta":{"origin":416,"position":2},"title":"Degree Confluence Project","author":"alpoma","date":"julio 13, 2009","format":false,"excerpt":"Cuando me he encontrado con esto, he pensado primeramente que deb\u00eda ser una broma. Luego, al ver el esfuerzo de las gentes que, colaborando, han ido haciendo crecer este proyecto, me he dado cuenta de que, en realidad, la cosa tiene su gracia. Como suele decirse, hay gente para todo,\u2026","rel":"","context":"En \u00abEn l\u00ednea\u00bb","block_context":{"text":"En l\u00ednea","link":"https:\/\/alpoma.net\/carto\/?cat=5"},"img":{"alt_text":"","src":"https:\/\/i0.wp.com\/alpoma.net\/carto\/wp-content\/uploads\/2009\/07\/3715991987_b364b6dc85_m.jpg?resize=350%2C200&ssl=1","width":350,"height":200},"classes":[]},{"id":6666,"url":"https:\/\/alpoma.net\/carto\/?p=6666","url_meta":{"origin":416,"position":3},"title":"Null Island, el lugar donde van a parar las b\u00fasquedas geogr\u00e1ficas err\u00f3neas","author":"alpoma","date":"agosto 10, 2017","format":false,"excerpt":"Si has utilizado alguna vez un mapa online, o un GPS, aplicaci\u00f3n geom\u00e1tica o un SIG, muy posiblemente has viajado a Null Island sin saberlo, sobre todo si el aparato o aplicaci\u00f3n gener\u00f3 un error de localizaci\u00f3n. El software geogr\u00e1fico, incluso Google Maps, por lo general, otorga la localizaci\u00f3n \"0,0\"\u2026","rel":"","context":"En \u00abCartograf\u00eda\u00bb","block_context":{"text":"Cartograf\u00eda","link":"https:\/\/alpoma.net\/carto\/?cat=9"},"img":{"alt_text":"Null Island","src":"https:\/\/i0.wp.com\/alpoma.net\/carto\/wp-content\/uploads\/2017\/08\/Null_Island.png?resize=350%2C200&ssl=1","width":350,"height":200,"srcset":"https:\/\/i0.wp.com\/alpoma.net\/carto\/wp-content\/uploads\/2017\/08\/Null_Island.png?resize=350%2C200&ssl=1 1x, https:\/\/i0.wp.com\/alpoma.net\/carto\/wp-content\/uploads\/2017\/08\/Null_Island.png?resize=525%2C300&ssl=1 1.5x"},"classes":[]},{"id":1140,"url":"https:\/\/alpoma.net\/carto\/?p=1140","url_meta":{"origin":416,"position":4},"title":"El radar meteorol\u00f3gico de Castilla y Le\u00f3n vuelve a funcionar","author":"alpoma","date":"diciembre 9, 2009","format":false,"excerpt":"Lo he visto esta ma\u00f1ana en Televisi\u00f3n Castilla y Le\u00f3n y me ha interesado por dos motivos. Uno, como es l\u00f3gico, por ser castellano, sobre todo siendo adem\u00e1s Autilla del Pino el pueblo de mi madre. El segundo motivo es una pregunta que no hace m\u00e1s que rondarme la cabeza\u2026","rel":"","context":"En \u00abGeograf\u00eda\u00bb","block_context":{"text":"Geograf\u00eda","link":"https:\/\/alpoma.net\/carto\/?cat=7"},"img":{"alt_text":"","src":"","width":0,"height":0},"classes":[]},{"id":7141,"url":"https:\/\/alpoma.net\/carto\/?p=7141","url_meta":{"origin":416,"position":5},"title":"Una perspectiva austral (McArthur\u2019s Universal Corrective Map)","author":"alpoma","date":"septiembre 23, 2018","format":false,"excerpt":"V\u00eda Twitter me lleg\u00f3 una petici\u00f3n la semana pasada acerca de bibliograf\u00eda sobre mapas que no fueran \"euroc\u00e9ntricos\". Eso me hizo recordar la historia de cierto australiano que se cans\u00f3 de ver mapas con el norte en la parte superior y centrados en Europa. Naturalmente, un mapa refleja el punto\u2026","rel":"","context":"En \u00abCartograf\u00eda\u00bb","block_context":{"text":"Cartograf\u00eda","link":"https:\/\/alpoma.net\/carto\/?cat=9"},"img":{"alt_text":"","src":"https:\/\/i0.wp.com\/alpoma.net\/carto\/wp-content\/uploads\/2018\/09\/austral.png?resize=350%2C200&ssl=1","width":350,"height":200},"classes":[]}],"jetpack_sharing_enabled":true,"_links":{"self":[{"href":"https:\/\/alpoma.net\/carto\/index.php?rest_route=\/wp\/v2\/posts\/416","targetHints":{"allow":["GET"]}}],"collection":[{"href":"https:\/\/alpoma.net\/carto\/index.php?rest_route=\/wp\/v2\/posts"}],"about":[{"href":"https:\/\/alpoma.net\/carto\/index.php?rest_route=\/wp\/v2\/types\/post"}],"author":[{"embeddable":true,"href":"https:\/\/alpoma.net\/carto\/index.php?rest_route=\/wp\/v2\/users\/1"}],"replies":[{"embeddable":true,"href":"https:\/\/alpoma.net\/carto\/index.php?rest_route=%2Fwp%2Fv2%2Fcomments&post=416"}],"version-history":[{"count":0,"href":"https:\/\/alpoma.net\/carto\/index.php?rest_route=\/wp\/v2\/posts\/416\/revisions"}],"wp:attachment":[{"href":"https:\/\/alpoma.net\/carto\/index.php?rest_route=%2Fwp%2Fv2%2Fmedia&parent=416"}],"wp:term":[{"taxonomy":"category","embeddable":true,"href":"https:\/\/alpoma.net\/carto\/index.php?rest_route=%2Fwp%2Fv2%2Fcategories&post=416"},{"taxonomy":"post_tag","embeddable":true,"href":"https:\/\/alpoma.net\/carto\/index.php?rest_route=%2Fwp%2Fv2%2Ftags&post=416"}],"curies":[{"name":"wp","href":"https:\/\/api.w.org\/{rel}","templated":true}]}}