{"id":4135,"date":"2013-12-12T18:03:27","date_gmt":"2013-12-12T16:03:27","guid":{"rendered":"http:\/\/alpoma.net\/carto\/?p=4135"},"modified":"2013-12-12T18:03:54","modified_gmt":"2013-12-12T16:03:54","slug":"el-fabricante-de-mundos","status":"publish","type":"post","link":"https:\/\/alpoma.net\/carto\/?p=4135","title":{"rendered":"El fabricante de mundos"},"content":{"rendered":"<p><img loading=\"lazy\" decoding=\"async\" src=\"http:\/\/alpoma.net\/carto\/wp-content\/uploads\/2013\/12\/globo-150x150.jpg\" alt=\"globo\" width=\"150\" height=\"150\" class=\"dch\" \/>En cuanto lo he visto, no he podido resistir traerlo a <em>La Cartoteca<\/em>. Adem\u00e1s, esta peque\u00f1a nota me sirve para retomar un poco el pulso del blog, en unos d\u00edas en que apenas tengo respiro para escribir.<\/p>\n<p>Se trata de <strong><a href=\"http:\/\/vimeo.com\/63511505\">un v\u00eddeo<\/a><\/strong> que tiene como protagonista a <strong><a href=\"http:\/\/www.bellerbyandco.com\/\">Peter Bellbeby<\/a><\/strong>, uno de los pocos artesanos que todav\u00eda quedan en el antiguo arte de crear<strong> globos terr\u00e1queos<\/strong>.<\/p>\n<p><iframe loading=\"lazy\" src=\"\/\/player.vimeo.com\/video\/63511505?title=0&amp;byline=0&amp;portrait=0&amp;color=65fcac\" width=\"620\" height=\"349\" frameborder=\"0\" webkitallowfullscreen mozallowfullscreen allowfullscreen><\/iframe> <\/p>\n<p><a href=\"http:\/\/vimeo.com\/63511505\">Peter Bellerby &#8211; The Globemaker<\/a> from <a href=\"http:\/\/vimeo.com\/cabnine\">Cabnine<\/a> on <a href=\"https:\/\/vimeo.com\">Vimeo<\/a>.<\/p>\n<p>&#8212;&#8212;&#8212;&#8211;<br \/>\nV\u00eda <a href=\"http:\/\/blog-idee.blogspot.com.es\/2013\/12\/peter-bellerby-el-fabricante-de-globos.html\">Blog IDEE: Peter Bellerby. El fabricante de globos terr\u00e1queos<\/a>.<\/p>\n","protected":false},"excerpt":{"rendered":"<div class=\"mh-excerpt\"><p>En cuanto lo he visto, no he podido resistir traerlo a La Cartoteca. Adem\u00e1s, esta peque\u00f1a nota me sirve para retomar un poco el pulso <a class=\"mh-excerpt-more\" href=\"https:\/\/alpoma.net\/carto\/?p=4135\" title=\"El fabricante de mundos\">[&#8230;]<\/a><\/p>\n<\/div>","protected":false},"author":1,"featured_media":4417,"comment_status":"open","ping_status":"open","sticky":false,"template":"","format":"standard","meta":{"jetpack_post_was_ever_published":false,"_jetpack_newsletter_access":"","_jetpack_dont_email_post_to_subs":false,"_jetpack_newsletter_tier_id":0,"_jetpack_memberships_contains_paywalled_content":false,"_jetpack_memberships_contains_paid_content":false,"footnotes":""},"categories":[4],"tags":[],"class_list":["post-4135","post","type-post","status-publish","format-standard","has-post-thumbnail","hentry","category-viejos-mapas"],"jetpack_featured_media_url":"https:\/\/alpoma.net\/carto\/wp-content\/uploads\/2013\/12\/globo-150x1501.jpg","jetpack_shortlink":"https:\/\/wp.me\/p93Co9-14H","jetpack-related-posts":[{"id":808,"url":"https:\/\/alpoma.net\/carto\/?p=808","url_meta":{"origin":4135,"position":0},"title":"Los peligros de los modelos","author":"alpoma","date":"abril 29, 2009","format":false,"excerpt":"La realidad puede ser sencilla, o la podemos complicar todo cuanto queramos. Modelos matem\u00e1ticos, clim\u00e1ticos y geogr\u00e1ficos, teor\u00eda de sistemas... se empieza por algo simple, pero la cosa suele terminar como en esta genial vi\u00f1eta. ;-) Fuente: Fundamentals of physical geography. David John Briggs y Peter Smithson. (1986).","rel":"","context":"En \u00abGeograf\u00eda\u00bb","block_context":{"text":"Geograf\u00eda","link":"https:\/\/alpoma.net\/carto\/?cat=7"},"img":{"alt_text":"","src":"","width":0,"height":0},"classes":[]},{"id":609,"url":"https:\/\/alpoma.net\/carto\/?p=609","url_meta":{"origin":4135,"position":1},"title":"El primer mapa de Internet","author":"alpoma","date":"agosto 12, 2008","format":false,"excerpt":"Viajemos al pasado. El 2 de Septiembre de 1969, Alex McKenzie dibuj\u00f3 en un trozo de papel el trazo del primer nodo de ARPANET en la Universidad de California en Los Angeles (UCLA)... | De Casting the Net: From ARPANET to INTERNET and Beyond, de Peter H. Salus. V\u00eda Next\u2026","rel":"","context":"En \u00abCartograf\u00eda\u00bb","block_context":{"text":"Cartograf\u00eda","link":"https:\/\/alpoma.net\/carto\/?cat=9"},"img":{"alt_text":"","src":"https:\/\/i0.wp.com\/alpoma.net\/carto\/wp-content\/uploads\/2008\/08\/2755698555_f679f122f0_o.jpg?resize=350%2C200&ssl=1","width":350,"height":200,"srcset":"https:\/\/i0.wp.com\/alpoma.net\/carto\/wp-content\/uploads\/2008\/08\/2755698555_f679f122f0_o.jpg?resize=350%2C200&ssl=1 1x, https:\/\/i0.wp.com\/alpoma.net\/carto\/wp-content\/uploads\/2008\/08\/2755698555_f679f122f0_o.jpg?resize=525%2C300&ssl=1 1.5x"},"classes":[]},{"id":318,"url":"https:\/\/alpoma.net\/carto\/?p=318","url_meta":{"origin":4135,"position":2},"title":"\u00bfLos portugueses \u00abdescubrieron\u00bb Australia?","author":"alpoma","date":"marzo 23, 2007","format":false,"excerpt":"Sobre el concepto de \"descubrimiento\" habr\u00eda mucho que decir, pero como sigue fascinando a muchos, de vez en cuando aparecen libros o historias que pretenden aportar novedades sobre las aventuras de los navegantes europeos a la caza de continentes ignotos. El \u00faltimo en la lista, al menos hasta ahora, es\u2026","rel":"","context":"En \u00abViejos mapas\u00bb","block_context":{"text":"Viejos mapas","link":"https:\/\/alpoma.net\/carto\/?cat=4"},"img":{"alt_text":"","src":"","width":0,"height":0},"classes":[]},{"id":7549,"url":"https:\/\/alpoma.net\/carto\/?p=7549","url_meta":{"origin":4135,"position":3},"title":"10 mapas realmente asombrosos","author":"alpoma","date":"octubre 23, 2019","format":false,"excerpt":"Me preguntaron recientemente acerca de los que, para m\u00ed, son los mapas m\u00e1s enigm\u00e1ticos de la Historia. Es complicado elegir, hay cientos de ejemplos y, por lo general, siempre se mencionan los mismos. He ah\u00ed el mapa de Piri Reis, o el de Vinlandia, o bien joyas muy antiguas como\u2026","rel":"","context":"En \u00abCartograf\u00eda\u00bb","block_context":{"text":"Cartograf\u00eda","link":"https:\/\/alpoma.net\/carto\/?cat=9"},"img":{"alt_text":"","src":"https:\/\/i0.wp.com\/alpoma.net\/carto\/wp-content\/uploads\/2019\/10\/2310913742_4f55acc05d_o.jpg?resize=350%2C200&ssl=1","width":350,"height":200,"srcset":"https:\/\/i0.wp.com\/alpoma.net\/carto\/wp-content\/uploads\/2019\/10\/2310913742_4f55acc05d_o.jpg?resize=350%2C200&ssl=1 1x, https:\/\/i0.wp.com\/alpoma.net\/carto\/wp-content\/uploads\/2019\/10\/2310913742_4f55acc05d_o.jpg?resize=525%2C300&ssl=1 1.5x, https:\/\/i0.wp.com\/alpoma.net\/carto\/wp-content\/uploads\/2019\/10\/2310913742_4f55acc05d_o.jpg?resize=700%2C400&ssl=1 2x"},"classes":[]},{"id":6533,"url":"https:\/\/alpoma.net\/carto\/?p=6533","url_meta":{"origin":4135,"position":4},"title":"Ha llegado gvSIG&#8230; \u00a1Para Mac!","author":"alpoma","date":"octubre 13, 2016","format":false,"excerpt":"Llevo esperando esto mucho tiempo. Normalmente mi ordenador de uso diario es un MacBook (de ac\u00e1 para all\u00e1 con un Air, y tambi\u00e9n con un Pro que muevo menos porque pesa bastante). Para cuestiones SIG suelo emplear en ellos QGIS, pero cuando necesito utilizar gvSIG (por ejemplo, y por costumbre,\u2026","rel":"","context":"En \u00abSIG\u00bb","block_context":{"text":"SIG","link":"https:\/\/alpoma.net\/carto\/?cat=2"},"img":{"alt_text":"","src":"https:\/\/i0.wp.com\/alpoma.net\/carto\/wp-content\/uploads\/2016\/10\/gvsig.png?resize=350%2C200&ssl=1","width":350,"height":200,"srcset":"https:\/\/i0.wp.com\/alpoma.net\/carto\/wp-content\/uploads\/2016\/10\/gvsig.png?resize=350%2C200&ssl=1 1x, https:\/\/i0.wp.com\/alpoma.net\/carto\/wp-content\/uploads\/2016\/10\/gvsig.png?resize=525%2C300&ssl=1 1.5x, https:\/\/i0.wp.com\/alpoma.net\/carto\/wp-content\/uploads\/2016\/10\/gvsig.png?resize=700%2C400&ssl=1 2x"},"classes":[]},{"id":3945,"url":"https:\/\/alpoma.net\/carto\/?p=3945","url_meta":{"origin":4135,"position":5},"title":"[Descarga] Gu\u00eda para el aprendizaje de gvSIG","author":"alpoma","date":"junio 10, 2013","format":false,"excerpt":"Con el despiste de estos d\u00edas, mientras terminaba Maptorian, se me pas\u00f3 mencionar este recurso que, a mi entender, es muy \u00fatil, tanto para usuarios actuales de gvSIG como para quienes deseen acercarse a tan magn\u00edfico programa. Aqu\u00ed va... Dentro del repositorio digital de la Universidad Polit\u00e9cnica de Cartagena se\u2026","rel":"","context":"En \u00abSIG\u00bb","block_context":{"text":"SIG","link":"https:\/\/alpoma.net\/carto\/?cat=2"},"img":{"alt_text":"","src":"","width":0,"height":0},"classes":[]}],"jetpack_sharing_enabled":true,"_links":{"self":[{"href":"https:\/\/alpoma.net\/carto\/index.php?rest_route=\/wp\/v2\/posts\/4135","targetHints":{"allow":["GET"]}}],"collection":[{"href":"https:\/\/alpoma.net\/carto\/index.php?rest_route=\/wp\/v2\/posts"}],"about":[{"href":"https:\/\/alpoma.net\/carto\/index.php?rest_route=\/wp\/v2\/types\/post"}],"author":[{"embeddable":true,"href":"https:\/\/alpoma.net\/carto\/index.php?rest_route=\/wp\/v2\/users\/1"}],"replies":[{"embeddable":true,"href":"https:\/\/alpoma.net\/carto\/index.php?rest_route=%2Fwp%2Fv2%2Fcomments&post=4135"}],"version-history":[{"count":0,"href":"https:\/\/alpoma.net\/carto\/index.php?rest_route=\/wp\/v2\/posts\/4135\/revisions"}],"wp:featuredmedia":[{"embeddable":true,"href":"https:\/\/alpoma.net\/carto\/index.php?rest_route=\/wp\/v2\/media\/4417"}],"wp:attachment":[{"href":"https:\/\/alpoma.net\/carto\/index.php?rest_route=%2Fwp%2Fv2%2Fmedia&parent=4135"}],"wp:term":[{"taxonomy":"category","embeddable":true,"href":"https:\/\/alpoma.net\/carto\/index.php?rest_route=%2Fwp%2Fv2%2Fcategories&post=4135"},{"taxonomy":"post_tag","embeddable":true,"href":"https:\/\/alpoma.net\/carto\/index.php?rest_route=%2Fwp%2Fv2%2Ftags&post=4135"}],"curies":[{"name":"wp","href":"https:\/\/api.w.org\/{rel}","templated":true}]}}