{"id":4121,"date":"2013-11-13T20:28:10","date_gmt":"2013-11-13T18:28:10","guid":{"rendered":"http:\/\/alpoma.net\/carto\/?p=4121"},"modified":"2013-11-13T20:28:10","modified_gmt":"2013-11-13T18:28:10","slug":"convocatoria-curso-practico-en-sistemas-de-informacion-geografica-analisis-vectorial-upm","status":"publish","type":"post","link":"https:\/\/alpoma.net\/carto\/?p=4121","title":{"rendered":"[Convocatoria] Curso Pr\u00e1ctico en Sistemas de Informaci\u00f3n Geogr\u00e1fica &#8211; An\u00e1lisis Vectorial (UPM)"},"content":{"rendered":"<p>Me hago eco de esta convocatorio de curso que me han enviado para difundir, por si alg\u00fan lector de<em> La Cartoteca <\/em>est\u00e1 interesado:<\/p>\n<blockquote><p><strong>Curso Pr\u00e1ctico de Sistemas de Informaci\u00f3n Geogr\u00e1fica (An\u00e1lisis Vectorial)<\/strong><\/p>\n<p><strong>Fechas<\/strong>: 18 &#8211; 29 noviembre 2013.<br \/>\n<strong>Horario<\/strong>: 16:00 &#8211; 21:00h, lunes &#8211; viernes.<br \/>\n1 alumno por ordenador.<br \/>\nArcGIS 10. (Material incluido en la matr\u00edcula).<br \/>\nDiploma.<br \/>\nBolsa de Empleo.<br \/>\n<strong>20% descuento<\/strong>: 344 \u20ac precio final (430 \u20ac matr\u00edcula)<br \/>\n<strong>M\u00e1s info<\/strong>: <a href=\"http:\/\/www.catedraecoembes.es\">www.catedraecoembes.es<\/a>, 913367101 (Juan Carlos \/ Soledad), <a href=\"mailto:s.tedde@catedraecoembes.es\">s.tedde@catedraecoembes.es<\/a><\/p>\n<p><strong><a href=\"http:\/\/www.catedraecoembes.es\/site\/formacion\/practicos\/documentos\/dossier_gis_nov13.pdf\">Descargar dossier en PDF<\/a><\/strong>.<\/p><\/blockquote>\n","protected":false},"excerpt":{"rendered":"<div class=\"mh-excerpt\"><p>Me hago eco de esta convocatorio de curso que me han enviado para difundir, por si alg\u00fan lector de La Cartoteca est\u00e1 interesado: Curso Pr\u00e1ctico <a class=\"mh-excerpt-more\" href=\"https:\/\/alpoma.net\/carto\/?p=4121\" title=\"[Convocatoria] Curso Pr\u00e1ctico en Sistemas de Informaci\u00f3n Geogr\u00e1fica &#8211; An\u00e1lisis Vectorial (UPM)\">[&#8230;]<\/a><\/p>\n<\/div>","protected":false},"author":1,"featured_media":0,"comment_status":"open","ping_status":"open","sticky":false,"template":"","format":"standard","meta":{"jetpack_post_was_ever_published":false,"_jetpack_newsletter_access":"","_jetpack_dont_email_post_to_subs":false,"_jetpack_newsletter_tier_id":0,"_jetpack_memberships_contains_paywalled_content":false,"_jetpack_memberships_contains_paid_content":false,"footnotes":""},"categories":[1],"tags":[],"class_list":["post-4121","post","type-post","status-publish","format-standard","hentry","category-general"],"jetpack_featured_media_url":"","jetpack_shortlink":"https:\/\/wp.me\/p93Co9-14t","jetpack-related-posts":[{"id":2587,"url":"https:\/\/alpoma.net\/carto\/?p=2587","url_meta":{"origin":4121,"position":0},"title":"Nuevos cursos e-learning, DMS Group","author":"alpoma","date":"mayo 24, 2011","format":false,"excerpt":"Me hago eco de una nueva oferta formativa realmente interesante: DMS Group, empresa especializada en Infraestructuras de Datos Espaciales y Sistemas de Informaci\u00f3n Geogr\u00e1fica, lanza nuevos cursos de formaci\u00f3n e-learning. Nuestros a\u00f1os de experiencia y los trabajos realizados con el Instituto Geogr\u00e1fico Nacional, Instituto Geol\u00f3gico y Minero de Espa\u00f1a, Ministerio\u2026","rel":"","context":"En \u00abEn l\u00ednea\u00bb","block_context":{"text":"En l\u00ednea","link":"https:\/\/alpoma.net\/carto\/?cat=5"},"img":{"alt_text":"","src":"https:\/\/i0.wp.com\/alpoma.net\/carto\/wp-content\/uploads\/2011\/05\/5755335058_057b3f7683_o.jpg?resize=350%2C200&ssl=1","width":350,"height":200,"srcset":"https:\/\/i0.wp.com\/alpoma.net\/carto\/wp-content\/uploads\/2011\/05\/5755335058_057b3f7683_o.jpg?resize=350%2C200&ssl=1 1x, https:\/\/i0.wp.com\/alpoma.net\/carto\/wp-content\/uploads\/2011\/05\/5755335058_057b3f7683_o.jpg?resize=525%2C300&ssl=1 1.5x"},"classes":[]},{"id":3941,"url":"https:\/\/alpoma.net\/carto\/?p=3941","url_meta":{"origin":4121,"position":1},"title":"Nace Maptorian","author":"alpoma","date":"junio 8, 2013","format":false,"excerpt":"Bien, pues tras casi un mes de parada t\u00e9cnica en La Cartoteca, llega el momento de descubrir qu\u00e9 me ha tenido ocupado. Se trata de Maptorian, una colecci\u00f3n de plantillas cartogr\u00e1ficas en formato AI para Adobe Illustrator pensada para facilitar el trabajo de dise\u00f1adores gr\u00e1ficos, periodistas, infograf\u00edas y, en general,\u2026","rel":"","context":"En \u00abCartograf\u00eda\u00bb","block_context":{"text":"Cartograf\u00eda","link":"https:\/\/alpoma.net\/carto\/?cat=9"},"img":{"alt_text":"","src":"https:\/\/i0.wp.com\/alpoma.net\/carto\/wp-content\/uploads\/2013\/06\/portada_maptorian_2.jpg?resize=350%2C200&ssl=1","width":350,"height":200,"srcset":"https:\/\/i0.wp.com\/alpoma.net\/carto\/wp-content\/uploads\/2013\/06\/portada_maptorian_2.jpg?resize=350%2C200&ssl=1 1x, https:\/\/i0.wp.com\/alpoma.net\/carto\/wp-content\/uploads\/2013\/06\/portada_maptorian_2.jpg?resize=525%2C300&ssl=1 1.5x, https:\/\/i0.wp.com\/alpoma.net\/carto\/wp-content\/uploads\/2013\/06\/portada_maptorian_2.jpg?resize=700%2C400&ssl=1 2x"},"classes":[]},{"id":4079,"url":"https:\/\/alpoma.net\/carto\/?p=4079","url_meta":{"origin":4121,"position":2},"title":"[Convocatoria] Curso de tecnoarqueolog\u00eda (Valladolid, del 4 al 15 de noviembre de 2013)","author":"alpoma","date":"octubre 4, 2013","format":false,"excerpt":"Quiero aprovechar hoy mi blog para difundir este pr\u00f3ximo curso que se celebrar\u00e1 en noviembre en el Parque Cient\u00edfico de la Universidad de Valladolid , en el que he colaborado a la hora de su organizaci\u00f3n. Se trata de algo novedoso que se centra en el estudio de tecnolog\u00edas diversas\u2026","rel":"","context":"En \u00abEn l\u00ednea\u00bb","block_context":{"text":"En l\u00ednea","link":"https:\/\/alpoma.net\/carto\/?cat=5"},"img":{"alt_text":"","src":"","width":0,"height":0},"classes":[]},{"id":3789,"url":"https:\/\/alpoma.net\/carto\/?p=3789","url_meta":{"origin":4121,"position":3},"title":"Curso MOOC sobre dispositivos m\u00f3viles y sus aplicaciones a la ingenier\u00eda y la gesti\u00f3n del territorio","author":"alpoma","date":"febrero 11, 2013","format":false,"excerpt":"Hace muy poco ha visto la luz la primera gran iniciativa en espa\u00f1ol relacionada con el mundo de los MOOC. \u00bfNo te suena ese acr\u00f3nimo? Pues m\u00e1s vale que lo vayas aprendiendo porque, seg\u00fan se est\u00e1 viendo, es una tendencia en alza o, lo que es igual, algo muy de\u2026","rel":"","context":"En \u00abEn l\u00ednea\u00bb","block_context":{"text":"En l\u00ednea","link":"https:\/\/alpoma.net\/carto\/?cat=5"},"img":{"alt_text":"","src":"","width":0,"height":0},"classes":[]},{"id":3138,"url":"https:\/\/alpoma.net\/carto\/?p=3138","url_meta":{"origin":4121,"position":4},"title":"[Convocatoria] Programa Completo M\u00e1ster Profesional en Direcci\u00f3n de Proyectos y Servicios Geoespaciales &#8211; \u2028Abierta Matr\u00edcula","author":"alpoma","date":"febrero 6, 2012","format":false,"excerpt":"Me hago eco de una convocatoria interesante: El Instituto Geogr\u00e1fico Nacional (IGN) organiza conjuntamente con la Universidad Polit\u00e9cnica de Madrid (UPM) el M\u00e1ster Profesional en Direcci\u00f3n de Proyectos y Gesti\u00f3n de Servicios Geoespaciales. Puedes consultar en este enlace el Programa y temario completo del m\u00e1ster en PDF. El M\u00e1ster se\u2026","rel":"","context":"En \u00abMiscel\u00e1nea\u00bb","block_context":{"text":"Miscel\u00e1nea","link":"https:\/\/alpoma.net\/carto\/?cat=1"},"img":{"alt_text":"Imagen_master_alumnos","src":"https:\/\/i0.wp.com\/farm8.staticflickr.com\/7008\/6830768775_2c8e79143d_m.jpg?resize=350%2C200","width":350,"height":200},"classes":[]},{"id":2733,"url":"https:\/\/alpoma.net\/carto\/?p=2733","url_meta":{"origin":4121,"position":5},"title":"[Convocatoria] Cursos e-learning de DMS Group","author":"alpoma","date":"septiembre 9, 2011","format":false,"excerpt":"Me llega una convocatoria que creo puede ser de inter\u00e9s de muchos lectores de La Cartoteca. Y ya aprovecho para comentar que, en breve, este blog volver\u00e1 a su ritmo habitual de publicaci\u00f3n, despu\u00e9s del peque\u00f1o desierto de las \u00faltimas semanas en las que no he tenido tiempo de casi\u2026","rel":"","context":"En \u00abEn l\u00ednea\u00bb","block_context":{"text":"En l\u00ednea","link":"https:\/\/alpoma.net\/carto\/?cat=5"},"img":{"alt_text":"dms_group","src":"https:\/\/i0.wp.com\/farm7.static.flickr.com\/6061\/6130662033_ab7088edd0_t.jpg?resize=350%2C200","width":350,"height":200},"classes":[]}],"jetpack_sharing_enabled":true,"_links":{"self":[{"href":"https:\/\/alpoma.net\/carto\/index.php?rest_route=\/wp\/v2\/posts\/4121","targetHints":{"allow":["GET"]}}],"collection":[{"href":"https:\/\/alpoma.net\/carto\/index.php?rest_route=\/wp\/v2\/posts"}],"about":[{"href":"https:\/\/alpoma.net\/carto\/index.php?rest_route=\/wp\/v2\/types\/post"}],"author":[{"embeddable":true,"href":"https:\/\/alpoma.net\/carto\/index.php?rest_route=\/wp\/v2\/users\/1"}],"replies":[{"embeddable":true,"href":"https:\/\/alpoma.net\/carto\/index.php?rest_route=%2Fwp%2Fv2%2Fcomments&post=4121"}],"version-history":[{"count":0,"href":"https:\/\/alpoma.net\/carto\/index.php?rest_route=\/wp\/v2\/posts\/4121\/revisions"}],"wp:attachment":[{"href":"https:\/\/alpoma.net\/carto\/index.php?rest_route=%2Fwp%2Fv2%2Fmedia&parent=4121"}],"wp:term":[{"taxonomy":"category","embeddable":true,"href":"https:\/\/alpoma.net\/carto\/index.php?rest_route=%2Fwp%2Fv2%2Fcategories&post=4121"},{"taxonomy":"post_tag","embeddable":true,"href":"https:\/\/alpoma.net\/carto\/index.php?rest_route=%2Fwp%2Fv2%2Ftags&post=4121"}],"curies":[{"name":"wp","href":"https:\/\/api.w.org\/{rel}","templated":true}]}}