{"id":410,"date":"2007-09-06T23:37:02","date_gmt":"2007-09-06T21:37:02","guid":{"rendered":"http:\/\/alpoma.net\/carto\/?p=410"},"modified":"2007-09-07T00:31:48","modified_gmt":"2007-09-06T22:31:48","slug":"ciencias-de-la-tierra-imagen-del-dia","status":"publish","type":"post","link":"https:\/\/alpoma.net\/carto\/?p=410","title":{"rendered":"Ciencias de la Tierra: Imagen del d\u00eda"},"content":{"rendered":"<p>Las webs de \u00abim\u00e1genes del d\u00eda\u00bb son bastante comunes. Se trata de espacios en Internet que cada d\u00eda o, al menos, con una periodicidad determinada, ofrecen im\u00e1genes relacionadas con un tema principal. El caso m\u00e1s conocido es el de  <strong><a href=\"http:\/\/apod.nasa.gov\/apod\/astropix.html\">Astronomy Picture of the Day<\/a><\/strong>, ofrecido por la NASA, que cada d\u00eda publica una imagen comentada relacionada con el mundo de la astronom\u00eda.<\/p>\n<p>Pues bien, las Ciencias de la Tierra \u2013geolog\u00eda, geograf\u00eda f\u00edsica, geomorfolog\u00eda, climatolog\u00eda&#8230;\u2013 no iban a ser menos y, c\u00f3mo no, tambi\u00e9n existe un \u00abservicio\u00bb similar, en este caso realizado por la <strong>Universities Space Research Association<\/strong> en colaboraci\u00f3n con el <strong><a href=\"http:\/\/www.nasa.gov\/centers\/goddard\/home\/index.html\">Goddard Space Flight Center<\/a><\/strong>, de la NASA:<br \/>\n<strong><br \/>\n<a href=\"http:\/\/epod.usra.edu\/\" class=\"enlaces\">Earth Science Picture of the Day<\/a><\/strong><\/p>\n","protected":false},"excerpt":{"rendered":"<div class=\"mh-excerpt\"><p>Las webs de \u00abim\u00e1genes del d\u00eda\u00bb son bastante comunes. Se trata de espacios en Internet que cada d\u00eda o, al menos, con una periodicidad determinada, <a class=\"mh-excerpt-more\" href=\"https:\/\/alpoma.net\/carto\/?p=410\" title=\"Ciencias de la Tierra: Imagen del d\u00eda\">[&#8230;]<\/a><\/p>\n<\/div>","protected":false},"author":1,"featured_media":0,"comment_status":"open","ping_status":"open","sticky":false,"template":"","format":"standard","meta":{"jetpack_post_was_ever_published":false,"_jetpack_newsletter_access":"","_jetpack_dont_email_post_to_subs":false,"_jetpack_newsletter_tier_id":0,"_jetpack_memberships_contains_paywalled_content":false,"_jetpack_memberships_contains_paid_content":false,"footnotes":""},"categories":[5,7],"tags":[],"class_list":["post-410","post","type-post","status-publish","format-standard","hentry","category-en-linea","category-geografia"],"jetpack_featured_media_url":"","jetpack_shortlink":"https:\/\/wp.me\/p93Co9-6C","jetpack-related-posts":[{"id":1576,"url":"https:\/\/alpoma.net\/carto\/?p=1576","url_meta":{"origin":410,"position":0},"title":"Gu\u00eda Did\u00e1ctica de Teledetecci\u00f3n y Medio Ambiente","author":"alpoma","date":"abril 26, 2010","format":false,"excerpt":"La Asociaci\u00f3n Espa\u00f1ola de Teledetecci\u00f3n dispone para su descarga de un documento de sumo inter\u00e9s. Se trata de un archivo de 67 p\u00e1ginas, en el que han actuado como editories Javier Mart\u00ednez Vega y M. Pilar Mart\u00edn Isabel y cuya descarga, lectura y disfrute recomiendo vivamente: Esta gu\u00eda did\u00e1ctica de\u2026","rel":"","context":"En \u00abEn l\u00ednea\u00bb","block_context":{"text":"En l\u00ednea","link":"https:\/\/alpoma.net\/carto\/?cat=5"},"img":{"alt_text":"Portada","src":"https:\/\/i0.wp.com\/farm5.static.flickr.com\/4010\/4554203941_5c5b273edb_o.jpg?resize=350%2C200","width":350,"height":200},"classes":[]},{"id":6131,"url":"https:\/\/alpoma.net\/carto\/?p=6131","url_meta":{"origin":410,"position":1},"title":"\u00abFrikada\u00bb cartogr\u00e1fica en \u00abLas cr\u00f3nicas de Riddick\u00bb","author":"alpoma","date":"mayo 16, 2015","format":false,"excerpt":"Tengo la sensaci\u00f3n de que este va a ser el post con menos utilidad de la historia de La Cartoteca, vamos, una aut\u00e9ntica \"frikada\", pero qu\u00e9 le vamos a hacer, es lo que sucede cuando reconoces patrones cartogr\u00e1ficos por doquier. La cosa va de una pel\u00edcula y cierto dise\u00f1o que\u2026","rel":"","context":"En \u00abMiscel\u00e1nea\u00bb","block_context":{"text":"Miscel\u00e1nea","link":"https:\/\/alpoma.net\/carto\/?cat=1"},"img":{"alt_text":"","src":"https:\/\/i0.wp.com\/alpoma.net\/carto\/wp-content\/uploads\/2015\/05\/ridck4.jpg?resize=350%2C200&ssl=1","width":350,"height":200,"srcset":"https:\/\/i0.wp.com\/alpoma.net\/carto\/wp-content\/uploads\/2015\/05\/ridck4.jpg?resize=350%2C200&ssl=1 1x, https:\/\/i0.wp.com\/alpoma.net\/carto\/wp-content\/uploads\/2015\/05\/ridck4.jpg?resize=525%2C300&ssl=1 1.5x"},"classes":[]},{"id":2678,"url":"https:\/\/alpoma.net\/carto\/?p=2678","url_meta":{"origin":410,"position":2},"title":"Creta, un rasg\u00f3n en el Mediterr\u00e1neo","author":"alpoma","date":"agosto 15, 2011","format":false,"excerpt":"Por mucho que est\u00e9 acostumbrado a trabajar con im\u00e1genes de la Tierra tomadas desde el espacio, no dejo de sorprenderme ante la belleza de muchas de ellas, como este ejemplo que nos muestra a Creta, ese precioso \"rasg\u00f3n\" en el Mediterr\u00e1neo oriental, retratada en toda su grandeza desde la ISS\u2026","rel":"","context":"En \u00abTeledetecci\u00f3n\u00bb","block_context":{"text":"Teledetecci\u00f3n","link":"https:\/\/alpoma.net\/carto\/?cat=3"},"img":{"alt_text":"","src":"https:\/\/i0.wp.com\/alpoma.net\/carto\/wp-content\/uploads\/2011\/08\/6045696581_50c2453dba_o.jpg?resize=350%2C200&ssl=1","width":350,"height":200,"srcset":"https:\/\/i0.wp.com\/alpoma.net\/carto\/wp-content\/uploads\/2011\/08\/6045696581_50c2453dba_o.jpg?resize=350%2C200&ssl=1 1x, https:\/\/i0.wp.com\/alpoma.net\/carto\/wp-content\/uploads\/2011\/08\/6045696581_50c2453dba_o.jpg?resize=525%2C300&ssl=1 1.5x"},"classes":[]},{"id":1405,"url":"https:\/\/alpoma.net\/carto\/?p=1405","url_meta":{"origin":410,"position":3},"title":"Terra y la Tierra","author":"alpoma","date":"febrero 25, 2010","format":false,"excerpt":"La misi\u00f3n Terra (EOS AM-1), de la NASA, cumple ya una d\u00e9cada de vida monitorizando nuestro planeta, as\u00ed que no viene mal repasar un poco y de forma visual, c\u00f3mo nos ha contemplado esta plataforma orbital de teledetecci\u00f3n en estos a\u00f1os. En Earth Observatory se hace un completo repaso, con\u2026","rel":"","context":"En \u00abTeledetecci\u00f3n\u00bb","block_context":{"text":"Teledetecci\u00f3n","link":"https:\/\/alpoma.net\/carto\/?cat=3"},"img":{"alt_text":"","src":"https:\/\/i0.wp.com\/alpoma.net\/carto\/wp-content\/uploads\/2010\/02\/4386938267_9f8c560022_m.jpg?resize=350%2C200&ssl=1","width":350,"height":200},"classes":[]},{"id":832,"url":"https:\/\/alpoma.net\/carto\/?p=832","url_meta":{"origin":410,"position":4},"title":"Erupci\u00f3n del pico Sarychev","author":"alpoma","date":"junio 15, 2009","format":false,"excerpt":"La imagen que ilustra este post corresponde a la espectacular nube (pluma) de vapores y cenizas tomada por el instrumento MODIS a bordo del sat\u00e9lite Terra de la NASA el 14 de junio de 2009, surgida del volc\u00e1n Sarychev, en el extremo oriental de Rusia, Islas Kuriles. En la imagen,\u2026","rel":"","context":"En \u00abGeograf\u00eda\u00bb","block_context":{"text":"Geograf\u00eda","link":"https:\/\/alpoma.net\/carto\/?cat=7"},"img":{"alt_text":"","src":"https:\/\/i0.wp.com\/alpoma.net\/carto\/wp-content\/uploads\/2009\/06\/3629574838_72916e1aa0_o.jpg?resize=350%2C200&ssl=1","width":350,"height":200,"srcset":"https:\/\/i0.wp.com\/alpoma.net\/carto\/wp-content\/uploads\/2009\/06\/3629574838_72916e1aa0_o.jpg?resize=350%2C200&ssl=1 1x, https:\/\/i0.wp.com\/alpoma.net\/carto\/wp-content\/uploads\/2009\/06\/3629574838_72916e1aa0_o.jpg?resize=525%2C300&ssl=1 1.5x"},"classes":[]},{"id":2089,"url":"https:\/\/alpoma.net\/carto\/?p=2089","url_meta":{"origin":410,"position":5},"title":"El gigante&#8230; \u00bfdormido?","author":"alpoma","date":"noviembre 23, 2010","format":false,"excerpt":"En su d\u00eda publiqu\u00e9 un art\u00edculo bastante largo sobre el c\u00e9lebre Krakatoa, el volc\u00e1n que hizo estallar por los aires su c\u00e1mara magm\u00e1tica, y de paso toda la isla en que habitaba, en medio de uno de los m\u00e1s terribles estruendos jam\u00e1s escuchados por la humanidad, el 27 de agosto\u2026","rel":"","context":"En \u00abGeograf\u00eda\u00bb","block_context":{"text":"Geograf\u00eda","link":"https:\/\/alpoma.net\/carto\/?cat=7"},"img":{"alt_text":"","src":"https:\/\/i0.wp.com\/alpoma.net\/carto\/wp-content\/uploads\/2010\/11\/5199946292_30a3e8a217_o.jpg?resize=350%2C200&ssl=1","width":350,"height":200,"srcset":"https:\/\/i0.wp.com\/alpoma.net\/carto\/wp-content\/uploads\/2010\/11\/5199946292_30a3e8a217_o.jpg?resize=350%2C200&ssl=1 1x, https:\/\/i0.wp.com\/alpoma.net\/carto\/wp-content\/uploads\/2010\/11\/5199946292_30a3e8a217_o.jpg?resize=525%2C300&ssl=1 1.5x"},"classes":[]}],"jetpack_sharing_enabled":true,"_links":{"self":[{"href":"https:\/\/alpoma.net\/carto\/index.php?rest_route=\/wp\/v2\/posts\/410","targetHints":{"allow":["GET"]}}],"collection":[{"href":"https:\/\/alpoma.net\/carto\/index.php?rest_route=\/wp\/v2\/posts"}],"about":[{"href":"https:\/\/alpoma.net\/carto\/index.php?rest_route=\/wp\/v2\/types\/post"}],"author":[{"embeddable":true,"href":"https:\/\/alpoma.net\/carto\/index.php?rest_route=\/wp\/v2\/users\/1"}],"replies":[{"embeddable":true,"href":"https:\/\/alpoma.net\/carto\/index.php?rest_route=%2Fwp%2Fv2%2Fcomments&post=410"}],"version-history":[{"count":0,"href":"https:\/\/alpoma.net\/carto\/index.php?rest_route=\/wp\/v2\/posts\/410\/revisions"}],"wp:attachment":[{"href":"https:\/\/alpoma.net\/carto\/index.php?rest_route=%2Fwp%2Fv2%2Fmedia&parent=410"}],"wp:term":[{"taxonomy":"category","embeddable":true,"href":"https:\/\/alpoma.net\/carto\/index.php?rest_route=%2Fwp%2Fv2%2Fcategories&post=410"},{"taxonomy":"post_tag","embeddable":true,"href":"https:\/\/alpoma.net\/carto\/index.php?rest_route=%2Fwp%2Fv2%2Ftags&post=410"}],"curies":[{"name":"wp","href":"https:\/\/api.w.org\/{rel}","templated":true}]}}