{"id":41,"date":"2005-12-05T19:46:21","date_gmt":"2005-12-05T17:46:21","guid":{"rendered":"http:\/\/alpoma.net\/carto\/?p=41"},"modified":"2005-12-05T19:46:21","modified_gmt":"2005-12-05T17:46:21","slug":"atlas-climatico-de-la-peninsula-iberica","status":"publish","type":"post","link":"https:\/\/alpoma.net\/carto\/?p=41","title":{"rendered":"Atlas Clim\u00e1tico de la Pen\u00ednsula Ib\u00e9rica"},"content":{"rendered":"<p>Sin duda, se trata de una magn\u00edfica noticia. Ya est\u00e1 disponible en l\u00ednea el Atlas Clim\u00e1tico de la Pen\u00ednsula Ib\u00e9rica, creado a partir de datos de m\u00e1s de 2.000 estaciones meteorol\u00f3gicas y con series desde los a\u00f1os cincuenta. Cuenta con una resoluci\u00f3n espacial de 200 metros y se puede consultar informaci\u00f3n mensual o anual:<\/p>\n<p>&#8211;> <strong><a href=\"http:\/\/opengis.uab.es\/wms\/iberia\/index.htm\">Acceso al Atlas<\/a><\/strong>. Unidad de Bot\u00e1nica del Departamento de Geograf\u00eda de la UAB.<\/p>\n","protected":false},"excerpt":{"rendered":"<div class=\"mh-excerpt\"><p>Sin duda, se trata de una magn\u00edfica noticia. Ya est\u00e1 disponible en l\u00ednea el Atlas Clim\u00e1tico de la Pen\u00ednsula Ib\u00e9rica, creado a partir de datos <a class=\"mh-excerpt-more\" href=\"https:\/\/alpoma.net\/carto\/?p=41\" title=\"Atlas Clim\u00e1tico de la Pen\u00ednsula Ib\u00e9rica\">[&#8230;]<\/a><\/p>\n<\/div>","protected":false},"author":1,"featured_media":0,"comment_status":"open","ping_status":"open","sticky":false,"template":"","format":"standard","meta":{"jetpack_post_was_ever_published":false,"_jetpack_newsletter_access":"","_jetpack_dont_email_post_to_subs":false,"_jetpack_newsletter_tier_id":0,"_jetpack_memberships_contains_paywalled_content":false,"_jetpack_memberships_contains_paid_content":false,"footnotes":""},"categories":[9,5,2],"tags":[],"class_list":["post-41","post","type-post","status-publish","format-standard","hentry","category-cartografia","category-en-linea","category-sig"],"jetpack_featured_media_url":"","jetpack_shortlink":"https:\/\/wp.me\/p93Co9-F","jetpack-related-posts":[{"id":2468,"url":"https:\/\/alpoma.net\/carto\/?p=2468","url_meta":{"origin":41,"position":0},"title":"Atlas clim\u00e1tico ib\u00e9rico (PDF)","author":"alpoma","date":"abril 9, 2011","format":false,"excerpt":"He aqu\u00ed una obra de sumo inter\u00e9s, publicada por la Agencia Estatal de Meteorolog\u00eda de Espa\u00f1a (AEMET) y el Instituto de Meteorologia de Portugal. Disponible en versi\u00f3n PDF online. El atlas clim\u00e1tico constituye un medio de presentar, de forma gr\u00e1fica, una s\u00edntesis de los conocimientos referentes al clima de un\u2026","rel":"","context":"En \u00abGeograf\u00eda\u00bb","block_context":{"text":"Geograf\u00eda","link":"https:\/\/alpoma.net\/carto\/?cat=7"},"img":{"alt_text":"atlas_clnm","src":"https:\/\/i0.wp.com\/farm6.static.flickr.com\/5024\/5603238166_a92d2ca167_m.jpg?resize=350%2C200","width":350,"height":200},"classes":[]},{"id":6571,"url":"https:\/\/alpoma.net\/carto\/?p=6571","url_meta":{"origin":41,"position":1},"title":"Atlas de la lengua espa\u00f1ola (descarga libre)","author":"alpoma","date":"diciembre 28, 2016","format":false,"excerpt":"Acabo de repasar esta tercera edici\u00f3n revisada y actualizada del Atlas de la lengua espa\u00f1ola en el mundo, obra de Francisco Moreno Fern\u00e1ndez y Jaime Otero Roth que Fundaci\u00f3n Telef\u00f3nica ha dispuesto en descarga libre para disfrute de todo el mundo. A lo largo de sus 146 p\u00e1ginas (hay versi\u00f3n\u2026","rel":"","context":"En \u00abEn l\u00ednea\u00bb","block_context":{"text":"En l\u00ednea","link":"https:\/\/alpoma.net\/carto\/?cat=5"},"img":{"alt_text":"","src":"https:\/\/i0.wp.com\/alpoma.net\/carto\/wp-content\/uploads\/2016\/12\/Atlas_portada.jpg?resize=350%2C200&ssl=1","width":350,"height":200},"classes":[]},{"id":751,"url":"https:\/\/alpoma.net\/carto\/?p=751","url_meta":{"origin":41,"position":2},"title":"Mapas interactivos de contaminaci\u00f3n lum\u00ednica","author":"alpoma","date":"enero 17, 2009","format":false,"excerpt":"Cuando uno lleva a\u00f1os siendo un verdadero fan\u00e1tico de la astronom\u00eda, pocas cosas habr\u00e1 que fastidien m\u00e1s que la contaminaci\u00f3n lum\u00ednica de las ciudades, que obliga a ir lejor, a veces a bastante distancia de donde se est\u00e9 en ese momento, para gozar de cielos limpios y con calidad suficiente\u2026","rel":"","context":"En \u00abCartograf\u00eda\u00bb","block_context":{"text":"Cartograf\u00eda","link":"https:\/\/alpoma.net\/carto\/?cat=9"},"img":{"alt_text":"","src":"https:\/\/i0.wp.com\/alpoma.net\/carto\/wp-content\/uploads\/2009\/01\/3203744088_1d4fdc8bc7_o.jpg?resize=350%2C200&ssl=1","width":350,"height":200,"srcset":"https:\/\/i0.wp.com\/alpoma.net\/carto\/wp-content\/uploads\/2009\/01\/3203744088_1d4fdc8bc7_o.jpg?resize=350%2C200&ssl=1 1x, https:\/\/i0.wp.com\/alpoma.net\/carto\/wp-content\/uploads\/2009\/01\/3203744088_1d4fdc8bc7_o.jpg?resize=525%2C300&ssl=1 1.5x"},"classes":[]},{"id":7786,"url":"https:\/\/alpoma.net\/carto\/?p=7786","url_meta":{"origin":41,"position":3},"title":"James Wyld y su \u00abGran Globo\u00bb","author":"alpoma","date":"febrero 3, 2023","format":false,"excerpt":"Ahora que en estos d\u00edas tengo en marcha una nueva campa\u00f1a en Kickstarter, en esta ocasi\u00f3n sobre un libro que recupera mapas de atlas escolares y familiares de la segunda mitad del siglo XIX, voy a recuperar la costumbre de realizar nuevas publicaciones en este blog, aunque sea temporalmente. El\u2026","rel":"","context":"En \u00abViejos mapas\u00bb","block_context":{"text":"Viejos mapas","link":"https:\/\/alpoma.net\/carto\/?cat=4"},"img":{"alt_text":"","src":"https:\/\/i0.wp.com\/alpoma.net\/carto\/wp-content\/uploads\/2023\/02\/geography-1880.jpg?resize=350%2C200&ssl=1","width":350,"height":200,"srcset":"https:\/\/i0.wp.com\/alpoma.net\/carto\/wp-content\/uploads\/2023\/02\/geography-1880.jpg?resize=350%2C200&ssl=1 1x, https:\/\/i0.wp.com\/alpoma.net\/carto\/wp-content\/uploads\/2023\/02\/geography-1880.jpg?resize=525%2C300&ssl=1 1.5x, https:\/\/i0.wp.com\/alpoma.net\/carto\/wp-content\/uploads\/2023\/02\/geography-1880.jpg?resize=700%2C400&ssl=1 2x"},"classes":[]},{"id":950,"url":"https:\/\/alpoma.net\/carto\/?p=950","url_meta":{"origin":41,"position":4},"title":"Atlas de Espa\u00f1a de Tom\u00e1s L\u00f3pez","author":"alpoma","date":"octubre 18, 2009","format":false,"excerpt":"Es una pena que esta versi\u00f3n online del Atlas Port\u00e1til y geogr\u00e1fico de la pen\u00ednsula de las Espa\u00f1as e Islas adyacentes dispuesto por don T\u00f3mas L\u00f3pez, no cuente con una vista en zoom del 100% todo lo \u00f3ptima que pudiera ser, pero aun as\u00ed es una joya que merece ser\u2026","rel":"","context":"En \u00abMiscel\u00e1nea\u00bb","block_context":{"text":"Miscel\u00e1nea","link":"https:\/\/alpoma.net\/carto\/?cat=1"},"img":{"alt_text":"","src":"","width":0,"height":0},"classes":[]},{"id":363,"url":"https:\/\/alpoma.net\/carto\/?p=363","url_meta":{"origin":41,"position":5},"title":"Atlas de Fantas\u00eda","author":"alpoma","date":"julio 9, 2007","format":false,"excerpt":"Con Fantasy Atlas nos encontramos ante una trabajada obra que recopila una gran colecci\u00f3n de mapas relacionados con mundos de fantas\u00eda. Desde los inspirados en narraciones de Ciencia Ficci\u00f3n a otros del g\u00e9nero de espada y brujer\u00eda, a pesar de estar realizado en flash y redactado en alem\u00e1n, con algunas\u2026","rel":"","context":"En \u00abCartograf\u00eda\u00bb","block_context":{"text":"Cartograf\u00eda","link":"https:\/\/alpoma.net\/carto\/?cat=9"},"img":{"alt_text":"","src":"","width":0,"height":0},"classes":[]}],"jetpack_sharing_enabled":true,"_links":{"self":[{"href":"https:\/\/alpoma.net\/carto\/index.php?rest_route=\/wp\/v2\/posts\/41","targetHints":{"allow":["GET"]}}],"collection":[{"href":"https:\/\/alpoma.net\/carto\/index.php?rest_route=\/wp\/v2\/posts"}],"about":[{"href":"https:\/\/alpoma.net\/carto\/index.php?rest_route=\/wp\/v2\/types\/post"}],"author":[{"embeddable":true,"href":"https:\/\/alpoma.net\/carto\/index.php?rest_route=\/wp\/v2\/users\/1"}],"replies":[{"embeddable":true,"href":"https:\/\/alpoma.net\/carto\/index.php?rest_route=%2Fwp%2Fv2%2Fcomments&post=41"}],"version-history":[{"count":0,"href":"https:\/\/alpoma.net\/carto\/index.php?rest_route=\/wp\/v2\/posts\/41\/revisions"}],"wp:attachment":[{"href":"https:\/\/alpoma.net\/carto\/index.php?rest_route=%2Fwp%2Fv2%2Fmedia&parent=41"}],"wp:term":[{"taxonomy":"category","embeddable":true,"href":"https:\/\/alpoma.net\/carto\/index.php?rest_route=%2Fwp%2Fv2%2Fcategories&post=41"},{"taxonomy":"post_tag","embeddable":true,"href":"https:\/\/alpoma.net\/carto\/index.php?rest_route=%2Fwp%2Fv2%2Ftags&post=41"}],"curies":[{"name":"wp","href":"https:\/\/api.w.org\/{rel}","templated":true}]}}