{"id":4066,"date":"2013-09-24T18:39:08","date_gmt":"2013-09-24T16:39:08","guid":{"rendered":"http:\/\/alpoma.net\/carto\/?p=4066"},"modified":"2013-09-24T18:40:57","modified_gmt":"2013-09-24T16:40:57","slug":"4066","status":"publish","type":"post","link":"https:\/\/alpoma.net\/carto\/?p=4066","title":{"rendered":"El pasado de la Tierra visto por Ron Blakey"},"content":{"rendered":"<p>Si hay alguien que haya sabido plasmar con fuerza, belleza y rigor los <strong><em><a href=\"http:\/\/www2.nau.edu\/rcb7\/\">paisajes tect\u00f3nicos<\/a><\/em> de nuestro planeta<\/strong> en el pasado, \u00e9se ha sido y es, sin duda, <strong><a href=\"http:\/\/cpgeosystems.com\/\">Ron Blakey<\/a><\/strong>, que ya <a href=\"http:\/\/alpoma.net\/carto\/?p=513\">visit\u00f3 <em>La Cartoteca<\/em><\/a> hace a\u00f1os.<\/p>\n<p>Blakey es un ge\u00f3logo jubilado que lleva muchos a\u00f1os dando forma a impresionantes representaciones de la Tierra en diversas \u00e9pocas del pasado remoto. La <strong>tect\u00f3nica de placas<\/strong> se convierte en algo vivo con sus mapas y libros ilustrados. Recientemente BLDGBLOG ha publicado una extensa entrevista con este genio de la cartograf\u00eda de nuestros d\u00edas. Esa entrevista, que recomiendo leer sin ninguna duda, me sirve para volver a mencionar la obra de Blakey.<\/p>\n<blockquote><p><em>V\u00e9ase: <a href=\"http:\/\/bldgblog.blogspot.com.es\/2013\/09\/ghosts-of-planets-past-interview-with.html\"><strong>BLDGBLOG &#8211; Ghosts of Planets Past: An Interview with Ron Blakey.<\/strong><\/a><\/em><\/p><\/blockquote>\n<p>En el siguiente <strong>mapa ilustrado<\/strong>, obra de Ron Blakey, puede verse la <strong>evoluci\u00f3n de Europa desde hace unos 150 millones de a\u00f1os hasta la actualidad<\/strong>.<\/p>\n<p><img decoding=\"async\" src=\"http:\/\/www.alpoma.com\/images_tecob\/europa_150_blakey.jpg\" class=\"otros\"\/><\/p>\n","protected":false},"excerpt":{"rendered":"<div class=\"mh-excerpt\"><p>Si hay alguien que haya sabido plasmar con fuerza, belleza y rigor los paisajes tect\u00f3nicos de nuestro planeta en el pasado, \u00e9se ha sido y <a class=\"mh-excerpt-more\" href=\"https:\/\/alpoma.net\/carto\/?p=4066\" title=\"El pasado de la Tierra visto por Ron Blakey\">[&#8230;]<\/a><\/p>\n<\/div>","protected":false},"author":1,"featured_media":4422,"comment_status":"open","ping_status":"open","sticky":false,"template":"","format":"standard","meta":{"jetpack_post_was_ever_published":false,"_jetpack_newsletter_access":"","_jetpack_dont_email_post_to_subs":false,"_jetpack_newsletter_tier_id":0,"_jetpack_memberships_contains_paywalled_content":false,"_jetpack_memberships_contains_paid_content":false,"footnotes":""},"categories":[10,7],"tags":[],"class_list":["post-4066","post","type-post","status-publish","format-standard","has-post-thumbnail","hentry","category-experimentos","category-geografia"],"jetpack_featured_media_url":"https:\/\/alpoma.net\/carto\/wp-content\/uploads\/2013\/09\/europa_150_blakey.jpg","jetpack_shortlink":"https:\/\/wp.me\/s93Co9-4066","jetpack-related-posts":[{"id":513,"url":"https:\/\/alpoma.net\/carto\/?p=513","url_meta":{"origin":4066,"position":0},"title":"Representaciones del ciclo supercontinental","author":"alpoma","date":"marzo 31, 2008","format":false,"excerpt":"Gracias a las nuevas propuestas que hacen uso de gr\u00e1ficos avanzados, podemos contemplar c\u00f3mo la tect\u00f3nica de placas terrestre ha modelado los continentes a lo largo del tiempo. De entre todas las muestras de representaci\u00f3n paleogeogr\u00e1fica, sin duda una de las mejores corresponde a la realizada por Ron Blakey, de\u2026","rel":"","context":"En \u00abGeograf\u00eda\u00bb","block_context":{"text":"Geograf\u00eda","link":"https:\/\/alpoma.net\/carto\/?cat=7"},"img":{"alt_text":"","src":"https:\/\/i0.wp.com\/alpoma.net\/carto\/wp-content\/uploads\/2008\/03\/2375522738_e6fc409597_o.jpg?resize=350%2C200&ssl=1","width":350,"height":200,"srcset":"https:\/\/i0.wp.com\/alpoma.net\/carto\/wp-content\/uploads\/2008\/03\/2375522738_e6fc409597_o.jpg?resize=350%2C200&ssl=1 1x, https:\/\/i0.wp.com\/alpoma.net\/carto\/wp-content\/uploads\/2008\/03\/2375522738_e6fc409597_o.jpg?resize=525%2C300&ssl=1 1.5x"},"classes":[]},{"id":207,"url":"https:\/\/alpoma.net\/carto\/?p=207","url_meta":{"origin":4066,"position":1},"title":"Proyecto Google Sahara","author":"alpoma","date":"junio 18, 2006","format":false,"excerpt":"Interesante recurso que geology.com dedica, utilizando Google Maps, a mostrar algunos de los lugares y puntos de atracci\u00f3n que existen en el mayor desierto no polar de la Tierra, el S\u00e1hara. A pesar de la imagen t\u00f3pica que se suele tener de ese desierto, percepci\u00f3n que no suele ir mucho\u2026","rel":"","context":"En \u00abEn l\u00ednea\u00bb","block_context":{"text":"En l\u00ednea","link":"https:\/\/alpoma.net\/carto\/?cat=5"},"img":{"alt_text":"","src":"","width":0,"height":0},"classes":[]},{"id":225,"url":"https:\/\/alpoma.net\/carto\/?p=225","url_meta":{"origin":4066,"position":2},"title":"Incendios en \u00c1frica","author":"alpoma","date":"julio 11, 2006","format":false,"excerpt":"A\u00f1o a a\u00f1o, muchas poblaciones africanas originan cientos de incendios para lograr nuevas tierras cutivables quemando \u00e1reas vegetales naturales o como actividad propia de sus labores agr\u00edcolas. La serie fotogr\u00e1fica que ilustra este post, muestra la presencia estacional de esos incendios en \u00c1frica a lo largo de todo el a\u00f1o\u2026","rel":"","context":"En \u00abRiesgos Naturales\u00bb","block_context":{"text":"Riesgos Naturales","link":"https:\/\/alpoma.net\/carto\/?cat=6"},"img":{"alt_text":"","src":"https:\/\/i0.wp.com\/alpoma.net\/carto\/wp-content\/uploads\/2006\/07\/187442940_13be9015ec_o.jpg?resize=350%2C200&ssl=1","width":350,"height":200,"srcset":"https:\/\/i0.wp.com\/alpoma.net\/carto\/wp-content\/uploads\/2006\/07\/187442940_13be9015ec_o.jpg?resize=350%2C200&ssl=1 1x, https:\/\/i0.wp.com\/alpoma.net\/carto\/wp-content\/uploads\/2006\/07\/187442940_13be9015ec_o.jpg?resize=525%2C300&ssl=1 1.5x"},"classes":[]},{"id":1518,"url":"https:\/\/alpoma.net\/carto\/?p=1518","url_meta":{"origin":4066,"position":3},"title":"L\u00edneas de metro imaginarias","author":"alpoma","date":"abril 11, 2010","format":false,"excerpt":"Experimento de geograf\u00eda ficci\u00f3n, o pura pasi\u00f3n por el dise\u00f1o, v\u00e9ase como se quiera. El caso es que esta colecci\u00f3n de mapas sobre redes de ferrocarril subterr\u00e1neo que nunca han existido es de lo m\u00e1s delicioso. ;-) Transit Authority Figures | V\u00eda BLDGBLOG |","rel":"","context":"En \u00abExperimentos\u00bb","block_context":{"text":"Experimentos","link":"https:\/\/alpoma.net\/carto\/?cat=10"},"img":{"alt_text":"","src":"https:\/\/i0.wp.com\/alpoma.net\/carto\/wp-content\/uploads\/2010\/04\/4510311363_969547ecba_o.jpg?resize=350%2C200&ssl=1","width":350,"height":200,"srcset":"https:\/\/i0.wp.com\/alpoma.net\/carto\/wp-content\/uploads\/2010\/04\/4510311363_969547ecba_o.jpg?resize=350%2C200&ssl=1 1x, https:\/\/i0.wp.com\/alpoma.net\/carto\/wp-content\/uploads\/2010\/04\/4510311363_969547ecba_o.jpg?resize=525%2C300&ssl=1 1.5x"},"classes":[]},{"id":386,"url":"https:\/\/alpoma.net\/carto\/?p=386","url_meta":{"origin":4066,"position":4},"title":"Informaci\u00f3n s\u00edsmica","author":"alpoma","date":"agosto 16, 2007","format":false,"excerpt":"Ayer por la noche, en las cercan\u00edas de la palentina villa de Aguilar de Campo\u00f3, tembl\u00f3 la tierra. Se trat\u00f3 de un peque\u00f1o terremoto -magnitud 3,3 - con epicentro al suroeste de Pomar de Valdivia, muy cerca de uno de los lugares de inter\u00e9s geol\u00f3gico m\u00e1s interesantes que conozco, Las\u2026","rel":"","context":"En \u00abEn l\u00ednea\u00bb","block_context":{"text":"En l\u00ednea","link":"https:\/\/alpoma.net\/carto\/?cat=5"},"img":{"alt_text":"","src":"https:\/\/i0.wp.com\/alpoma.net\/carto\/wp-content\/uploads\/2007\/08\/1138361802_c2bbb97018.jpg?resize=350%2C200&ssl=1","width":350,"height":200},"classes":[]},{"id":161,"url":"https:\/\/alpoma.net\/carto\/?p=161","url_meta":{"origin":4066,"position":5},"title":"La Tierra a vista de sat\u00e9lite","author":"alpoma","date":"abril 4, 2006","format":false,"excerpt":"He aqu\u00ed un interesante proyecto educativo que, sin duda, ser\u00e1 de la m\u00e1xima utilidad para todo aquel que desee adentrarse en el mundo de la teledetecci\u00f3n espacial y la percepci\u00f3n remota, sin necesidad de exigentes conocimientos previos: --> La Tierra a vista de sat\u00e9lite Quiero dar las gracias a Jordi\u2026","rel":"","context":"En \u00abEn l\u00ednea\u00bb","block_context":{"text":"En l\u00ednea","link":"https:\/\/alpoma.net\/carto\/?cat=5"},"img":{"alt_text":"","src":"","width":0,"height":0},"classes":[]}],"jetpack_sharing_enabled":true,"_links":{"self":[{"href":"https:\/\/alpoma.net\/carto\/index.php?rest_route=\/wp\/v2\/posts\/4066","targetHints":{"allow":["GET"]}}],"collection":[{"href":"https:\/\/alpoma.net\/carto\/index.php?rest_route=\/wp\/v2\/posts"}],"about":[{"href":"https:\/\/alpoma.net\/carto\/index.php?rest_route=\/wp\/v2\/types\/post"}],"author":[{"embeddable":true,"href":"https:\/\/alpoma.net\/carto\/index.php?rest_route=\/wp\/v2\/users\/1"}],"replies":[{"embeddable":true,"href":"https:\/\/alpoma.net\/carto\/index.php?rest_route=%2Fwp%2Fv2%2Fcomments&post=4066"}],"version-history":[{"count":0,"href":"https:\/\/alpoma.net\/carto\/index.php?rest_route=\/wp\/v2\/posts\/4066\/revisions"}],"wp:featuredmedia":[{"embeddable":true,"href":"https:\/\/alpoma.net\/carto\/index.php?rest_route=\/wp\/v2\/media\/4422"}],"wp:attachment":[{"href":"https:\/\/alpoma.net\/carto\/index.php?rest_route=%2Fwp%2Fv2%2Fmedia&parent=4066"}],"wp:term":[{"taxonomy":"category","embeddable":true,"href":"https:\/\/alpoma.net\/carto\/index.php?rest_route=%2Fwp%2Fv2%2Fcategories&post=4066"},{"taxonomy":"post_tag","embeddable":true,"href":"https:\/\/alpoma.net\/carto\/index.php?rest_route=%2Fwp%2Fv2%2Ftags&post=4066"}],"curies":[{"name":"wp","href":"https:\/\/api.w.org\/{rel}","templated":true}]}}