{"id":4029,"date":"2013-08-19T20:15:31","date_gmt":"2013-08-19T18:15:31","guid":{"rendered":"http:\/\/alpoma.net\/carto\/?p=4029"},"modified":"2013-08-19T20:15:31","modified_gmt":"2013-08-19T18:15:31","slug":"la-respiracion-de-la-tierra","status":"publish","type":"post","link":"https:\/\/alpoma.net\/carto\/?p=4029","title":{"rendered":"La respiraci\u00f3n de la Tierra"},"content":{"rendered":"<p>Lo de respirar es un decir, naturalmente. Sirva eso como advertencia, sobre todo porque nunca me hicieron gracia ese tipo de interpretaciones de la teor\u00eda de <em>Gaia<\/em>, de Lovelock, que se empe\u00f1aban en comparar, e incluso igualar, a nuestro planeta con un ser vivo incluso en lo fisiol\u00f3gico. De todas formas, las <strong>variaciones de la vegetaci\u00f3n<\/strong>, por ejemplo, cuando se colocan en un mapa animado anual a lo largo de las estaciones, s\u00ed dan la sensaci\u00f3n de un planeta \u00abrespirando\u00bb. Este tipo de visualizaciones son muy \u00fatiles para comprender que vivimos en un entorno de cambios c\u00edclicos. La siguiente imagen corresponde a una <strong>animaci\u00f3n de diversas im\u00e1genes de sat\u00e9lite a lo largo de un a\u00f1o<\/strong>, con vista boreal, esto es, flotando sobre el polo Norte. <strong>M\u00e1s informaci\u00f3n y mapas en<\/strong>: <a href=\"http:\/\/uxblog.idvsolutions.com\/2013\/07\/a-breathing-earth.html\">UXBlog Breathing Earth<\/a>.<br \/>\n<a href=\"http:\/\/www.alpoma.com\/images_tecob\/respira_tierra.gif\"><br \/>\n<img decoding=\"async\" src=\"http:\/\/www.alpoma.com\/images_tecob\/respira_tierra.gif\" class=\"otros\" width=\"620px\"\/><\/a><\/p>\n<p>| V\u00eda <a href=\"http:\/\/www.core77.com\/blog\/photography\/these_satellite_images_of_earth_breathing_are_freaking_me_out_25393.asp\">Core77<\/a> |<\/p>\n","protected":false},"excerpt":{"rendered":"<div class=\"mh-excerpt\"><p>Lo de respirar es un decir, naturalmente. Sirva eso como advertencia, sobre todo porque nunca me hicieron gracia ese tipo de interpretaciones de la teor\u00eda <a class=\"mh-excerpt-more\" href=\"https:\/\/alpoma.net\/carto\/?p=4029\" title=\"La respiraci\u00f3n de la Tierra\">[&#8230;]<\/a><\/p>\n<\/div>","protected":false},"author":1,"featured_media":4479,"comment_status":"open","ping_status":"open","sticky":false,"template":"","format":"standard","meta":{"jetpack_post_was_ever_published":false,"_jetpack_newsletter_access":"","_jetpack_dont_email_post_to_subs":false,"_jetpack_newsletter_tier_id":0,"_jetpack_memberships_contains_paywalled_content":false,"_jetpack_memberships_contains_paid_content":false,"footnotes":""},"categories":[10],"tags":[],"class_list":["post-4029","post","type-post","status-publish","format-standard","has-post-thumbnail","hentry","category-experimentos"],"jetpack_featured_media_url":"https:\/\/alpoma.net\/carto\/wp-content\/uploads\/2013\/08\/respira_tierra.gif","jetpack_shortlink":"https:\/\/wp.me\/p93Co9-12Z","jetpack-related-posts":[{"id":3503,"url":"https:\/\/alpoma.net\/carto\/?p=3503","url_meta":{"origin":4029,"position":0},"title":"Reservas minerales","author":"alpoma","date":"agosto 30, 2012","format":false,"excerpt":"Minerales de todo tipo se extraen a lo largo y ancho del planeta pero, \u00bfd\u00f3nde se encuentran las principales reservas de los m\u00e1s importantes minerales para la industria y el comercio actuales? El siguiente mapa-infograf\u00eda de NewScientist nos muestra d\u00f3nde se localizan las principales reservas mundiales de diversos minerales estrat\u00e9gicos\u2026","rel":"","context":"En \u00abCartograf\u00eda\u00bb","block_context":{"text":"Cartograf\u00eda","link":"https:\/\/alpoma.net\/carto\/?cat=9"},"img":{"alt_text":"","src":"https:\/\/i0.wp.com\/alpoma.net\/carto\/wp-content\/uploads\/2012\/08\/where-the-minerals-are_50290a5b4d71e_w587.jpg?resize=350%2C200&ssl=1","width":350,"height":200,"srcset":"https:\/\/i0.wp.com\/alpoma.net\/carto\/wp-content\/uploads\/2012\/08\/where-the-minerals-are_50290a5b4d71e_w587.jpg?resize=350%2C200&ssl=1 1x, https:\/\/i0.wp.com\/alpoma.net\/carto\/wp-content\/uploads\/2012\/08\/where-the-minerals-are_50290a5b4d71e_w587.jpg?resize=525%2C300&ssl=1 1.5x"},"classes":[]},{"id":731,"url":"https:\/\/alpoma.net\/carto\/?p=731","url_meta":{"origin":4029,"position":1},"title":"Tr\u00e1fico a\u00e9reo mundial a lo largo de un d\u00eda","author":"alpoma","date":"diciembre 12, 2008","format":false,"excerpt":"Este impresionante v\u00eddeo muestra los flujos de tr\u00e1fico a\u00e9reo en todo el planeta a lo largo de un d\u00eda completo, sobre datos de FlightStats. En total, 72 segundos en los que se puede ver la variaci\u00f3n de intensidad de dicho flujo, seg\u00fan las \u00e1reas iluminadas por el Sol van cambiando\u2026","rel":"","context":"En \u00abGeograf\u00eda\u00bb","block_context":{"text":"Geograf\u00eda","link":"https:\/\/alpoma.net\/carto\/?cat=7"},"img":{"alt_text":"","src":"","width":0,"height":0},"classes":[]},{"id":122,"url":"https:\/\/alpoma.net\/carto\/?p=122","url_meta":{"origin":4029,"position":2},"title":"\u00a1Cuidado! \u00c1rea restringida&#8230;","author":"alpoma","date":"febrero 23, 2006","format":false,"excerpt":"A lo largo y ancho de este planeta que habitamos uno puede encontrarse de todo. Abundan los paisajes maravillosos y las ciudades de morfolog\u00eda variopinta. Pero, \u00bfqu\u00e9 hay de esos lugares secretos donde est\u00e1 \"reservado\" el derecho de acceso? Me refiero a las \u00e1reas militares restringidas, a los emplazamientos \"secretos\"\u2026","rel":"","context":"En \u00abEn l\u00ednea\u00bb","block_context":{"text":"En l\u00ednea","link":"https:\/\/alpoma.net\/carto\/?cat=5"},"img":{"alt_text":"","src":"","width":0,"height":0},"classes":[]},{"id":513,"url":"https:\/\/alpoma.net\/carto\/?p=513","url_meta":{"origin":4029,"position":3},"title":"Representaciones del ciclo supercontinental","author":"alpoma","date":"marzo 31, 2008","format":false,"excerpt":"Gracias a las nuevas propuestas que hacen uso de gr\u00e1ficos avanzados, podemos contemplar c\u00f3mo la tect\u00f3nica de placas terrestre ha modelado los continentes a lo largo del tiempo. De entre todas las muestras de representaci\u00f3n paleogeogr\u00e1fica, sin duda una de las mejores corresponde a la realizada por Ron Blakey, de\u2026","rel":"","context":"En \u00abGeograf\u00eda\u00bb","block_context":{"text":"Geograf\u00eda","link":"https:\/\/alpoma.net\/carto\/?cat=7"},"img":{"alt_text":"","src":"https:\/\/i0.wp.com\/alpoma.net\/carto\/wp-content\/uploads\/2008\/03\/2375522738_e6fc409597_o.jpg?resize=350%2C200&ssl=1","width":350,"height":200,"srcset":"https:\/\/i0.wp.com\/alpoma.net\/carto\/wp-content\/uploads\/2008\/03\/2375522738_e6fc409597_o.jpg?resize=350%2C200&ssl=1 1x, https:\/\/i0.wp.com\/alpoma.net\/carto\/wp-content\/uploads\/2008\/03\/2375522738_e6fc409597_o.jpg?resize=525%2C300&ssl=1 1.5x"},"classes":[]},{"id":842,"url":"https:\/\/alpoma.net\/carto\/?p=842","url_meta":{"origin":4029,"position":4},"title":"OpenFlights, planeando vuelos","author":"alpoma","date":"julio 3, 2009","format":false,"excerpt":"OpenFlights es una herramienta online con la que podemos crear mapas sobre vuelos comerciales a lo largo de todo el planeta. En su base de datos se encuentran la mayor parte de las l\u00edneas a\u00e9reas y, gracias a ello, se pueden realizar b\u00fasquedas, filtrar contenidos y mostrar datos o estad\u00edsticas\u2026","rel":"","context":"En \u00abEn l\u00ednea\u00bb","block_context":{"text":"En l\u00ednea","link":"https:\/\/alpoma.net\/carto\/?cat=5"},"img":{"alt_text":"","src":"https:\/\/i0.wp.com\/alpoma.net\/carto\/wp-content\/uploads\/2009\/07\/3683741633_8f90467489_o.jpg?resize=350%2C200&ssl=1","width":350,"height":200,"srcset":"https:\/\/i0.wp.com\/alpoma.net\/carto\/wp-content\/uploads\/2009\/07\/3683741633_8f90467489_o.jpg?resize=350%2C200&ssl=1 1x, https:\/\/i0.wp.com\/alpoma.net\/carto\/wp-content\/uploads\/2009\/07\/3683741633_8f90467489_o.jpg?resize=525%2C300&ssl=1 1.5x"},"classes":[]},{"id":6981,"url":"https:\/\/alpoma.net\/carto\/?p=6981","url_meta":{"origin":4029,"position":5},"title":"La isla fantasma de Dougherty en el Atlas de Salinas","author":"alpoma","date":"mayo 13, 2018","format":false,"excerpt":"La isla de Dougherty es uno de los muchos ejemplos de errores cartogr\u00e1ficos que tienden a mantenerse en el tiempo incluso a pesar de conocerse que son precisamente eso, un error. Localizada en el sur de Oc\u00e9ano Pac\u00edfico, la isla de Dougherty vendr\u00eda a ocupar un min\u00fasculo espacio entre Nueva\u2026","rel":"","context":"En \u00abMiscel\u00e1nea\u00bb","block_context":{"text":"Miscel\u00e1nea","link":"https:\/\/alpoma.net\/carto\/?cat=1"},"img":{"alt_text":"","src":"https:\/\/i0.wp.com\/alpoma.net\/carto\/wp-content\/uploads\/2018\/05\/isla-localizacion.jpg?resize=350%2C200&ssl=1","width":350,"height":200,"srcset":"https:\/\/i0.wp.com\/alpoma.net\/carto\/wp-content\/uploads\/2018\/05\/isla-localizacion.jpg?resize=350%2C200&ssl=1 1x, https:\/\/i0.wp.com\/alpoma.net\/carto\/wp-content\/uploads\/2018\/05\/isla-localizacion.jpg?resize=525%2C300&ssl=1 1.5x, https:\/\/i0.wp.com\/alpoma.net\/carto\/wp-content\/uploads\/2018\/05\/isla-localizacion.jpg?resize=700%2C400&ssl=1 2x, https:\/\/i0.wp.com\/alpoma.net\/carto\/wp-content\/uploads\/2018\/05\/isla-localizacion.jpg?resize=1050%2C600&ssl=1 3x"},"classes":[]}],"jetpack_sharing_enabled":true,"_links":{"self":[{"href":"https:\/\/alpoma.net\/carto\/index.php?rest_route=\/wp\/v2\/posts\/4029","targetHints":{"allow":["GET"]}}],"collection":[{"href":"https:\/\/alpoma.net\/carto\/index.php?rest_route=\/wp\/v2\/posts"}],"about":[{"href":"https:\/\/alpoma.net\/carto\/index.php?rest_route=\/wp\/v2\/types\/post"}],"author":[{"embeddable":true,"href":"https:\/\/alpoma.net\/carto\/index.php?rest_route=\/wp\/v2\/users\/1"}],"replies":[{"embeddable":true,"href":"https:\/\/alpoma.net\/carto\/index.php?rest_route=%2Fwp%2Fv2%2Fcomments&post=4029"}],"version-history":[{"count":0,"href":"https:\/\/alpoma.net\/carto\/index.php?rest_route=\/wp\/v2\/posts\/4029\/revisions"}],"wp:featuredmedia":[{"embeddable":true,"href":"https:\/\/alpoma.net\/carto\/index.php?rest_route=\/wp\/v2\/media\/4479"}],"wp:attachment":[{"href":"https:\/\/alpoma.net\/carto\/index.php?rest_route=%2Fwp%2Fv2%2Fmedia&parent=4029"}],"wp:term":[{"taxonomy":"category","embeddable":true,"href":"https:\/\/alpoma.net\/carto\/index.php?rest_route=%2Fwp%2Fv2%2Fcategories&post=4029"},{"taxonomy":"post_tag","embeddable":true,"href":"https:\/\/alpoma.net\/carto\/index.php?rest_route=%2Fwp%2Fv2%2Ftags&post=4029"}],"curies":[{"name":"wp","href":"https:\/\/api.w.org\/{rel}","templated":true}]}}