{"id":3963,"date":"2013-06-18T16:52:19","date_gmt":"2013-06-18T14:52:19","guid":{"rendered":"http:\/\/alpoma.net\/carto\/?p=3963"},"modified":"2013-06-18T16:52:19","modified_gmt":"2013-06-18T14:52:19","slug":"plazascience-mapa-colaborativo-de-ciencia-y-tecnologia","status":"publish","type":"post","link":"https:\/\/alpoma.net\/carto\/?p=3963","title":{"rendered":"PlazaScience, mapa colaborativo de ciencia y tecnolog\u00eda"},"content":{"rendered":"<p>Me lleg\u00f3 la noticia a trav\u00e9s de <strong><a href=\"http:\/\/blog-idee.blogspot.com.es\/2013\/06\/plazascience.html\">una anotaci\u00f3n en Blog IDEE<\/a><\/strong> y me ha llamado mucho la atenci\u00f3n. Claro,<strong> le queda mucho camino por andar<\/strong>, pero como idea me gusta bastante. Se trata de <strong><a href=\"http:\/\/www.plazascience.org\">PlazaScience<\/a><\/strong>, una <strong>aplicaci\u00f3n web para crear un mapa colaborativo en el que mostrar los lugares en los que \u00abnace\u00bb la ciencia<\/strong>, ya sean laboratorios, museos de ciencia y similares, instalaciones tecnol\u00f3gicas o de otro tipo. Espero que con el tiempo vaya creciendo y se convierta en una verdadera base de datos visual sobre los \u201clugares donde se hace la ciencia\u201d:<\/p>\n<blockquote><p><em>PlazaScience es el primer mapa mundial de las instituciones cient\u00edficas construido por estudiantes, profesores, investigadores y ciudadanos interesados en las actividades cient\u00edficas. Un lugar donde explorar y descubrir, donde estudiar y trabajar en el mundo de la ciencia.<\/p>\n<p>Se trata de un proyecto participativo, cuyo objetivo es crear a trav\u00e9s de la fotograf\u00eda un mapamundi digital de los espacios del conocimiento en la que los participantes podr\u00e1n conocer a otros usuarios con intereses comunes a los suyos, formando parte de una red alrededor de los lugares donde los investigadores desarrollan su trabajo.<\/p>\n<p>PlazaScience es una proyecto de la Fundaci\u00f3n madri+d y est\u00e1 financiado por la Fundaci\u00f3n Espa\u00f1ola para la Ciencia y la Tecnolog\u00eda-Ministerio de Econom\u00eda y Competitividad.<\/em><\/p><\/blockquote>\n<p><strong>M\u00e1s informaci\u00f3n<\/strong>: <strong><a href=\"http:\/\/www.plazascience.org\">PlazaScience<\/a><\/strong> | <a href=\"http:\/\/www.plazascience.org\/assets\/documents\/folleto-plazascience.pdf\">Documento PDF<\/a>.<\/p>\n<p><img loading=\"lazy\" decoding=\"async\" src=\"http:\/\/alpoma.net\/carto\/wp-content\/uploads\/2013\/06\/plazascience.jpg\" alt=\"plazascience\" width=\"620\" height=\"317\" class=\"otros\"\/><\/p>\n","protected":false},"excerpt":{"rendered":"<div class=\"mh-excerpt\"><p>Me lleg\u00f3 la noticia a trav\u00e9s de una anotaci\u00f3n en Blog IDEE y me ha llamado mucho la atenci\u00f3n. Claro, le queda mucho camino por <a class=\"mh-excerpt-more\" href=\"https:\/\/alpoma.net\/carto\/?p=3963\" title=\"PlazaScience, mapa colaborativo de ciencia y tecnolog\u00eda\">[&#8230;]<\/a><\/p>\n<\/div>","protected":false},"author":1,"featured_media":3965,"comment_status":"open","ping_status":"open","sticky":false,"template":"","format":"standard","meta":{"jetpack_post_was_ever_published":false,"_jetpack_newsletter_access":"","_jetpack_dont_email_post_to_subs":false,"_jetpack_newsletter_tier_id":0,"_jetpack_memberships_contains_paywalled_content":false,"_jetpack_memberships_contains_paid_content":false,"footnotes":""},"categories":[5],"tags":[],"class_list":["post-3963","post","type-post","status-publish","format-standard","has-post-thumbnail","hentry","category-en-linea"],"jetpack_featured_media_url":"https:\/\/alpoma.net\/carto\/wp-content\/uploads\/2013\/06\/plazascience.jpg","jetpack_shortlink":"https:\/\/wp.me\/p93Co9-11V","jetpack-related-posts":[{"id":838,"url":"https:\/\/alpoma.net\/carto\/?p=838","url_meta":{"origin":3963,"position":0},"title":"Mapa sonoro del Pa\u00eds Vasco","author":"alpoma","date":"junio 28, 2009","format":false,"excerpt":"Gracias a un amable comentario en la \u00faltima anotaci\u00f3n que La Cartoteca dedic\u00f3 a mapas sonoros, llegu\u00e9 a este atractivo proyecto que ha llamado mi atenci\u00f3n. Se trata de un audiomapa colaborativo del Pa\u00eds Vasco: ...el proyecto colaborativo SOINU MAPA, Mapa sonoro del Pa\u00eds Vasco, basado en la \u201cfonograf\u00eda\u201d o\u2026","rel":"","context":"En \u00abEn l\u00ednea\u00bb","block_context":{"text":"En l\u00ednea","link":"https:\/\/alpoma.net\/carto\/?cat=5"},"img":{"alt_text":"","src":"https:\/\/i0.wp.com\/alpoma.net\/carto\/wp-content\/uploads\/2009\/06\/3668212264_e7d5be0e47_o.jpg?resize=350%2C200&ssl=1","width":350,"height":200,"srcset":"https:\/\/i0.wp.com\/alpoma.net\/carto\/wp-content\/uploads\/2009\/06\/3668212264_e7d5be0e47_o.jpg?resize=350%2C200&ssl=1 1x, https:\/\/i0.wp.com\/alpoma.net\/carto\/wp-content\/uploads\/2009\/06\/3668212264_e7d5be0e47_o.jpg?resize=525%2C300&ssl=1 1.5x"},"classes":[]},{"id":2271,"url":"https:\/\/alpoma.net\/carto\/?p=2271","url_meta":{"origin":3963,"position":1},"title":"Dos mapas de ciencia ficci\u00f3n","author":"alpoma","date":"enero 25, 2011","format":false,"excerpt":"Dos audaces propuestas vuelven a mostrar que la cartograf\u00eda de mundos imaginarios tiene mucho atractivo. En primer lugar, he aqu\u00ed un caso que ha levantado gran espectaci\u00f3n en los \u00faltimos d\u00edas. Se trata de un mapa gal\u00e1ctico con la posici\u00f3n de todo, absolutamente todo lo que se menciona en las\u2026","rel":"","context":"En \u00abExperimentos\u00bb","block_context":{"text":"Experimentos","link":"https:\/\/alpoma.net\/carto\/?cat=10"},"img":{"alt_text":"","src":"https:\/\/i0.wp.com\/alpoma.net\/carto\/wp-content\/uploads\/2011\/01\/5387441284_6c0dcee4d6_o.jpg?resize=350%2C200&ssl=1","width":350,"height":200,"srcset":"https:\/\/i0.wp.com\/alpoma.net\/carto\/wp-content\/uploads\/2011\/01\/5387441284_6c0dcee4d6_o.jpg?resize=350%2C200&ssl=1 1x, https:\/\/i0.wp.com\/alpoma.net\/carto\/wp-content\/uploads\/2011\/01\/5387441284_6c0dcee4d6_o.jpg?resize=525%2C300&ssl=1 1.5x"},"classes":[]},{"id":1046,"url":"https:\/\/alpoma.net\/carto\/?p=1046","url_meta":{"origin":3963,"position":2},"title":"GEO-blogs del mundo&#8230; \u00a1un\u00edos!","author":"alpoma","date":"noviembre 1, 2009","format":false,"excerpt":"S\u00ed, de acuerdo, he de reconocer que el t\u00edtulo es grandilocuente y, sin embargo, \u00bfhabr\u00e1 mejor forma de llamar la atenci\u00f3n sobre tan loable inicativa? La propuesta surge de la inquieta mente que est\u00e1 detr\u00e1s de El mundo de los mapas, unos de los cartoblogs de referencia en castellano. \u00bfY\u2026","rel":"","context":"En \u00abEn l\u00ednea\u00bb","block_context":{"text":"En l\u00ednea","link":"https:\/\/alpoma.net\/carto\/?cat=5"},"img":{"alt_text":"","src":"https:\/\/i0.wp.com\/alpoma.net\/carto\/wp-content\/uploads\/2009\/11\/4065112447_b11c83ab66_o.jpg?resize=350%2C200&ssl=1","width":350,"height":200,"srcset":"https:\/\/i0.wp.com\/alpoma.net\/carto\/wp-content\/uploads\/2009\/11\/4065112447_b11c83ab66_o.jpg?resize=350%2C200&ssl=1 1x, https:\/\/i0.wp.com\/alpoma.net\/carto\/wp-content\/uploads\/2009\/11\/4065112447_b11c83ab66_o.jpg?resize=525%2C300&ssl=1 1.5x"},"classes":[]},{"id":871,"url":"https:\/\/alpoma.net\/carto\/?p=871","url_meta":{"origin":3963,"position":3},"title":"Pueblos abandonados","author":"alpoma","date":"agosto 14, 2009","format":false,"excerpt":"\u00bfNo sabes d\u00f3nde ir este mes de agosto? \u00bfte gustan las ruinas y los lugares abandonados? Pues nada, aqu\u00ed tienes una gu\u00eda de los m\u00e1s atractivo sobre pueblos abandonados de Espa\u00f1a. Se trata de un blog singular que, adem\u00e1s, cuenta con un mapa donde se localizan diversas localidades abandonadas: El\u2026","rel":"","context":"En \u00abLugares\u00bb","block_context":{"text":"Lugares","link":"https:\/\/alpoma.net\/carto\/?cat=11"},"img":{"alt_text":"","src":"","width":0,"height":0},"classes":[]},{"id":7802,"url":"https:\/\/alpoma.net\/carto\/?p=7802","url_meta":{"origin":3963,"position":4},"title":"Mapa de geolocalizaciones del Portal Digital de Historia Hisp\u00e1nica (Real Academia de Historia)","author":"alpoma","date":"febrero 28, 2023","format":false,"excerpt":"Esta ma\u00f1ana, en el grupo de Telegram \"Detr\u00e1s del mapa\", me llam\u00f3 la atenci\u00f3n una nota sobre un proyecto de geolocalizaci\u00f3n de datos del Portal Digital de Historia Hisp\u00e1nica (Real Academia de Historia). Se trata de un proyecto muy interesante al que puede accederse desde aqu\u00ed: https:\/\/historia-hispanica.rah.es La nota mencionada,\u2026","rel":"","context":"En \u00abEn l\u00ednea\u00bb","block_context":{"text":"En l\u00ednea","link":"https:\/\/alpoma.net\/carto\/?cat=5"},"img":{"alt_text":"","src":"https:\/\/i0.wp.com\/alpoma.net\/carto\/wp-content\/uploads\/2023\/02\/mapa-historia-hispanica.png?resize=350%2C200&ssl=1","width":350,"height":200,"srcset":"https:\/\/i0.wp.com\/alpoma.net\/carto\/wp-content\/uploads\/2023\/02\/mapa-historia-hispanica.png?resize=350%2C200&ssl=1 1x, https:\/\/i0.wp.com\/alpoma.net\/carto\/wp-content\/uploads\/2023\/02\/mapa-historia-hispanica.png?resize=525%2C300&ssl=1 1.5x, https:\/\/i0.wp.com\/alpoma.net\/carto\/wp-content\/uploads\/2023\/02\/mapa-historia-hispanica.png?resize=700%2C400&ssl=1 2x"},"classes":[]},{"id":7013,"url":"https:\/\/alpoma.net\/carto\/?p=7013","url_meta":{"origin":3963,"position":5},"title":"La isla de California","author":"alpoma","date":"mayo 31, 2018","format":false,"excerpt":"En algunas pel\u00edculas de ciencia ficci\u00f3n (mayormente de serie B) aparecen diversas visiones del futuro de California en las que esa porci\u00f3n de los Estados Unidos se muestra separada del continente como si se tratara de una isla, generalmente despu\u00e9s de un gran cataclismo en el que la falla de\u2026","rel":"","context":"En \u00abViejos mapas\u00bb","block_context":{"text":"Viejos mapas","link":"https:\/\/alpoma.net\/carto\/?cat=4"},"img":{"alt_text":"","src":"https:\/\/i0.wp.com\/alpoma.net\/carto\/wp-content\/uploads\/2018\/05\/california.isla-0.png?resize=350%2C200&ssl=1","width":350,"height":200,"srcset":"https:\/\/i0.wp.com\/alpoma.net\/carto\/wp-content\/uploads\/2018\/05\/california.isla-0.png?resize=350%2C200&ssl=1 1x, https:\/\/i0.wp.com\/alpoma.net\/carto\/wp-content\/uploads\/2018\/05\/california.isla-0.png?resize=525%2C300&ssl=1 1.5x, https:\/\/i0.wp.com\/alpoma.net\/carto\/wp-content\/uploads\/2018\/05\/california.isla-0.png?resize=700%2C400&ssl=1 2x"},"classes":[]}],"jetpack_sharing_enabled":true,"_links":{"self":[{"href":"https:\/\/alpoma.net\/carto\/index.php?rest_route=\/wp\/v2\/posts\/3963","targetHints":{"allow":["GET"]}}],"collection":[{"href":"https:\/\/alpoma.net\/carto\/index.php?rest_route=\/wp\/v2\/posts"}],"about":[{"href":"https:\/\/alpoma.net\/carto\/index.php?rest_route=\/wp\/v2\/types\/post"}],"author":[{"embeddable":true,"href":"https:\/\/alpoma.net\/carto\/index.php?rest_route=\/wp\/v2\/users\/1"}],"replies":[{"embeddable":true,"href":"https:\/\/alpoma.net\/carto\/index.php?rest_route=%2Fwp%2Fv2%2Fcomments&post=3963"}],"version-history":[{"count":0,"href":"https:\/\/alpoma.net\/carto\/index.php?rest_route=\/wp\/v2\/posts\/3963\/revisions"}],"wp:featuredmedia":[{"embeddable":true,"href":"https:\/\/alpoma.net\/carto\/index.php?rest_route=\/wp\/v2\/media\/3965"}],"wp:attachment":[{"href":"https:\/\/alpoma.net\/carto\/index.php?rest_route=%2Fwp%2Fv2%2Fmedia&parent=3963"}],"wp:term":[{"taxonomy":"category","embeddable":true,"href":"https:\/\/alpoma.net\/carto\/index.php?rest_route=%2Fwp%2Fv2%2Fcategories&post=3963"},{"taxonomy":"post_tag","embeddable":true,"href":"https:\/\/alpoma.net\/carto\/index.php?rest_route=%2Fwp%2Fv2%2Ftags&post=3963"}],"curies":[{"name":"wp","href":"https:\/\/api.w.org\/{rel}","templated":true}]}}