{"id":3654,"date":"2012-10-31T19:42:54","date_gmt":"2012-10-31T17:42:54","guid":{"rendered":"http:\/\/alpoma.net\/carto\/?p=3654"},"modified":"2012-10-31T19:42:54","modified_gmt":"2012-10-31T17:42:54","slug":"disponible-para-descarga-el-libro-del-blog-idee","status":"publish","type":"post","link":"https:\/\/alpoma.net\/carto\/?p=3654","title":{"rendered":"Disponible para descarga el libro del Blog IDEE"},"content":{"rendered":"<p><a href=\"http:\/\/alpoma.net\/carto\/wp-content\/uploads\/2012\/10\/libro_blog_idee.png\"><img loading=\"lazy\" decoding=\"async\" src=\"http:\/\/alpoma.net\/carto\/wp-content\/uploads\/2012\/10\/libro_blog_idee-237x300.png\" alt=\"Libro Blog IDEE\" title=\"Libro Blog IDEE\" width=\"237\" height=\"300\" class=\"dch\" \/><\/a>El <strong><a href=\"http:\/\/blog-idee.blogspot.com.es\/\" title=\"IDEE\">blog de la comunidad de la Infraestructura de Datos Espaciales de Espa\u00f1a<\/a><\/strong> (IDEE) es uno de los principales referentes de los medios <em>online<\/em> relacionados con las geotecnolog\u00edas en espa\u00f1ol.<\/p>\n<p>Por eso, me ha alegrado mucho que hayan creado una selecci\u00f3n con lo mejor del contenido que han venido publicando desde el a\u00f1o 2008. Se trata de un libro en formato digital, de<strong> libre descarga<\/strong>, que ser\u00e1 de gran utilidad para cualquier interesado en el complejo tema de las IDEs.<\/p>\n<p>Puede descargarse desde la <strong><a href=\"http:\/\/www.01.ign.es\/ign\/layoutIn\/libDigitalesPublicaciones.do\" title=\"Libros digitales del IGN\">secci\u00f3n de libros digitales del IGN<\/a><\/strong> o de forma directa comprimido en un <strong><a href=\"http:\/\/www.01.ign.es\/ign\/resources\/acercaDe\/libDigPub\/Blog%20IDEE-1000%20posts.zip\" title=\"Archivo para descarga\">archivo con formato de compresi\u00f3n Zip<\/a><\/strong>.<\/p>\n","protected":false},"excerpt":{"rendered":"<div class=\"mh-excerpt\"><p>El blog de la comunidad de la Infraestructura de Datos Espaciales de Espa\u00f1a (IDEE) es uno de los principales referentes de los medios online relacionados <a class=\"mh-excerpt-more\" href=\"https:\/\/alpoma.net\/carto\/?p=3654\" title=\"Disponible para descarga el libro del Blog IDEE\">[&#8230;]<\/a><\/p>\n<\/div>","protected":false},"author":1,"featured_media":5047,"comment_status":"open","ping_status":"open","sticky":false,"template":"","format":"standard","meta":{"jetpack_post_was_ever_published":false,"_jetpack_newsletter_access":"","_jetpack_dont_email_post_to_subs":false,"_jetpack_newsletter_tier_id":0,"_jetpack_memberships_contains_paywalled_content":false,"_jetpack_memberships_contains_paid_content":false,"footnotes":""},"categories":[5,2],"tags":[65,67,66,68],"class_list":["post-3654","post","type-post","status-publish","format-standard","has-post-thumbnail","hentry","category-en-linea","category-sig","tag-ide","tag-idee","tag-ides","tag-libro-digital"],"jetpack_featured_media_url":"https:\/\/alpoma.net\/carto\/wp-content\/uploads\/2012\/10\/libro_blog_idee-237x3001.png","jetpack_shortlink":"https:\/\/wp.me\/p93Co9-WW","jetpack-related-posts":[{"id":3126,"url":"https:\/\/alpoma.net\/carto\/?p=3126","url_meta":{"origin":3654,"position":0},"title":"[Libro gratuito] Pasado, presente y futuro de las IDEs","author":"alpoma","date":"febrero 3, 2012","format":false,"excerpt":"Lo acabo de descargar y, por lo poco que he visto hasta ahora, es realmente interesante. Se trata de un libro de Javier Valencia sobre Infraestructuras de Datos Espaciales que, en su versi\u00f3n digital, se puede descargar gratuitamente desde Bubok: Pasado, presente y futuro de las Infraestructuras de Datos Espaciales.\u2026","rel":"","context":"En \u00abSIG\u00bb","block_context":{"text":"SIG","link":"https:\/\/alpoma.net\/carto\/?cat=2"},"img":{"alt_text":"portada","src":"https:\/\/i0.wp.com\/farm8.staticflickr.com\/7016\/6813653063_249b6382e2_m.jpg?resize=350%2C200","width":350,"height":200},"classes":[]},{"id":3945,"url":"https:\/\/alpoma.net\/carto\/?p=3945","url_meta":{"origin":3654,"position":1},"title":"[Descarga] Gu\u00eda para el aprendizaje de gvSIG","author":"alpoma","date":"junio 10, 2013","format":false,"excerpt":"Con el despiste de estos d\u00edas, mientras terminaba Maptorian, se me pas\u00f3 mencionar este recurso que, a mi entender, es muy \u00fatil, tanto para usuarios actuales de gvSIG como para quienes deseen acercarse a tan magn\u00edfico programa. Aqu\u00ed va... Dentro del repositorio digital de la Universidad Polit\u00e9cnica de Cartagena se\u2026","rel":"","context":"En \u00abSIG\u00bb","block_context":{"text":"SIG","link":"https:\/\/alpoma.net\/carto\/?cat=2"},"img":{"alt_text":"","src":"","width":0,"height":0},"classes":[]},{"id":3765,"url":"https:\/\/alpoma.net\/carto\/?p=3765","url_meta":{"origin":3654,"position":2},"title":"[Libro\/Descarga] Los Sistemas de Informaci\u00f3n Geogr\u00e1fica y la Investigaci\u00f3n en Ciencias Humanas y Sociales","author":"alpoma","date":"enero 27, 2013","format":false,"excerpt":"Interesante publicaci\u00f3n, de libre descarga, que me llega a trav\u00e9s de la lista de correo de teledetecci\u00f3n de RedIRIS: La Unidad SIG del Centro de Ciencias Humanas y Sociales (CCHS) del CSIC quiere compartir con vosotros un libro (...). Su t\u00edtulo resume claramente su contenido \"Los Sistemas de Informaci\u00f3n Geogr\u00e1fica\u2026","rel":"","context":"En \u00abSIG\u00bb","block_context":{"text":"SIG","link":"https:\/\/alpoma.net\/carto\/?cat=2"},"img":{"alt_text":"","src":"https:\/\/i0.wp.com\/alpoma.net\/carto\/wp-content\/uploads\/2013\/01\/portada_sig-208x3001.png?resize=350%2C200&ssl=1","width":350,"height":200},"classes":[]},{"id":7895,"url":"https:\/\/alpoma.net\/carto\/?p=7895","url_meta":{"origin":3654,"position":3},"title":"Nuevo libro del IGN en descarga: \u00abEvoluci\u00f3n de la imagen cartogr\u00e1fica de Espa\u00f1a. Cat\u00e1logo de mapas\u00bb","author":"alpoma","date":"mayo 20, 2025","format":false,"excerpt":"Gracias a un soplo de @UribeX, he llegado a este nuevo libro publicado por el IGN, que est\u00e1 disponible en descarga directa o bien se puede comprar en papel. Se trata de \"Evoluci\u00f3n de la imagen cartogr\u00e1fica de Espa\u00f1a. Cat\u00e1logo de mapas\" que, no es s\u00f3lo un \"cat\u00e1logo\", sino mucho\u2026","rel":"","context":"En \u00abViejos mapas\u00bb","block_context":{"text":"Viejos mapas","link":"https:\/\/alpoma.net\/carto\/?cat=4"},"img":{"alt_text":"","src":"https:\/\/i0.wp.com\/alpoma.net\/carto\/wp-content\/uploads\/2025\/05\/libmaps.png?resize=350%2C200&ssl=1","width":350,"height":200,"srcset":"https:\/\/i0.wp.com\/alpoma.net\/carto\/wp-content\/uploads\/2025\/05\/libmaps.png?resize=350%2C200&ssl=1 1x, https:\/\/i0.wp.com\/alpoma.net\/carto\/wp-content\/uploads\/2025\/05\/libmaps.png?resize=525%2C300&ssl=1 1.5x, https:\/\/i0.wp.com\/alpoma.net\/carto\/wp-content\/uploads\/2025\/05\/libmaps.png?resize=700%2C400&ssl=1 2x, https:\/\/i0.wp.com\/alpoma.net\/carto\/wp-content\/uploads\/2025\/05\/libmaps.png?resize=1050%2C600&ssl=1 3x"},"classes":[]},{"id":3420,"url":"https:\/\/alpoma.net\/carto\/?p=3420","url_meta":{"origin":3654,"position":4},"title":"[Libro\/descarga] Sat\u00e9lites de Teledetecci\u00f3n para la Gesti\u00f3n del Territorio.","author":"alpoma","date":"junio 30, 2012","format":false,"excerpt":"Toda una delicia... ;-) Ya se encuentra disponible el libro Sat\u00e9lites de Teledetecci\u00f3n para la Gesti\u00f3n del Territorio. Este documento, que fue planteado como uno de los objetivos iniciales del proyecto SATELMAC, permite acceder a informaci\u00f3n relacionada con los sat\u00e9lites operativos m\u00e1s importante que en hay en la actualidad y\u2026","rel":"","context":"En \u00abTeledetecci\u00f3n\u00bb","block_context":{"text":"Teledetecci\u00f3n","link":"https:\/\/alpoma.net\/carto\/?cat=3"},"img":{"alt_text":"satelites_de_teledeteccion_para_la_gestion_del_territorio","src":"https:\/\/i0.wp.com\/farm9.staticflickr.com\/8015\/7471780246_a9836197dd_m.jpg?resize=350%2C200","width":350,"height":200},"classes":[]},{"id":3204,"url":"https:\/\/alpoma.net\/carto\/?p=3204","url_meta":{"origin":3654,"position":5},"title":"Un eBook gratuito para celebrar el quinto centenario del nacimiento de Gerardus Mercator","author":"alpoma","date":"marzo 5, 2012","format":false,"excerpt":"Gerardus Mercator, que no necesita presentaci\u00f3n, naci\u00f3 el 5 de marzo de 1512. Echando cuentas no sale que eso sucedi\u00f3 hace medio milenio, si olvidamos algunos l\u00edos con las conversiones entre calendarios y dem\u00e1s problemillas cronol\u00f3gicos. Cinco siglos en los que la cartograf\u00eda se ha convertido en algo imprescindible para\u2026","rel":"","context":"En \u00abCartograf\u00eda\u00bb","block_context":{"text":"Cartograf\u00eda","link":"https:\/\/alpoma.net\/carto\/?cat=9"},"img":{"alt_text":"Hobo-Dyer","src":"https:\/\/i0.wp.com\/farm8.staticflickr.com\/7184\/6956559351_d173f69961_o.jpg?resize=350%2C200","width":350,"height":200,"srcset":"https:\/\/i0.wp.com\/farm8.staticflickr.com\/7184\/6956559351_d173f69961_o.jpg?resize=350%2C200 1x, https:\/\/i0.wp.com\/farm8.staticflickr.com\/7184\/6956559351_d173f69961_o.jpg?resize=525%2C300 1.5x"},"classes":[]}],"jetpack_sharing_enabled":true,"_links":{"self":[{"href":"https:\/\/alpoma.net\/carto\/index.php?rest_route=\/wp\/v2\/posts\/3654","targetHints":{"allow":["GET"]}}],"collection":[{"href":"https:\/\/alpoma.net\/carto\/index.php?rest_route=\/wp\/v2\/posts"}],"about":[{"href":"https:\/\/alpoma.net\/carto\/index.php?rest_route=\/wp\/v2\/types\/post"}],"author":[{"embeddable":true,"href":"https:\/\/alpoma.net\/carto\/index.php?rest_route=\/wp\/v2\/users\/1"}],"replies":[{"embeddable":true,"href":"https:\/\/alpoma.net\/carto\/index.php?rest_route=%2Fwp%2Fv2%2Fcomments&post=3654"}],"version-history":[{"count":0,"href":"https:\/\/alpoma.net\/carto\/index.php?rest_route=\/wp\/v2\/posts\/3654\/revisions"}],"wp:featuredmedia":[{"embeddable":true,"href":"https:\/\/alpoma.net\/carto\/index.php?rest_route=\/wp\/v2\/media\/5047"}],"wp:attachment":[{"href":"https:\/\/alpoma.net\/carto\/index.php?rest_route=%2Fwp%2Fv2%2Fmedia&parent=3654"}],"wp:term":[{"taxonomy":"category","embeddable":true,"href":"https:\/\/alpoma.net\/carto\/index.php?rest_route=%2Fwp%2Fv2%2Fcategories&post=3654"},{"taxonomy":"post_tag","embeddable":true,"href":"https:\/\/alpoma.net\/carto\/index.php?rest_route=%2Fwp%2Fv2%2Ftags&post=3654"}],"curies":[{"name":"wp","href":"https:\/\/api.w.org\/{rel}","templated":true}]}}