{"id":3546,"date":"2012-09-05T22:42:50","date_gmt":"2012-09-05T20:42:50","guid":{"rendered":"http:\/\/alpoma.net\/carto\/?p=3546"},"modified":"2012-09-05T22:42:50","modified_gmt":"2012-09-05T20:42:50","slug":"novedades-en-el-proyecto-huellasolar","status":"publish","type":"post","link":"https:\/\/alpoma.net\/carto\/?p=3546","title":{"rendered":"Novedades en el proyecto Huellasolar"},"content":{"rendered":"<p>El <strong><a href=\"http:\/\/www.huellasolar.com\/\">proyecto Huellasolar<\/a><\/strong> ha visitado <em>La Cartoteca<\/em> ya en <strong><a href=\"http:\/\/alpoma.net\/carto\/?s=huellasolar&#038;x=0&#038;y=0\">dos ocasiones<\/a><\/strong>. Hoy lo vuelve a hacer porque acaba de implementar interesantes novedades:<\/p>\n<blockquote><p>Ahora cualquier usuario puede conocer:<\/p>\n<ul>\n<li>Cu\u00e1nto ahorrar\u00eda en la factura de la luz una instalaci\u00f3n fotovoltaica sobre su cubierta<\/li>\n<li>Cu\u00e1ntas emisiones de Co2 se evitar\u00edan<\/li>\n<li>A cu\u00e1ntos \u00e1rboles plantados equivaldr\u00eda el ahorro de emisiones<\/li>\n<\/ul>\n<p>Simplemente dibujando el \u00e1rea de su cubierta que ocupar\u00eda la instalaci\u00f3n. Todos estos datos se ofrecen en abierto con licencia <em>Creative Commons<\/em> en la versi\u00f3n lite de nuestro visor y sobre las ciudades disponibles hasta el momento. La versi\u00f3n profesional ha incorporado adem\u00e1s interesantes novedades para el an\u00e1lisis masivo del potencial solar urbano. Las ciudades disponibles de momento son Almer\u00eda, Barcelona, Granada, Madrid, M\u00e1laga, Murcia, Sevilla y Valencia. Y continuamente vamos a\u00f1adiendo nuevas, ahora est\u00e1 en desarrollo Zaragoza.<\/p><\/blockquote>\n<p><a href=\"http:\/\/www.flickr.com\/photos\/alpoma\/7939259524\/\" title=\"Huellasolar, on Flickr\"><img decoding=\"async\" src=\"http:\/\/farm9.staticflickr.com\/8444\/7939259524_c88c9ae54b_o.png\" width=\"620\" alt=\"Huellasolar\" class=\"otros\"\/><\/a><\/p>\n","protected":false},"excerpt":{"rendered":"<div class=\"mh-excerpt\"><p>El proyecto Huellasolar ha visitado La Cartoteca ya en dos ocasiones. Hoy lo vuelve a hacer porque acaba de implementar interesantes novedades: Ahora cualquier usuario <a class=\"mh-excerpt-more\" href=\"https:\/\/alpoma.net\/carto\/?p=3546\" title=\"Novedades en el proyecto Huellasolar\">[&#8230;]<\/a><\/p>\n<\/div>","protected":false},"author":1,"featured_media":5071,"comment_status":"open","ping_status":"open","sticky":false,"template":"","format":"standard","meta":{"jetpack_post_was_ever_published":false,"_jetpack_newsletter_access":"","_jetpack_dont_email_post_to_subs":false,"_jetpack_newsletter_tier_id":0,"_jetpack_memberships_contains_paywalled_content":false,"_jetpack_memberships_contains_paid_content":false,"footnotes":""},"categories":[5],"tags":[],"class_list":["post-3546","post","type-post","status-publish","format-standard","has-post-thumbnail","hentry","category-en-linea"],"jetpack_featured_media_url":"https:\/\/alpoma.net\/carto\/wp-content\/uploads\/2012\/09\/7939259524_c88c9ae54b_o.png","jetpack_shortlink":"https:\/\/wp.me\/p93Co9-Vc","jetpack-related-posts":[{"id":5240,"url":"https:\/\/alpoma.net\/carto\/?p=5240","url_meta":{"origin":3546,"position":0},"title":"Dos nuevos apuntes sobre Panoraudio","author":"alpoma","date":"marzo 23, 2015","format":false,"excerpt":"En la nota que publiqu\u00e9 recientemente sobre las interesantes novedades que est\u00e1 presentando Panoraudio, olvid\u00e9 mencionar dos peque\u00f1os apuntes que no quiero dejar pasar de nuevo (s\u00e9 que insisto mucho con este proyecto de geolocalizaci\u00f3n de imagen y sonido, pero conociendo a quienes lo llevan a cabo con tanto entusiasmo,\u2026","rel":"","context":"En \u00abEn l\u00ednea\u00bb","block_context":{"text":"En l\u00ednea","link":"https:\/\/alpoma.net\/carto\/?cat=5"},"img":{"alt_text":"","src":"https:\/\/i0.wp.com\/alpoma.net\/carto\/wp-content\/uploads\/2015\/03\/OLiiF8wQ_400x400.png?resize=350%2C200&ssl=1","width":350,"height":200},"classes":[]},{"id":204,"url":"https:\/\/alpoma.net\/carto\/?p=204","url_meta":{"origin":3546,"position":1},"title":"Nuevas mejoras en Panoramio","author":"alpoma","date":"junio 7, 2006","format":false,"excerpt":"Tal y como me ha informado Eduardo Manchon - gracias ;) - Panoramio, el sitio que permite asociar fotograf\u00edas con lugares a trav\u00e9s de GoogleMaps, sigue mejorando. Hay que reconocer que, desde su primera versi\u00f3n, Panoramio ha ido evolucionando e incorporando novedades que convierten a este sistema en uno de\u2026","rel":"","context":"En \u00abEn l\u00ednea\u00bb","block_context":{"text":"En l\u00ednea","link":"https:\/\/alpoma.net\/carto\/?cat=5"},"img":{"alt_text":"","src":"","width":0,"height":0},"classes":[]},{"id":421,"url":"https:\/\/alpoma.net\/carto\/?p=421","url_meta":{"origin":3546,"position":2},"title":"La Tabula Peutingeriana en versiones interactivas","author":"alpoma","date":"noviembre 9, 2018","format":false,"excerpt":"Tocaba ya reformar esta nota que publiqu\u00e9 en 2007 con algunas novedades. En primer lugar, descubr\u00ed ayer en The Map Room que alguien se hab\u00eda animado a crear una versi\u00f3n interactiva de la Tabula Peutingeriana. En concreto, se trata de un proyecto de Jean-Baptiste Piggin. El resultado es una versi\u00f3n\u2026","rel":"","context":"En \u00abViejos mapas\u00bb","block_context":{"text":"Viejos mapas","link":"https:\/\/alpoma.net\/carto\/?cat=4"},"img":{"alt_text":"","src":"https:\/\/i0.wp.com\/alpoma.net\/carto\/wp-content\/uploads\/2007\/10\/1507417292_3c2ec05947_o.jpg?resize=350%2C200&ssl=1","width":350,"height":200,"srcset":"https:\/\/i0.wp.com\/alpoma.net\/carto\/wp-content\/uploads\/2007\/10\/1507417292_3c2ec05947_o.jpg?resize=350%2C200&ssl=1 1x, https:\/\/i0.wp.com\/alpoma.net\/carto\/wp-content\/uploads\/2007\/10\/1507417292_3c2ec05947_o.jpg?resize=525%2C300&ssl=1 1.5x"},"classes":[]},{"id":3856,"url":"https:\/\/alpoma.net\/carto\/?p=3856","url_meta":{"origin":3546,"position":3},"title":"Mapa \u00abQuiero mi Energ\u00eda\u00bb, del proyecto Huellasolar","author":"alpoma","date":"marzo 18, 2013","format":false,"excerpt":"He comentado ya en varias ocasiones lo que es y c\u00f3mo est\u00e1 evolucionando el proyecto Huellasolar. Hoy nos vuelve a visitar porque me acaban de pasar una novedad interesante sobre el mismo: Recientemente en Huellasolar se ha lanzado la iniciativa Quiero mi Energ\u00eda!, un mapa abierto y colaborativo que persigue\u2026","rel":"","context":"En \u00abEn l\u00ednea\u00bb","block_context":{"text":"En l\u00ednea","link":"https:\/\/alpoma.net\/carto\/?cat=5"},"img":{"alt_text":"huellasolar","src":"https:\/\/i0.wp.com\/alpoma.net\/carto\/wp-content\/uploads\/2013\/03\/huellasolar-150x150.png?resize=350%2C200","width":350,"height":200},"classes":[]},{"id":698,"url":"https:\/\/alpoma.net\/carto\/?p=698","url_meta":{"origin":3546,"position":4},"title":"UUorld se renueva con su versi\u00f3n 1.0","author":"alpoma","date":"noviembre 5, 2008","format":false,"excerpt":"Hace tiempo ya visit\u00f3 La Cartoteca esta propuesta para el desarrollo de cartograf\u00eda tem\u00e1tica. Si hoy vuelve por aqu\u00ed es porque ha evolucionado, mejorado, ha dado un salto impresionante. Me gusta su nuevo planteamiento y las novedades que ofrece, partiendo de la idea original, para mostrarnos un producto generador de\u2026","rel":"","context":"En \u00abCartograf\u00eda\u00bb","block_context":{"text":"Cartograf\u00eda","link":"https:\/\/alpoma.net\/carto\/?cat=9"},"img":{"alt_text":"","src":"https:\/\/i0.wp.com\/alpoma.net\/carto\/wp-content\/uploads\/2008\/11\/3005244609_05582d4f0a_o.jpg?resize=350%2C200&ssl=1","width":350,"height":200,"srcset":"https:\/\/i0.wp.com\/alpoma.net\/carto\/wp-content\/uploads\/2008\/11\/3005244609_05582d4f0a_o.jpg?resize=350%2C200&ssl=1 1x, https:\/\/i0.wp.com\/alpoma.net\/carto\/wp-content\/uploads\/2008\/11\/3005244609_05582d4f0a_o.jpg?resize=525%2C300&ssl=1 1.5x"},"classes":[]},{"id":1552,"url":"https:\/\/alpoma.net\/carto\/?p=1552","url_meta":{"origin":3546,"position":5},"title":"Eneropa","author":"alpoma","date":"abril 23, 2010","format":false,"excerpt":"Imagina un gran continente en el que la energ\u00eda es gestionada con eficacia. Imagina que en ese lugar las fuentes energ\u00e9ticas son todas ellas sostenibles y verdes, una regi\u00f3n donde las emisiones de di\u00f3xido de carbono han sido reducidas al m\u00ednimo. Piensa igualmente en una tierra en la que \u00fanicamente\u2026","rel":"","context":"En \u00abExperimentos\u00bb","block_context":{"text":"Experimentos","link":"https:\/\/alpoma.net\/carto\/?cat=10"},"img":{"alt_text":"","src":"https:\/\/i0.wp.com\/alpoma.net\/carto\/wp-content\/uploads\/2010\/04\/4546472256_875ae658e3_o.jpg?resize=350%2C200&ssl=1","width":350,"height":200,"srcset":"https:\/\/i0.wp.com\/alpoma.net\/carto\/wp-content\/uploads\/2010\/04\/4546472256_875ae658e3_o.jpg?resize=350%2C200&ssl=1 1x, https:\/\/i0.wp.com\/alpoma.net\/carto\/wp-content\/uploads\/2010\/04\/4546472256_875ae658e3_o.jpg?resize=525%2C300&ssl=1 1.5x"},"classes":[]}],"jetpack_sharing_enabled":true,"_links":{"self":[{"href":"https:\/\/alpoma.net\/carto\/index.php?rest_route=\/wp\/v2\/posts\/3546","targetHints":{"allow":["GET"]}}],"collection":[{"href":"https:\/\/alpoma.net\/carto\/index.php?rest_route=\/wp\/v2\/posts"}],"about":[{"href":"https:\/\/alpoma.net\/carto\/index.php?rest_route=\/wp\/v2\/types\/post"}],"author":[{"embeddable":true,"href":"https:\/\/alpoma.net\/carto\/index.php?rest_route=\/wp\/v2\/users\/1"}],"replies":[{"embeddable":true,"href":"https:\/\/alpoma.net\/carto\/index.php?rest_route=%2Fwp%2Fv2%2Fcomments&post=3546"}],"version-history":[{"count":0,"href":"https:\/\/alpoma.net\/carto\/index.php?rest_route=\/wp\/v2\/posts\/3546\/revisions"}],"wp:featuredmedia":[{"embeddable":true,"href":"https:\/\/alpoma.net\/carto\/index.php?rest_route=\/wp\/v2\/media\/5071"}],"wp:attachment":[{"href":"https:\/\/alpoma.net\/carto\/index.php?rest_route=%2Fwp%2Fv2%2Fmedia&parent=3546"}],"wp:term":[{"taxonomy":"category","embeddable":true,"href":"https:\/\/alpoma.net\/carto\/index.php?rest_route=%2Fwp%2Fv2%2Fcategories&post=3546"},{"taxonomy":"post_tag","embeddable":true,"href":"https:\/\/alpoma.net\/carto\/index.php?rest_route=%2Fwp%2Fv2%2Ftags&post=3546"}],"curies":[{"name":"wp","href":"https:\/\/api.w.org\/{rel}","templated":true}]}}