{"id":35,"date":"2005-11-18T20:29:27","date_gmt":"2005-11-18T18:29:27","guid":{"rendered":"http:\/\/alpoma.net\/carto\/?p=35"},"modified":"2005-11-18T20:29:27","modified_gmt":"2005-11-18T18:29:27","slug":"al-sur-del-caspio-2","status":"publish","type":"post","link":"https:\/\/alpoma.net\/carto\/?p=35","title":{"rendered":"Al sur del Caspio"},"content":{"rendered":"<p>La Agencia Espacial Europea, a trav\u00e9s de su \u00abimagen de la semana\u00bb, nos muestra una interesante toma del Envisat sobre un \u00e1rea al sur del Caspio, de gran inter\u00e9s geoestrat\u00e9gico porque, en esa regi\u00f3n rica en petr\u00f3leo, nace el mayor oleoducto abastecedor de crudo hacia la energ\u00e9ticamente sedienta Europa.<\/p>\n<p>&#8211;> <strong><a href=\"http:\/\/www.esa.int\/esaEO\/SEM5GYTLWFE_index_0.html\">Acceso al art\u00edculo completo en la ESA<\/a><\/strong>.<\/p>\n<p><img decoding=\"async\" src=\"wp-content\/CaspianSea_Iran_L.jpg\" alt=\"Foto de la ESA\" \/><\/p>\n","protected":false},"excerpt":{"rendered":"<div class=\"mh-excerpt\"><p>La Agencia Espacial Europea, a trav\u00e9s de su \u00abimagen de la semana\u00bb, nos muestra una interesante toma del Envisat sobre un \u00e1rea al sur del <a class=\"mh-excerpt-more\" href=\"https:\/\/alpoma.net\/carto\/?p=35\" title=\"Al sur del Caspio\">[&#8230;]<\/a><\/p>\n<\/div>","protected":false},"author":1,"featured_media":0,"comment_status":"open","ping_status":"open","sticky":false,"template":"","format":"standard","meta":{"jetpack_post_was_ever_published":false,"_jetpack_newsletter_access":"","_jetpack_dont_email_post_to_subs":false,"_jetpack_newsletter_tier_id":0,"_jetpack_memberships_contains_paywalled_content":false,"_jetpack_memberships_contains_paid_content":false,"footnotes":""},"categories":[7,3],"tags":[],"class_list":["post-35","post","type-post","status-publish","format-standard","hentry","category-geografia","category-teledeteccion"],"jetpack_featured_media_url":"","jetpack_shortlink":"https:\/\/wp.me\/p93Co9-z","jetpack-related-posts":[{"id":607,"url":"https:\/\/alpoma.net\/carto\/?p=607","url_meta":{"origin":35,"position":0},"title":"Mapa del C\u00e1ucaso","author":"alpoma","date":"agosto 11, 2008","format":false,"excerpt":"Como complemento al listado de recursos que publiqu\u00e9 en el art\u00edculo Guerra en Osetia del Sur, he aqu\u00ed un estupendo mapa del Departamento de Estado de EEUU sobre la regi\u00f3n cauc\u00e1sica, mostrando infraestructuras y recursos: | Ver mapa ampliado | | Mapa perteneciente a la regi\u00f3n cauc\u00e1sica en 1994 -\u2026","rel":"","context":"En \u00abCartograf\u00eda\u00bb","block_context":{"text":"Cartograf\u00eda","link":"https:\/\/alpoma.net\/carto\/?cat=9"},"img":{"alt_text":"","src":"https:\/\/i0.wp.com\/alpoma.net\/carto\/wp-content\/uploads\/2008\/08\/2752996116_9acb15523b_o.png?resize=350%2C200&ssl=1","width":350,"height":200,"srcset":"https:\/\/i0.wp.com\/alpoma.net\/carto\/wp-content\/uploads\/2008\/08\/2752996116_9acb15523b_o.png?resize=350%2C200&ssl=1 1x, https:\/\/i0.wp.com\/alpoma.net\/carto\/wp-content\/uploads\/2008\/08\/2752996116_9acb15523b_o.png?resize=525%2C300&ssl=1 1.5x"},"classes":[]},{"id":6739,"url":"https:\/\/alpoma.net\/carto\/?p=6739","url_meta":{"origin":35,"position":1},"title":"Y el pa\u00eds m\u00e1s olvidado en los mapas es&#8230; Nueva Zelanda","author":"alpoma","date":"noviembre 18, 2017","format":false,"excerpt":"El lunes pasado me llam\u00f3 la atenci\u00f3n un gran mapa mural del mundo que decoraba la parte dedicada a viajes en un centro comercial. No quedaba nada mal, el mapa era bastante bueno, con cierto detalle y buen gusto en las tipograf\u00edas y los colores empleados. Sin embargo, como en\u2026","rel":"","context":"En \u00abCartograf\u00eda\u00bb","block_context":{"text":"Cartograf\u00eda","link":"https:\/\/alpoma.net\/carto\/?cat=9"},"img":{"alt_text":"","src":"https:\/\/i0.wp.com\/alpoma.net\/carto\/wp-content\/uploads\/2017\/11\/nzn.jpg?resize=350%2C200&ssl=1","width":350,"height":200},"classes":[]},{"id":7588,"url":"https:\/\/alpoma.net\/carto\/?p=7588","url_meta":{"origin":35,"position":2},"title":"Imagen de la gigantesca nube de aerosoles creada por los incendios en Australia","author":"alpoma","date":"enero 9, 2020","format":false,"excerpt":"En las \u00faltimas semanas el grave problema de los incendios en Australia ha llegado a todos los medios de comunicaci\u00f3n, as\u00ed que no viene al caso comentar nada que no se haya dicho ya por doquier. Sin embargo, me acaba de llegar por correo electr\u00f3nico una comunicaci\u00f3n de la ESA\u2026","rel":"","context":"En \u00abRiesgos Naturales\u00bb","block_context":{"text":"Riesgos Naturales","link":"https:\/\/alpoma.net\/carto\/?cat=6"},"img":{"alt_text":"","src":"https:\/\/i0.wp.com\/alpoma.net\/carto\/wp-content\/uploads\/2020\/01\/incendios-australia-nube-humo.jpg?resize=350%2C200&ssl=1","width":350,"height":200,"srcset":"https:\/\/i0.wp.com\/alpoma.net\/carto\/wp-content\/uploads\/2020\/01\/incendios-australia-nube-humo.jpg?resize=350%2C200&ssl=1 1x, https:\/\/i0.wp.com\/alpoma.net\/carto\/wp-content\/uploads\/2020\/01\/incendios-australia-nube-humo.jpg?resize=525%2C300&ssl=1 1.5x, https:\/\/i0.wp.com\/alpoma.net\/carto\/wp-content\/uploads\/2020\/01\/incendios-australia-nube-humo.jpg?resize=700%2C400&ssl=1 2x"},"classes":[]},{"id":754,"url":"https:\/\/alpoma.net\/carto\/?p=754","url_meta":{"origin":35,"position":3},"title":"Las Islas Gal\u00e1pagos desde el Envisat","author":"alpoma","date":"febrero 1, 2009","format":false,"excerpt":"Esta imagen de la Agencia Espacial Europea (ESA) nos muestra las ecuatorianas Islas Gal\u00e1pagos, en el Oc\u00e9ano Pac\u00edfico. Se observa aqu\u00ed la mayor isla del archipi\u00e9lago, Isabela, donde se muestran cinco volcanes, de norte a sur: Lobo, Darwin, Alcedo, Sierra Negra y Cerro Azul. La toma pertenece a varios registros\u2026","rel":"","context":"En \u00abGeograf\u00eda\u00bb","block_context":{"text":"Geograf\u00eda","link":"https:\/\/alpoma.net\/carto\/?cat=7"},"img":{"alt_text":"","src":"https:\/\/i0.wp.com\/alpoma.net\/carto\/wp-content\/uploads\/2009\/02\/3244581741_b4468d3696_o.jpg?resize=350%2C200&ssl=1","width":350,"height":200,"srcset":"https:\/\/i0.wp.com\/alpoma.net\/carto\/wp-content\/uploads\/2009\/02\/3244581741_b4468d3696_o.jpg?resize=350%2C200&ssl=1 1x, https:\/\/i0.wp.com\/alpoma.net\/carto\/wp-content\/uploads\/2009\/02\/3244581741_b4468d3696_o.jpg?resize=525%2C300&ssl=1 1.5x"},"classes":[]},{"id":1677,"url":"https:\/\/alpoma.net\/carto\/?p=1677","url_meta":{"origin":35,"position":4},"title":"Arte nuboso sobre las Canarias","author":"alpoma","date":"junio 11, 2010","format":false,"excerpt":"De vez en cuando la naturaleza crea verdaderas obras de arte, tan hermosas como ef\u00edmeras. V\u00e9ase un ejemplo perfecto en la siguiente toma en falso color realizada por el instrumento MERIS (MEdium Resolution Imaging Spectrometer) a bordo del Envisat el d\u00eda 6 de junio de 2010. Las singulares formaciones nubosas\u2026","rel":"","context":"En \u00abTeledetecci\u00f3n\u00bb","block_context":{"text":"Teledetecci\u00f3n","link":"https:\/\/alpoma.net\/carto\/?cat=3"},"img":{"alt_text":"","src":"https:\/\/i0.wp.com\/alpoma.net\/carto\/wp-content\/uploads\/2010\/06\/vortices_canarias.jpg?resize=350%2C200&ssl=1","width":350,"height":200,"srcset":"https:\/\/i0.wp.com\/alpoma.net\/carto\/wp-content\/uploads\/2010\/06\/vortices_canarias.jpg?resize=350%2C200&ssl=1 1x, https:\/\/i0.wp.com\/alpoma.net\/carto\/wp-content\/uploads\/2010\/06\/vortices_canarias.jpg?resize=525%2C300&ssl=1 1.5x"},"classes":[]},{"id":311,"url":"https:\/\/alpoma.net\/carto\/?p=311","url_meta":{"origin":35,"position":5},"title":"Orogenia marciana","author":"alpoma","date":"marzo 17, 2007","format":false,"excerpt":"La Mars Society de Espa\u00f1a acaba de presentar un documento firmado por el ge\u00f3logo Francisco Anguita Virella (UCM) y su equipo de investigadores, en el que se analizan varias estructuras tect\u00f3nicas de la meseta de Thaumasia, el Daedalia Planum y la Aonia Terra, que parecen presentar una evoluci\u00f3n tect\u00f3nica muy\u2026","rel":"","context":"En \u00abGeograf\u00eda\u00bb","block_context":{"text":"Geograf\u00eda","link":"https:\/\/alpoma.net\/carto\/?cat=7"},"img":{"alt_text":"","src":"","width":0,"height":0},"classes":[]}],"jetpack_sharing_enabled":true,"_links":{"self":[{"href":"https:\/\/alpoma.net\/carto\/index.php?rest_route=\/wp\/v2\/posts\/35","targetHints":{"allow":["GET"]}}],"collection":[{"href":"https:\/\/alpoma.net\/carto\/index.php?rest_route=\/wp\/v2\/posts"}],"about":[{"href":"https:\/\/alpoma.net\/carto\/index.php?rest_route=\/wp\/v2\/types\/post"}],"author":[{"embeddable":true,"href":"https:\/\/alpoma.net\/carto\/index.php?rest_route=\/wp\/v2\/users\/1"}],"replies":[{"embeddable":true,"href":"https:\/\/alpoma.net\/carto\/index.php?rest_route=%2Fwp%2Fv2%2Fcomments&post=35"}],"version-history":[{"count":0,"href":"https:\/\/alpoma.net\/carto\/index.php?rest_route=\/wp\/v2\/posts\/35\/revisions"}],"wp:attachment":[{"href":"https:\/\/alpoma.net\/carto\/index.php?rest_route=%2Fwp%2Fv2%2Fmedia&parent=35"}],"wp:term":[{"taxonomy":"category","embeddable":true,"href":"https:\/\/alpoma.net\/carto\/index.php?rest_route=%2Fwp%2Fv2%2Fcategories&post=35"},{"taxonomy":"post_tag","embeddable":true,"href":"https:\/\/alpoma.net\/carto\/index.php?rest_route=%2Fwp%2Fv2%2Ftags&post=35"}],"curies":[{"name":"wp","href":"https:\/\/api.w.org\/{rel}","templated":true}]}}