{"id":3414,"date":"2012-06-27T18:22:29","date_gmt":"2012-06-27T16:22:29","guid":{"rendered":"http:\/\/alpoma.net\/carto\/?p=3414"},"modified":"2012-06-27T18:22:29","modified_gmt":"2012-06-27T16:22:29","slug":"tecnologias-de-la-informacion-geografica-tig-cartografia-fotointerpretacion-teledeteccion-y-sig","status":"publish","type":"post","link":"https:\/\/alpoma.net\/carto\/?p=3414","title":{"rendered":"Tecnolog\u00edas de la Informaci\u00f3n Geogr\u00e1fica (TIG): cartograf\u00eda, fotointerpretaci\u00f3n, teledetecci\u00f3n y SIG"},"content":{"rendered":"<p>No suelo comentar nada sobre libros que todav\u00eda no he podido saborear ni tener entre mis manos, pero en este caso es diferente. Se trata de un compendio de todo tipo de geotecnolog\u00edas realizado por <strong><a href=\"http:\/\/web.usal.es\/~manuel.quiros\/\">Manuel Quir\u00f3s Hern\u00e1ndez<\/a><\/strong>, profesor de la Universidad de Salamanca. Y, si en esta ocasi\u00f3n hago una excepci\u00f3n, es porque la vista previa en Google Books me ha llamado la atenci\u00f3n por lo ambicioso de la obra y por su calidad, motivo por el que, adem\u00e1s de dejar aqu\u00ed esta breve nota de recomendaci\u00f3n, tambi\u00e9n queda anotado en mi lista de pr\u00f3ximas compras: <em><strong><a href=\"http:\/\/www.eusal.es\/978-84-7800-139-2\">Tecnolog\u00edas de la informaci\u00f3n geogr\u00e1fica (TIG). Cartograf\u00eda, Fotointerpretaci\u00f3n, Teledetecci\u00f3n y SIG<\/a><\/strong><\/em>.<\/p>\n<p><iframe frameborder=\"0\" scrolling=\"no\" style=\"border:0px\" src=\"http:\/\/books.google.es\/books?id=UtBoH7F6MT8C&#038;lpg=PA1&#038;hl=es&#038;pg=PA1&#038;output=embed\" width=620 height=500><\/iframe><\/p>\n","protected":false},"excerpt":{"rendered":"<div class=\"mh-excerpt\"><p>No suelo comentar nada sobre libros que todav\u00eda no he podido saborear ni tener entre mis manos, pero en este caso es diferente. Se trata <a class=\"mh-excerpt-more\" href=\"https:\/\/alpoma.net\/carto\/?p=3414\" title=\"Tecnolog\u00edas de la Informaci\u00f3n Geogr\u00e1fica (TIG): cartograf\u00eda, fotointerpretaci\u00f3n, teledetecci\u00f3n y SIG\">[&#8230;]<\/a><\/p>\n<\/div>","protected":false},"author":1,"featured_media":0,"comment_status":"open","ping_status":"open","sticky":false,"template":"","format":"standard","meta":{"jetpack_post_was_ever_published":false,"_jetpack_newsletter_access":"","_jetpack_dont_email_post_to_subs":false,"_jetpack_newsletter_tier_id":0,"_jetpack_memberships_contains_paywalled_content":false,"_jetpack_memberships_contains_paid_content":false,"footnotes":""},"categories":[7,2,3],"tags":[],"class_list":["post-3414","post","type-post","status-publish","format-standard","hentry","category-geografia","category-sig","category-teledeteccion"],"jetpack_featured_media_url":"","jetpack_shortlink":"https:\/\/wp.me\/p93Co9-T4","jetpack-related-posts":[{"id":299,"url":"https:\/\/alpoma.net\/carto\/?p=299","url_meta":{"origin":3414,"position":0},"title":"III Jornada de Cartograf\u00eda de Castilla y Le\u00f3n","author":"alpoma","date":"enero 28, 2007","format":false,"excerpt":"El pr\u00f3ximo 7 de Febrero, en Valladolid, se celebrar\u00e1 la III Jornada de Cartograf\u00eda de Castilla y Le\u00f3n, en el Museo de la Ciencia y con la participaci\u00f3n de Pedro Duque. Espero estar all\u00ed, aunque dada la cr\u00f3nica escasez de tiempo que tengo \u00faltimamente, no s\u00e9 si podr\u00e1 ser posible\u2026","rel":"","context":"En \u00abMiscel\u00e1nea\u00bb","block_context":{"text":"Miscel\u00e1nea","link":"https:\/\/alpoma.net\/carto\/?cat=1"},"img":{"alt_text":"cartel_carto2","src":"https:\/\/i0.wp.com\/farm1.static.flickr.com\/184\/372184698_3e12c21a72_o.png?resize=350%2C200","width":350,"height":200},"classes":[]},{"id":3765,"url":"https:\/\/alpoma.net\/carto\/?p=3765","url_meta":{"origin":3414,"position":1},"title":"[Libro\/Descarga] Los Sistemas de Informaci\u00f3n Geogr\u00e1fica y la Investigaci\u00f3n en Ciencias Humanas y Sociales","author":"alpoma","date":"enero 27, 2013","format":false,"excerpt":"Interesante publicaci\u00f3n, de libre descarga, que me llega a trav\u00e9s de la lista de correo de teledetecci\u00f3n de RedIRIS: La Unidad SIG del Centro de Ciencias Humanas y Sociales (CCHS) del CSIC quiere compartir con vosotros un libro (...). Su t\u00edtulo resume claramente su contenido \"Los Sistemas de Informaci\u00f3n Geogr\u00e1fica\u2026","rel":"","context":"En \u00abSIG\u00bb","block_context":{"text":"SIG","link":"https:\/\/alpoma.net\/carto\/?cat=2"},"img":{"alt_text":"","src":"https:\/\/i0.wp.com\/alpoma.net\/carto\/wp-content\/uploads\/2013\/01\/portada_sig-208x3001.png?resize=350%2C200&ssl=1","width":350,"height":200},"classes":[]},{"id":199,"url":"https:\/\/alpoma.net\/carto\/?p=199","url_meta":{"origin":3414,"position":2},"title":"Geo Informatics","author":"alpoma","date":"mayo 29, 2006","format":false,"excerpt":"Geo Informatics es una publicaci\u00f3n, en ingl\u00e9s, de sumo inter\u00e9s para cualquier persona que desee mantenerse al d\u00eda, o aprender m\u00e1s, sobre geom\u00e1tica, sistemas de informaci\u00f3n geogr\u00e1fica, teledetecci\u00f3n y, en definitiva, cualquier otra aplicaci\u00f3n de la tecnolog\u00eda inform\u00e1tica al an\u00e1lisis geogr\u00e1fico. El \u00edndice de art\u00edculos es de libre acceso pero\u2026","rel":"","context":"En \u00abEn l\u00ednea\u00bb","block_context":{"text":"En l\u00ednea","link":"https:\/\/alpoma.net\/carto\/?cat=5"},"img":{"alt_text":"","src":"","width":0,"height":0},"classes":[]},{"id":212,"url":"https:\/\/alpoma.net\/carto\/?p=212","url_meta":{"origin":3414,"position":3},"title":"Cartograf\u00eda de aerosoles en la atm\u00f3sfera","author":"alpoma","date":"junio 26, 2006","format":false,"excerpt":"Como complemento a mi art\u00edculo en TecOb acerca de los aerosoles atmosf\u00e9ricos, he recopilado una breve seleccci\u00f3n de recursos cartogr\u00e1ficos sobre el tema: --> El sistema CALIMA -Caracterizaci\u00f3n de aerosoles originados por intrusiones de masas de aire africanas- proporciona datos, cartograf\u00eda e informaci\u00f3n actualizada acerca de los aerosoles de origen\u2026","rel":"","context":"En \u00abGeograf\u00eda\u00bb","block_context":{"text":"Geograf\u00eda","link":"https:\/\/alpoma.net\/carto\/?cat=7"},"img":{"alt_text":"","src":"https:\/\/i0.wp.com\/alpoma.net\/carto\/wp-content\/uploads\/2006\/06\/175450908_4f6c0743ae_o.jpg?resize=350%2C200&ssl=1","width":350,"height":200,"srcset":"https:\/\/i0.wp.com\/alpoma.net\/carto\/wp-content\/uploads\/2006\/06\/175450908_4f6c0743ae_o.jpg?resize=350%2C200&ssl=1 1x, https:\/\/i0.wp.com\/alpoma.net\/carto\/wp-content\/uploads\/2006\/06\/175450908_4f6c0743ae_o.jpg?resize=525%2C300&ssl=1 1.5x"},"classes":[]},{"id":215,"url":"https:\/\/alpoma.net\/carto\/?p=215","url_meta":{"origin":3414,"position":4},"title":"Galer\u00eda de enlaces","author":"alpoma","date":"junio 28, 2006","format":false,"excerpt":"Una vez m\u00e1s, no tengo mucho tiempo para explorar todo el nuevo material que desear\u00eda detallar en La Cartoteca, por ello y para no dejar pasar algunas novedades, he aqu\u00ed una serie de recursos de inter\u00e9s que me han llamado la atenci\u00f3n en los \u00faltimos d\u00edas: Atlas do Ambiente -\u2026","rel":"","context":"En \u00abEn l\u00ednea\u00bb","block_context":{"text":"En l\u00ednea","link":"https:\/\/alpoma.net\/carto\/?cat=5"},"img":{"alt_text":"","src":"","width":0,"height":0},"classes":[]},{"id":218,"url":"https:\/\/alpoma.net\/carto\/?p=218","url_meta":{"origin":3414,"position":5},"title":"Cartograf\u00eda de datos verticales","author":"alpoma","date":"julio 6, 2006","format":false,"excerpt":"Por lo general, la plasmaci\u00f3n en forma de representaci\u00f3n cartogr\u00e1fica de datos en tres dimensiones suele ser complicada, no tanto por la dificultad del dibujo de los datos, como por lo complejo de lograr que sea lo suficientemente sencilla como para que se comprenda su contenido con rapidez. Un ejemplo\u2026","rel":"","context":"En \u00abCartograf\u00eda\u00bb","block_context":{"text":"Cartograf\u00eda","link":"https:\/\/alpoma.net\/carto\/?cat=9"},"img":{"alt_text":"","src":"","width":0,"height":0},"classes":[]}],"jetpack_sharing_enabled":true,"_links":{"self":[{"href":"https:\/\/alpoma.net\/carto\/index.php?rest_route=\/wp\/v2\/posts\/3414","targetHints":{"allow":["GET"]}}],"collection":[{"href":"https:\/\/alpoma.net\/carto\/index.php?rest_route=\/wp\/v2\/posts"}],"about":[{"href":"https:\/\/alpoma.net\/carto\/index.php?rest_route=\/wp\/v2\/types\/post"}],"author":[{"embeddable":true,"href":"https:\/\/alpoma.net\/carto\/index.php?rest_route=\/wp\/v2\/users\/1"}],"replies":[{"embeddable":true,"href":"https:\/\/alpoma.net\/carto\/index.php?rest_route=%2Fwp%2Fv2%2Fcomments&post=3414"}],"version-history":[{"count":0,"href":"https:\/\/alpoma.net\/carto\/index.php?rest_route=\/wp\/v2\/posts\/3414\/revisions"}],"wp:attachment":[{"href":"https:\/\/alpoma.net\/carto\/index.php?rest_route=%2Fwp%2Fv2%2Fmedia&parent=3414"}],"wp:term":[{"taxonomy":"category","embeddable":true,"href":"https:\/\/alpoma.net\/carto\/index.php?rest_route=%2Fwp%2Fv2%2Fcategories&post=3414"},{"taxonomy":"post_tag","embeddable":true,"href":"https:\/\/alpoma.net\/carto\/index.php?rest_route=%2Fwp%2Fv2%2Ftags&post=3414"}],"curies":[{"name":"wp","href":"https:\/\/api.w.org\/{rel}","templated":true}]}}