{"id":336,"date":"2007-05-09T00:05:04","date_gmt":"2007-05-08T22:05:04","guid":{"rendered":"http:\/\/alpoma.net\/carto\/?p=336"},"modified":"2007-05-09T00:08:00","modified_gmt":"2007-05-08T22:08:00","slug":"nubes-de-polvo","status":"publish","type":"post","link":"https:\/\/alpoma.net\/carto\/?p=336","title":{"rendered":"Nubes de polvo"},"content":{"rendered":"<p>Gracias al espectroradi\u00f3metro MODIS a bordo del sat\u00e9lite Aqua de la NASA, podemos disfrutar de tomas impresionantes. En la <strong><a href=\"http:\/\/earthobservatory.nasa.gov\/NaturalHazards\/shownh.php3?img_id=14249\">primera<\/a><\/strong>, realizada sobre Asia central el 7 de Mayo de 2007, se puede observar una tormenta masiva de polvo en suspensi\u00f3n con direcci\u00f3n este partiendo del \u00e1rea que rodea al Mar de Aral.<\/p>\n<p><img decoding=\"async\" src=\"http:\/\/farm1.static.flickr.com\/196\/490415718_c142d3ec6c_o.jpg\" alt=\"UNO\" class=\"otros\"\/><\/p>\n<p>En la <strong><a href=\"http:\/\/earthobservatory.nasa.gov\/NaturalHazards\/shownh.php3?img_id=14248\">segunda imagen<\/a><\/strong>, nubes de polvo cruzan el Mediterr\u00e1neo, desde los desiertos libios, hasta llegar a los Balcanes e Italia. La toma se realiz\u00f3 el 6 de Mayo de 2007.<\/p>\n<p><img decoding=\"async\" src=\"http:\/\/farm1.static.flickr.com\/220\/490415714_64f95b81c0_o.jpg\" alt=\"DOS\" class=\"otros\"\/><\/p>\n<p><strong>Fuente<\/strong>: <em>EO Natural Hazards NASA<\/em><\/p>\n","protected":false},"excerpt":{"rendered":"<div class=\"mh-excerpt\"><p>Gracias al espectroradi\u00f3metro MODIS a bordo del sat\u00e9lite Aqua de la NASA, podemos disfrutar de tomas impresionantes. En la primera, realizada sobre Asia central el <a class=\"mh-excerpt-more\" href=\"https:\/\/alpoma.net\/carto\/?p=336\" title=\"Nubes de polvo\">[&#8230;]<\/a><\/p>\n<\/div>","protected":false},"author":1,"featured_media":4882,"comment_status":"open","ping_status":"open","sticky":false,"template":"","format":"standard","meta":{"jetpack_post_was_ever_published":false,"_jetpack_newsletter_access":"","_jetpack_dont_email_post_to_subs":false,"_jetpack_newsletter_tier_id":0,"_jetpack_memberships_contains_paywalled_content":false,"_jetpack_memberships_contains_paid_content":false,"footnotes":""},"categories":[7,3],"tags":[],"class_list":["post-336","post","type-post","status-publish","format-standard","has-post-thumbnail","hentry","category-geografia","category-teledeteccion"],"jetpack_featured_media_url":"https:\/\/alpoma.net\/carto\/wp-content\/uploads\/2007\/05\/490415718_c142d3ec6c_o.jpg","jetpack_shortlink":"https:\/\/wp.me\/p93Co9-5q","jetpack-related-posts":[{"id":2462,"url":"https:\/\/alpoma.net\/carto\/?p=2462","url_meta":{"origin":336,"position":0},"title":"Nube de polvo sahariano sobre el Atl\u00e1ntico","author":"alpoma","date":"abril 7, 2011","format":false,"excerpt":"Esta imagen, tomada por el instrumento MODIS a bordo del sat\u00e9lite Terra de la NASA, muestra claramente una gran nube de polvo de origen sahariano sobre el Oc\u00e9ano Atl\u00e1ntico, frente a las costas portuguesas. Este polvo, al margen de lo molesto que pueda ser en ciertas ocasiones, juega un papel\u2026","rel":"","context":"En \u00abTeledetecci\u00f3n\u00bb","block_context":{"text":"Teledetecci\u00f3n","link":"https:\/\/alpoma.net\/carto\/?cat=3"},"img":{"alt_text":"","src":"https:\/\/i0.wp.com\/alpoma.net\/carto\/wp-content\/uploads\/2011\/04\/5598218764_cc00797b90_o.jpg?resize=350%2C200&ssl=1","width":350,"height":200,"srcset":"https:\/\/i0.wp.com\/alpoma.net\/carto\/wp-content\/uploads\/2011\/04\/5598218764_cc00797b90_o.jpg?resize=350%2C200&ssl=1 1x, https:\/\/i0.wp.com\/alpoma.net\/carto\/wp-content\/uploads\/2011\/04\/5598218764_cc00797b90_o.jpg?resize=525%2C300&ssl=1 1.5x"},"classes":[]},{"id":1129,"url":"https:\/\/alpoma.net\/carto\/?p=1129","url_meta":{"origin":336,"position":1},"title":"De islas y ondas en las nubes","author":"alpoma","date":"diciembre 2, 2009","format":false,"excerpt":"De igual forma a como un barco va dejando tras de s\u00ed una bella estela de ondas sobre las aguas, puede suceder algo similar con las nubes. Sin ir m\u00e1s lejos, aqu\u00ed tenemos una imagen tomada por el instrumento MODIS a bordo del sat\u00e9lite Terra, de la NASA, captada el\u2026","rel":"","context":"En \u00abGeograf\u00eda\u00bb","block_context":{"text":"Geograf\u00eda","link":"https:\/\/alpoma.net\/carto\/?cat=7"},"img":{"alt_text":"","src":"https:\/\/i0.wp.com\/alpoma.net\/carto\/wp-content\/uploads\/2009\/12\/4152523755_8b81cec3b9_o.jpg?resize=350%2C200&ssl=1","width":350,"height":200,"srcset":"https:\/\/i0.wp.com\/alpoma.net\/carto\/wp-content\/uploads\/2009\/12\/4152523755_8b81cec3b9_o.jpg?resize=350%2C200&ssl=1 1x, https:\/\/i0.wp.com\/alpoma.net\/carto\/wp-content\/uploads\/2009\/12\/4152523755_8b81cec3b9_o.jpg?resize=525%2C300&ssl=1 1.5x"},"classes":[]},{"id":28,"url":"https:\/\/alpoma.net\/carto\/?p=28","url_meta":{"origin":336,"position":2},"title":"Tormenta de polvo y humo sobre el Mar Amarillo","author":"alpoma","date":"noviembre 8, 2005","format":false,"excerpt":"En esta imagen del espectroradi\u00f3metro MODIS a bordo del sat\u00e9lite Aqua, muestra una gran tormenta de polvo y humo, toda una \"ensalada\" formada por la gran cantidad de humos producidos por las industrias chinas acompa\u00f1ados de arena en suspensi\u00f3n de los desiertos de Mongolia. | M\u00e1s info en EO Natural\u2026","rel":"","context":"En \u00abGeograf\u00eda\u00bb","block_context":{"text":"Geograf\u00eda","link":"https:\/\/alpoma.net\/carto\/?cat=7"},"img":{"alt_text":"","src":"https:\/\/i0.wp.com\/alpoma.net\/carto\/wp-content\/uploads\/2005\/11\/61369887_eb4452c551_o.jpg?resize=350%2C200&ssl=1","width":350,"height":200,"srcset":"https:\/\/i0.wp.com\/alpoma.net\/carto\/wp-content\/uploads\/2005\/11\/61369887_eb4452c551_o.jpg?resize=350%2C200&ssl=1 1x, https:\/\/i0.wp.com\/alpoma.net\/carto\/wp-content\/uploads\/2005\/11\/61369887_eb4452c551_o.jpg?resize=525%2C300&ssl=1 1.5x"},"classes":[]},{"id":568,"url":"https:\/\/alpoma.net\/carto\/?p=568","url_meta":{"origin":336,"position":3},"title":"Cartograf\u00eda del eclipse total de Sol del 1 de agosto","author":"alpoma","date":"junio 23, 2008","format":false,"excerpt":"Suceder\u00e1 muy lejos de donde me encuentro pero, quien pueda viajar, seguro que disfruta de un espect\u00e1culo sorprendente, si las nubes se muestran dispuestas a no aparecer, claro est\u00e1. Recorriendo gran parte de Asia, el primero de agosto de este a\u00f1o, podr\u00e1 disfrutarse de un eclipse total de Sol que\u2026","rel":"","context":"En \u00abCartograf\u00eda\u00bb","block_context":{"text":"Cartograf\u00eda","link":"https:\/\/alpoma.net\/carto\/?cat=9"},"img":{"alt_text":"","src":"https:\/\/i0.wp.com\/alpoma.net\/carto\/wp-content\/uploads\/2008\/06\/2605301088_24b4dc6f92_o.gif?resize=350%2C200&ssl=1","width":350,"height":200},"classes":[]},{"id":2608,"url":"https:\/\/alpoma.net\/carto\/?p=2608","url_meta":{"origin":336,"position":4},"title":"De islas y ondas en las nubes (II)","author":"alpoma","date":"mayo 31, 2011","format":false,"excerpt":"Ya he tratado anteriormente este asunto, pero im\u00e1genes as\u00ed no dejan de sorprenderme. He aqu\u00ed las perturbaciones en forma de ondas que genera la presencia de dos islas en el Pac\u00edfico sur sobre un manto nuboso relativamente uniforme. Se trata de las islas del archipi\u00e9lago Juan Fern\u00e1ndez, en Chile. M\u00e1s\u2026","rel":"","context":"En \u00abGeograf\u00eda\u00bb","block_context":{"text":"Geograf\u00eda","link":"https:\/\/alpoma.net\/carto\/?cat=7"},"img":{"alt_text":"","src":"https:\/\/i0.wp.com\/alpoma.net\/carto\/wp-content\/uploads\/2011\/05\/5781684844_74a65cfbd0_o.jpg?resize=350%2C200&ssl=1","width":350,"height":200,"srcset":"https:\/\/i0.wp.com\/alpoma.net\/carto\/wp-content\/uploads\/2011\/05\/5781684844_74a65cfbd0_o.jpg?resize=350%2C200&ssl=1 1x, https:\/\/i0.wp.com\/alpoma.net\/carto\/wp-content\/uploads\/2011\/05\/5781684844_74a65cfbd0_o.jpg?resize=525%2C300&ssl=1 1.5x"},"classes":[]},{"id":7422,"url":"https:\/\/alpoma.net\/carto\/?p=7422","url_meta":{"origin":336,"position":5},"title":"El mejor mapa-gif animado que ver\u00e1s en mucho tiempo","author":"alpoma","date":"julio 19, 2019","format":false,"excerpt":"El t\u00edtulo no es exagerado... \u00a1es un gif animado hipn\u00f3tico que adem\u00e1s es un mapa genial!, \u00bfqu\u00e9 m\u00e1s se puede pedir? De las manos de Eleanor Lutz, de Tabletop Whale, nos llega esta maravilla... (pincha en la imagen para ampliar). Me lo pasaron hace dos d\u00edas y he tenido que\u2026","rel":"","context":"En \u00abExperimentos\u00bb","block_context":{"text":"Experimentos","link":"https:\/\/alpoma.net\/carto\/?cat=10"},"img":{"alt_text":"","src":"https:\/\/i0.wp.com\/alpoma.net\/carto\/wp-content\/uploads\/2019\/07\/mundo-animado.jpg?resize=350%2C200&ssl=1","width":350,"height":200,"srcset":"https:\/\/i0.wp.com\/alpoma.net\/carto\/wp-content\/uploads\/2019\/07\/mundo-animado.jpg?resize=350%2C200&ssl=1 1x, https:\/\/i0.wp.com\/alpoma.net\/carto\/wp-content\/uploads\/2019\/07\/mundo-animado.jpg?resize=525%2C300&ssl=1 1.5x"},"classes":[]}],"jetpack_sharing_enabled":true,"_links":{"self":[{"href":"https:\/\/alpoma.net\/carto\/index.php?rest_route=\/wp\/v2\/posts\/336","targetHints":{"allow":["GET"]}}],"collection":[{"href":"https:\/\/alpoma.net\/carto\/index.php?rest_route=\/wp\/v2\/posts"}],"about":[{"href":"https:\/\/alpoma.net\/carto\/index.php?rest_route=\/wp\/v2\/types\/post"}],"author":[{"embeddable":true,"href":"https:\/\/alpoma.net\/carto\/index.php?rest_route=\/wp\/v2\/users\/1"}],"replies":[{"embeddable":true,"href":"https:\/\/alpoma.net\/carto\/index.php?rest_route=%2Fwp%2Fv2%2Fcomments&post=336"}],"version-history":[{"count":0,"href":"https:\/\/alpoma.net\/carto\/index.php?rest_route=\/wp\/v2\/posts\/336\/revisions"}],"wp:featuredmedia":[{"embeddable":true,"href":"https:\/\/alpoma.net\/carto\/index.php?rest_route=\/wp\/v2\/media\/4882"}],"wp:attachment":[{"href":"https:\/\/alpoma.net\/carto\/index.php?rest_route=%2Fwp%2Fv2%2Fmedia&parent=336"}],"wp:term":[{"taxonomy":"category","embeddable":true,"href":"https:\/\/alpoma.net\/carto\/index.php?rest_route=%2Fwp%2Fv2%2Fcategories&post=336"},{"taxonomy":"post_tag","embeddable":true,"href":"https:\/\/alpoma.net\/carto\/index.php?rest_route=%2Fwp%2Fv2%2Ftags&post=336"}],"curies":[{"name":"wp","href":"https:\/\/api.w.org\/{rel}","templated":true}]}}