{"id":3277,"date":"2012-04-08T19:45:53","date_gmt":"2012-04-08T17:45:53","guid":{"rendered":"http:\/\/alpoma.net\/carto\/?p=3277"},"modified":"2012-04-08T19:45:53","modified_gmt":"2012-04-08T17:45:53","slug":"off-topic-el-viaje-de-argos","status":"publish","type":"post","link":"https:\/\/alpoma.net\/carto\/?p=3277","title":{"rendered":"[Off-topic] El viaje de Argos"},"content":{"rendered":"<p><img decoding=\"async\" src=\"http:\/\/alpoma.com\/argos\/img\/book.png\" alt=\"El viaje de Argos\" class=\"dch\" width=\"150\"\/>Es un <em>Off-topic<\/em> en toda regla, pero como todav\u00eda no lo he comentado en <em>La Cartoteca<\/em>, aprovecho este domingo festivo para mencionarlo, tal y como vengo haciendo desde hace d\u00edas en mi blog personal.<\/p>\n<p>El asunto es muy simple: acabo de publicar una novela, <em>El viaje de Argos<\/em>, que ha editado el Grupo Planeta y que, de momento, s\u00f3lo est\u00e1 a la venta en eBook. Quien se sienta picado por la curiosidad, puede encontrar mucha m\u00e1s informaci\u00f3n en la <strong><a href=\"http:\/\/www.elviajedeargos.com\">web del libro<\/a><\/strong>. \ud83d\ude09<\/p>\n","protected":false},"excerpt":{"rendered":"<div class=\"mh-excerpt\"><p>Es un Off-topic en toda regla, pero como todav\u00eda no lo he comentado en La Cartoteca, aprovecho este domingo festivo para mencionarlo, tal y como <a class=\"mh-excerpt-more\" href=\"https:\/\/alpoma.net\/carto\/?p=3277\" title=\"[Off-topic] El viaje de Argos\">[&#8230;]<\/a><\/p>\n<\/div>","protected":false},"author":1,"featured_media":0,"comment_status":"open","ping_status":"open","sticky":false,"template":"","format":"standard","meta":{"jetpack_post_was_ever_published":false,"_jetpack_newsletter_access":"","_jetpack_dont_email_post_to_subs":false,"_jetpack_newsletter_tier_id":0,"_jetpack_memberships_contains_paywalled_content":false,"_jetpack_memberships_contains_paid_content":false,"footnotes":""},"categories":[1],"tags":[],"class_list":["post-3277","post","type-post","status-publish","format-standard","hentry","category-general"],"jetpack_featured_media_url":"","jetpack_shortlink":"https:\/\/wp.me\/p93Co9-QR","jetpack-related-posts":[{"id":7003,"url":"https:\/\/alpoma.net\/carto\/?p=7003","url_meta":{"origin":3277,"position":0},"title":"Un mapa de los \u00abMundos Perdidos\u00bb","author":"alpoma","date":"mayo 30, 2018","format":false,"excerpt":"Vale, lo de \"Mundos Perdidos\" es muy sonoro pero no dice gran cosa, as\u00ed que toca explicarlo porque tiene mucha miga. All\u00e1 por el a\u00f1o 2012 publiqu\u00e9 mi novela El viaje de Argos. Uno de los protagonistas de ese libro es un viejo mapa, Septentrionalium Terrarum descriptio, obra de Mercator\u2026","rel":"","context":"En \u00abCartograf\u00eda\u00bb","block_context":{"text":"Cartograf\u00eda","link":"https:\/\/alpoma.net\/carto\/?cat=9"},"img":{"alt_text":"","src":"https:\/\/i0.wp.com\/alpoma.net\/carto\/wp-content\/uploads\/2018\/05\/34968f523a6b03277eb7e4152e3708a7_original.jpg?resize=350%2C200&ssl=1","width":350,"height":200,"srcset":"https:\/\/i0.wp.com\/alpoma.net\/carto\/wp-content\/uploads\/2018\/05\/34968f523a6b03277eb7e4152e3708a7_original.jpg?resize=350%2C200&ssl=1 1x, https:\/\/i0.wp.com\/alpoma.net\/carto\/wp-content\/uploads\/2018\/05\/34968f523a6b03277eb7e4152e3708a7_original.jpg?resize=525%2C300&ssl=1 1.5x"},"classes":[]},{"id":4212,"url":"https:\/\/alpoma.net\/carto\/?p=4212","url_meta":{"origin":3277,"position":1},"title":"Los curiosos mapas de Silas Bent y el c\u00e1lido mar del Polo Norte","author":"alpoma","date":"marzo 25, 2014","format":false,"excerpt":"Hoy puede parecer est\u00fapido, pero hubo un tiempo en que la teor\u00eda del mar polar abierto se discut\u00eda con toda seriedad. Cierto es que los navegantes, al viajar hacia el \u00c1rtico se encontraban tarde o temprano con la banquisa polar, pero no por ello so\u00f1adores de todo tipo dejaban de\u2026","rel":"","context":"En \u00abViejos mapas\u00bb","block_context":{"text":"Viejos mapas","link":"https:\/\/alpoma.net\/carto\/?cat=4"},"img":{"alt_text":"","src":"https:\/\/i0.wp.com\/alpoma.net\/carto\/wp-content\/uploads\/2014\/03\/silas_1-767x1024.jpg?resize=350%2C200&ssl=1","width":350,"height":200,"srcset":"https:\/\/i0.wp.com\/alpoma.net\/carto\/wp-content\/uploads\/2014\/03\/silas_1-767x1024.jpg?resize=350%2C200&ssl=1 1x, https:\/\/i0.wp.com\/alpoma.net\/carto\/wp-content\/uploads\/2014\/03\/silas_1-767x1024.jpg?resize=525%2C300&ssl=1 1.5x, https:\/\/i0.wp.com\/alpoma.net\/carto\/wp-content\/uploads\/2014\/03\/silas_1-767x1024.jpg?resize=700%2C400&ssl=1 2x"},"classes":[]},{"id":736,"url":"https:\/\/alpoma.net\/carto\/?p=736","url_meta":{"origin":3277,"position":2},"title":"El mundo es un pa\u00f1uelo","author":"alpoma","date":"diciembre 17, 2008","format":false,"excerpt":"Este mapa de accesibilidad mundial muestra los tiempos de viaje entre varios miles de ciudades de todo el planeta. Como puede comprobarse, la mayor parte del mundo est\u00e1 conectado por medio de los sistemas de transporte actuales de tal forma que, en realidad, la cl\u00e1sica frase de \"el mundo en\u2026","rel":"","context":"En \u00abCartograf\u00eda\u00bb","block_context":{"text":"Cartograf\u00eda","link":"https:\/\/alpoma.net\/carto\/?cat=9"},"img":{"alt_text":"","src":"https:\/\/i0.wp.com\/alpoma.net\/carto\/wp-content\/uploads\/2008\/12\/3115704995_7c9444512f_o.jpg?resize=350%2C200&ssl=1","width":350,"height":200,"srcset":"https:\/\/i0.wp.com\/alpoma.net\/carto\/wp-content\/uploads\/2008\/12\/3115704995_7c9444512f_o.jpg?resize=350%2C200&ssl=1 1x, https:\/\/i0.wp.com\/alpoma.net\/carto\/wp-content\/uploads\/2008\/12\/3115704995_7c9444512f_o.jpg?resize=525%2C300&ssl=1 1.5x"},"classes":[]},{"id":613,"url":"https:\/\/alpoma.net\/carto\/?p=613","url_meta":{"origin":3277,"position":3},"title":"Un viaje diferente con iwannagothere.net","author":"alpoma","date":"agosto 15, 2008","format":false,"excerpt":"Hab\u00eda una vez, en un lugar muy cercano, tres duendecillos de la web que decidieron crear algo nuevo. As\u00ed empieza este cuento con final feliz. Hace unos minutos, uno de los duendecillos, el genio del c\u00f3digo conocido como Blat, me puso sobre la pista. Estamos ante un proyecto nacido de\u2026","rel":"","context":"En \u00abEn l\u00ednea\u00bb","block_context":{"text":"En l\u00ednea","link":"https:\/\/alpoma.net\/carto\/?cat=5"},"img":{"alt_text":"","src":"https:\/\/i0.wp.com\/alpoma.net\/carto\/wp-content\/uploads\/2008\/08\/2765210099_7074cf3b0b_o.jpg?resize=350%2C200&ssl=1","width":350,"height":200,"srcset":"https:\/\/i0.wp.com\/alpoma.net\/carto\/wp-content\/uploads\/2008\/08\/2765210099_7074cf3b0b_o.jpg?resize=350%2C200&ssl=1 1x, https:\/\/i0.wp.com\/alpoma.net\/carto\/wp-content\/uploads\/2008\/08\/2765210099_7074cf3b0b_o.jpg?resize=525%2C300&ssl=1 1.5x"},"classes":[]},{"id":2916,"url":"https:\/\/alpoma.net\/carto\/?p=2916","url_meta":{"origin":3277,"position":4},"title":"Gu\u00edas de viaje del Canal de Castilla","author":"alpoma","date":"diciembre 13, 2011","format":false,"excerpt":"Acabo de leer en GP Canal de Castilla que est\u00e1n disponibles varias gu\u00edas en PDF, de libre descarga, con las que es posible planificar con detalle un viaje a tierras de Palencia y Valladolid a orillas del c\u00e9lebre Canal de Castilla. No me he resistido a traerlas a La Cartoteca,\u2026","rel":"","context":"En \u00abLugares\u00bb","block_context":{"text":"Lugares","link":"https:\/\/alpoma.net\/carto\/?cat=11"},"img":{"alt_text":"","src":"https:\/\/i0.wp.com\/alpoma.net\/carto\/wp-content\/uploads\/2011\/12\/6505376659_862a8de133_o.jpg?resize=350%2C200&ssl=1","width":350,"height":200,"srcset":"https:\/\/i0.wp.com\/alpoma.net\/carto\/wp-content\/uploads\/2011\/12\/6505376659_862a8de133_o.jpg?resize=350%2C200&ssl=1 1x, https:\/\/i0.wp.com\/alpoma.net\/carto\/wp-content\/uploads\/2011\/12\/6505376659_862a8de133_o.jpg?resize=525%2C300&ssl=1 1.5x"},"classes":[]},{"id":1504,"url":"https:\/\/alpoma.net\/carto\/?p=1504","url_meta":{"origin":3277,"position":5},"title":"SepiaTown, un viaje al pasado","author":"alpoma","date":"abril 8, 2010","format":false,"excerpt":"Me ha gustado su dise\u00f1o, limpio y sencillo, adem\u00e1s del planteamiento, claro est\u00e1. SepiaTown vendr\u00eda a ser algo as\u00ed como una m\u00e1quina del tiempo que permite, de forma colaborativa, contemplar, comentar y contribuir a diversas vistas del pasado de todo el mundo. Siendo m\u00e1s directo: uno puede subir im\u00e1genes antiguas\u2026","rel":"","context":"En \u00abEn l\u00ednea\u00bb","block_context":{"text":"En l\u00ednea","link":"https:\/\/alpoma.net\/carto\/?cat=5"},"img":{"alt_text":"logo","src":"https:\/\/i0.wp.com\/farm3.static.flickr.com\/2726\/4503141494_5e70e1dcd8_o.jpg?resize=350%2C200","width":350,"height":200},"classes":[]}],"jetpack_sharing_enabled":true,"_links":{"self":[{"href":"https:\/\/alpoma.net\/carto\/index.php?rest_route=\/wp\/v2\/posts\/3277","targetHints":{"allow":["GET"]}}],"collection":[{"href":"https:\/\/alpoma.net\/carto\/index.php?rest_route=\/wp\/v2\/posts"}],"about":[{"href":"https:\/\/alpoma.net\/carto\/index.php?rest_route=\/wp\/v2\/types\/post"}],"author":[{"embeddable":true,"href":"https:\/\/alpoma.net\/carto\/index.php?rest_route=\/wp\/v2\/users\/1"}],"replies":[{"embeddable":true,"href":"https:\/\/alpoma.net\/carto\/index.php?rest_route=%2Fwp%2Fv2%2Fcomments&post=3277"}],"version-history":[{"count":0,"href":"https:\/\/alpoma.net\/carto\/index.php?rest_route=\/wp\/v2\/posts\/3277\/revisions"}],"wp:attachment":[{"href":"https:\/\/alpoma.net\/carto\/index.php?rest_route=%2Fwp%2Fv2%2Fmedia&parent=3277"}],"wp:term":[{"taxonomy":"category","embeddable":true,"href":"https:\/\/alpoma.net\/carto\/index.php?rest_route=%2Fwp%2Fv2%2Fcategories&post=3277"},{"taxonomy":"post_tag","embeddable":true,"href":"https:\/\/alpoma.net\/carto\/index.php?rest_route=%2Fwp%2Fv2%2Ftags&post=3277"}],"curies":[{"name":"wp","href":"https:\/\/api.w.org\/{rel}","templated":true}]}}