{"id":3261,"date":"2012-04-03T19:20:05","date_gmt":"2012-04-03T17:20:05","guid":{"rendered":"http:\/\/alpoma.net\/carto\/?p=3261"},"modified":"2012-04-03T19:20:05","modified_gmt":"2012-04-03T17:20:05","slug":"el-mundo-como-acuarela","status":"publish","type":"post","link":"https:\/\/alpoma.net\/carto\/?p=3261","title":{"rendered":"El mundo como acuarela"},"content":{"rendered":"<p><a href=\"http:\/\/www.flickr.com\/photos\/alpoma\/6896374376\/\" title=\"acuarela_mapa by alpoma, on Flickr\"><img loading=\"lazy\" decoding=\"async\" src=\"http:\/\/farm8.staticflickr.com\/7047\/6896374376_ac07bcbd65_m.jpg\" width=\"240\" height=\"199\" alt=\"acuarela_mapa\" class=\"dch\"\/><\/a>Uno de los atractivos que m\u00e1s me gustan de <strong><a href=\"http:\/\/www.openstreetmap.org\/\">OpenStreetMap<\/a><\/strong> es la posibilidad de crear y aplicar diversos \u00absabores\u00bb a la cartograf\u00eda de base.<\/p>\n<p>Algunos son muy atrevidos y tienen su encanto, como una nueva serie creada por <em><a href=\"http:\/\/stamen.com\/\">Stamen Design<\/a><\/em>, en la que, sin duda, <strong><a href=\"http:\/\/maps.stamen.com\/#watercolor\/13\/40.7283\/-73.9678\">me quedo con el \u00abefecto acuarela\u00bb<\/a><\/strong>. \ud83d\ude09<\/p>\n<p><a href=\"http:\/\/www.jonathancrowe.net\/2012\/04\/openstreetmap-in-watercolour.php\">| V\u00eda Jonathan Crowe |<\/a><\/p>\n","protected":false},"excerpt":{"rendered":"<div class=\"mh-excerpt\"><p>Uno de los atractivos que m\u00e1s me gustan de OpenStreetMap es la posibilidad de crear y aplicar diversos \u00absabores\u00bb a la cartograf\u00eda de base. Algunos <a class=\"mh-excerpt-more\" href=\"https:\/\/alpoma.net\/carto\/?p=3261\" title=\"El mundo como acuarela\">[&#8230;]<\/a><\/p>\n<\/div>","protected":false},"author":1,"featured_media":5007,"comment_status":"open","ping_status":"open","sticky":false,"template":"","format":"standard","meta":{"jetpack_post_was_ever_published":false,"_jetpack_newsletter_access":"","_jetpack_dont_email_post_to_subs":false,"_jetpack_newsletter_tier_id":0,"_jetpack_memberships_contains_paywalled_content":false,"_jetpack_memberships_contains_paid_content":false,"footnotes":""},"categories":[10],"tags":[],"class_list":["post-3261","post","type-post","status-publish","format-standard","has-post-thumbnail","hentry","category-experimentos"],"jetpack_featured_media_url":"https:\/\/alpoma.net\/carto\/wp-content\/uploads\/2012\/04\/6896374376_ac07bcbd65_m.jpg","jetpack_shortlink":"https:\/\/wp.me\/p93Co9-QB","jetpack-related-posts":[{"id":3813,"url":"https:\/\/alpoma.net\/carto\/?p=3813","url_meta":{"origin":3261,"position":0},"title":"Toner, el mundo en blanco y negro","author":"alpoma","date":"febrero 16, 2013","format":false,"excerpt":"He recibido algunos comentarios sobre la nota en que mencionaba OpenStreetPosters. S\u00ed, esos mapas en blanco y negro son muy atractivos pero, \u00bfde d\u00f3nde salen? Aunque ya lo coment\u00e9 en otra ocasi\u00f3n, no est\u00e1 de m\u00e1s recordar que es uno de los \"estilos\" para OpenStreetMap creados por Stamen Maps. Otro\u2026","rel":"","context":"En \u00abCartograf\u00eda\u00bb","block_context":{"text":"Cartograf\u00eda","link":"https:\/\/alpoma.net\/carto\/?cat=9"},"img":{"alt_text":"","src":"https:\/\/i0.wp.com\/alpoma.net\/carto\/wp-content\/uploads\/2013\/02\/8478629549_72c1bb9006_o.png?resize=350%2C200&ssl=1","width":350,"height":200,"srcset":"https:\/\/i0.wp.com\/alpoma.net\/carto\/wp-content\/uploads\/2013\/02\/8478629549_72c1bb9006_o.png?resize=350%2C200&ssl=1 1x, https:\/\/i0.wp.com\/alpoma.net\/carto\/wp-content\/uploads\/2013\/02\/8478629549_72c1bb9006_o.png?resize=525%2C300&ssl=1 1.5x"},"classes":[]},{"id":454,"url":"https:\/\/alpoma.net\/carto\/?p=454","url_meta":{"origin":3261,"position":1},"title":"Mapas de tiza","author":"alpoma","date":"enero 15, 2008","format":false,"excerpt":"Por alguna ignota raz\u00f3n, aunque no tengo ni idea de cual, hoy me he acordado de alguno de los primeros mapas que dibuj\u00e9. All\u00e1, a mediados de los ochenta y con poco m\u00e1s de seis a\u00f1os, recuerdo que ten\u00eda la extra\u00f1a man\u00eda de calcar con papel cebolla y un bol\u00edgrafo\u2026","rel":"","context":"En \u00abMiscel\u00e1nea\u00bb","block_context":{"text":"Miscel\u00e1nea","link":"https:\/\/alpoma.net\/carto\/?cat=1"},"img":{"alt_text":"","src":"","width":0,"height":0},"classes":[]},{"id":2871,"url":"https:\/\/alpoma.net\/carto\/?p=2871","url_meta":{"origin":3261,"position":2},"title":"Mapa de la URSS como joya gigante","author":"alpoma","date":"noviembre 16, 2011","format":false,"excerpt":"No sabr\u00eda decir si es demasiado recargado, aunque de lo que no cabe duda es que se trat\u00f3 de un signo de ostentaci\u00f3n, casi como un desaf\u00edo, t\u00edpico de cierta \u00e9poca en la Uni\u00f3n Sovi\u00e9tica. Se trata de un gran mapa de la URSS realizado a modo de mosaico, como\u2026","rel":"","context":"En \u00abMiscel\u00e1nea\u00bb","block_context":{"text":"Miscel\u00e1nea","link":"https:\/\/alpoma.net\/carto\/?cat=1"},"img":{"alt_text":"","src":"https:\/\/i0.wp.com\/alpoma.net\/carto\/wp-content\/uploads\/2011\/11\/6349614649_648acb9a08_z.jpg?resize=350%2C200&ssl=1","width":350,"height":200,"srcset":"https:\/\/i0.wp.com\/alpoma.net\/carto\/wp-content\/uploads\/2011\/11\/6349614649_648acb9a08_z.jpg?resize=350%2C200&ssl=1 1x, https:\/\/i0.wp.com\/alpoma.net\/carto\/wp-content\/uploads\/2011\/11\/6349614649_648acb9a08_z.jpg?resize=525%2C300&ssl=1 1.5x"},"classes":[]},{"id":4018,"url":"https:\/\/alpoma.net\/carto\/?p=4018","url_meta":{"origin":3261,"position":3},"title":"Nosolosig renace","author":"alpoma","date":"julio 17, 2013","format":false,"excerpt":"Me llega una muy buena noticia acerca de un medio que lleg\u00f3 a ser toda una referencia en lo que a la difusi\u00f3n de noticias y eventos sobre geom\u00e1tica se refiere: Nosolosig inicia la segunda \u00e9poca como revista. Ya estuvo funcionando entre 2001 y 2007, a\u00f1os de intensa y productiva\u2026","rel":"","context":"En \u00abEn l\u00ednea\u00bb","block_context":{"text":"En l\u00ednea","link":"https:\/\/alpoma.net\/carto\/?cat=5"},"img":{"alt_text":"","src":"https:\/\/i0.wp.com\/alpoma.net\/carto\/wp-content\/uploads\/2013\/07\/nosolosig.jpg?resize=350%2C200&ssl=1","width":350,"height":200,"srcset":"https:\/\/i0.wp.com\/alpoma.net\/carto\/wp-content\/uploads\/2013\/07\/nosolosig.jpg?resize=350%2C200&ssl=1 1x, https:\/\/i0.wp.com\/alpoma.net\/carto\/wp-content\/uploads\/2013\/07\/nosolosig.jpg?resize=525%2C300&ssl=1 1.5x"},"classes":[]},{"id":7924,"url":"https:\/\/alpoma.net\/carto\/?p=7924","url_meta":{"origin":3261,"position":4},"title":"Itiner-e, el mapa de carreteras del Imperio Romano del que todo el mundo habla","author":"alpoma","date":"noviembre 13, 2025","format":false,"excerpt":"No es com\u00fan que un tema cartogr\u00e1fico aparezca en prensa y, mucho menos, que te lo encuentres por todas partes. Pero eso es lo que ha sucedido con el proyecto Itiner-e. En los \u00faltimos a\u00f1os nos hemos acostumbrado a ver mapas de todo tipo, como por ejemplo mapas de tr\u00e1fico\u2026","rel":"","context":"En \u00abViejos mapas\u00bb","block_context":{"text":"Viejos mapas","link":"https:\/\/alpoma.net\/carto\/?cat=4"},"img":{"alt_text":"","src":"https:\/\/i0.wp.com\/alpoma.net\/carto\/wp-content\/uploads\/2025\/11\/dgrthves.jpg?resize=350%2C200&ssl=1","width":350,"height":200,"srcset":"https:\/\/i0.wp.com\/alpoma.net\/carto\/wp-content\/uploads\/2025\/11\/dgrthves.jpg?resize=350%2C200&ssl=1 1x, https:\/\/i0.wp.com\/alpoma.net\/carto\/wp-content\/uploads\/2025\/11\/dgrthves.jpg?resize=525%2C300&ssl=1 1.5x, https:\/\/i0.wp.com\/alpoma.net\/carto\/wp-content\/uploads\/2025\/11\/dgrthves.jpg?resize=700%2C400&ssl=1 2x"},"classes":[]},{"id":1925,"url":"https:\/\/alpoma.net\/carto\/?p=1925","url_meta":{"origin":3261,"position":5},"title":"Mapas de la frontera entre Espa\u00f1a y Portugal, siglo XVIII (Descarga de libro y mapas)","author":"alpoma","date":"octubre 7, 2010","format":false,"excerpt":"Una vez m\u00e1s agradezco a la editorial 4 Gatos el aviso y, c\u00f3mo no, su pasi\u00f3n cartogr\u00e1fica. Como complemento a su magn\u00edfica obra Historia e Imagen de un Asedio. Badajoz 1705, incluyen una colecci\u00f3n de cuatro mapas de principios del siglo XVIII, del \u00e1rea fronteriza entre Espa\u00f1a y Portugal, que\u2026","rel":"","context":"En \u00abViejos mapas\u00bb","block_context":{"text":"Viejos mapas","link":"https:\/\/alpoma.net\/carto\/?cat=4"},"img":{"alt_text":"","src":"","width":0,"height":0},"classes":[]}],"jetpack_sharing_enabled":true,"_links":{"self":[{"href":"https:\/\/alpoma.net\/carto\/index.php?rest_route=\/wp\/v2\/posts\/3261","targetHints":{"allow":["GET"]}}],"collection":[{"href":"https:\/\/alpoma.net\/carto\/index.php?rest_route=\/wp\/v2\/posts"}],"about":[{"href":"https:\/\/alpoma.net\/carto\/index.php?rest_route=\/wp\/v2\/types\/post"}],"author":[{"embeddable":true,"href":"https:\/\/alpoma.net\/carto\/index.php?rest_route=\/wp\/v2\/users\/1"}],"replies":[{"embeddable":true,"href":"https:\/\/alpoma.net\/carto\/index.php?rest_route=%2Fwp%2Fv2%2Fcomments&post=3261"}],"version-history":[{"count":0,"href":"https:\/\/alpoma.net\/carto\/index.php?rest_route=\/wp\/v2\/posts\/3261\/revisions"}],"wp:featuredmedia":[{"embeddable":true,"href":"https:\/\/alpoma.net\/carto\/index.php?rest_route=\/wp\/v2\/media\/5007"}],"wp:attachment":[{"href":"https:\/\/alpoma.net\/carto\/index.php?rest_route=%2Fwp%2Fv2%2Fmedia&parent=3261"}],"wp:term":[{"taxonomy":"category","embeddable":true,"href":"https:\/\/alpoma.net\/carto\/index.php?rest_route=%2Fwp%2Fv2%2Fcategories&post=3261"},{"taxonomy":"post_tag","embeddable":true,"href":"https:\/\/alpoma.net\/carto\/index.php?rest_route=%2Fwp%2Fv2%2Ftags&post=3261"}],"curies":[{"name":"wp","href":"https:\/\/api.w.org\/{rel}","templated":true}]}}