{"id":323,"date":"2007-04-04T22:08:41","date_gmt":"2007-04-04T20:08:41","guid":{"rendered":"http:\/\/alpoma.net\/carto\/?p=323"},"modified":"2007-04-05T14:10:27","modified_gmt":"2007-04-05T12:10:27","slug":"la-isla-de-isune","status":"publish","type":"post","link":"https:\/\/alpoma.net\/carto\/?p=323","title":{"rendered":"La Isla de Isune"},"content":{"rendered":"<p><strong>Jos\u00e9 Mar\u00eda de la Torre<\/strong> es un palentino, al igual que quien estas palabras escribe, que est\u00e1 preparando una <em>blogonovela<\/em> de tintes fant\u00e1sticos. No deja de ser, de momento, un conjunto de esbozos, pero lo que m\u00e1s me ha llamado la atenci\u00f3n ha sido el mapa de una de las tierras descritas en el texto. Se trata de todo un detallado mapa, se nota que realizado con ilusi\u00f3n, que me recuerda a la cartograf\u00eda de la Tierra Media tolkiniana pero con toques muy personales. Como recuerda el autor de  <strong><a href=\"http:\/\/bastonivo.blogspot.com\/\">\u00abNexo\u00bb &#8211; Memorias de Ise<\/a><\/strong>&#8230;<\/p>\n<blockquote><p>La novela tendr\u00e1 una trama de un mundo imaginario. En la tierra solo se conoce el pa\u00eds de Ise, un archipi\u00e9lago de tres islas: Is\u00fan, Isune e Isuna. Son el resto de un antiguo cataclismo que destruyo un continente entero mil a\u00f1os atr\u00e1s. Desde entonces, la vida ha sido tranquila para el \u00fanico pa\u00eds del mundo.<\/p><\/blockquote>\n<p>He aqu\u00ed el mapa de Isune, que espero no sea el \u00faltimo surgido de ese mundo imaginario&#8230;<\/p>\n<p><img decoding=\"async\" src=\"http:\/\/farm1.static.flickr.com\/253\/446402333_63ce28902b.jpg\" alt=\"Isune\" class=\"otros\"\/><br \/>\n<strong>| <a href=\"http:\/\/farm1.static.flickr.com\/253\/446402333_49d0dfb7ab_o.jpg\">Ver ampliado<\/a> |<\/strong> V\u00e9ase tambi\u00e9n el <a href=\"http:\/\/bastonivo.blogspot.com\/2007\/02\/escudo-de-ise.html\" class=\"enlaces\">escudo de Ise<\/a>, de lo m\u00e1s curioso.<\/p>\n","protected":false},"excerpt":{"rendered":"<div class=\"mh-excerpt\"><p>Jos\u00e9 Mar\u00eda de la Torre es un palentino, al igual que quien estas palabras escribe, que est\u00e1 preparando una blogonovela de tintes fant\u00e1sticos. No deja <a class=\"mh-excerpt-more\" href=\"https:\/\/alpoma.net\/carto\/?p=323\" title=\"La Isla de Isune\">[&#8230;]<\/a><\/p>\n<\/div>","protected":false},"author":1,"featured_media":4640,"comment_status":"open","ping_status":"open","sticky":false,"template":"","format":"standard","meta":{"jetpack_post_was_ever_published":false,"_jetpack_newsletter_access":"","_jetpack_dont_email_post_to_subs":false,"_jetpack_newsletter_tier_id":0,"_jetpack_memberships_contains_paywalled_content":false,"_jetpack_memberships_contains_paid_content":false,"footnotes":""},"categories":[5,1],"tags":[],"class_list":["post-323","post","type-post","status-publish","format-standard","has-post-thumbnail","hentry","category-en-linea","category-general"],"jetpack_featured_media_url":"https:\/\/alpoma.net\/carto\/wp-content\/uploads\/2007\/04\/446402333_63ce28902b.jpg","jetpack_shortlink":"https:\/\/wp.me\/p93Co9-5d","jetpack-related-posts":[{"id":505,"url":"https:\/\/alpoma.net\/carto\/?p=505","url_meta":{"origin":323,"position":0},"title":"Isuna, Is\u00fan, Isune&#8230;","author":"alpoma","date":"marzo 17, 2008","format":false,"excerpt":"Aunque ha estado en pausa un tiempo, Jos\u00e9 Mar\u00eda de la Torre ha retomado la fant\u00e1stica narraci\u00f3n de Memorias de Ise, que ya nos visit\u00f3 hace tiempo, y lo hace con un regalo genial, el mapa que completa la cartograf\u00eda de las imaginarias islas de este proyecto de ficci\u00f3n. |\u2026","rel":"","context":"En \u00abEn l\u00ednea\u00bb","block_context":{"text":"En l\u00ednea","link":"https:\/\/alpoma.net\/carto\/?cat=5"},"img":{"alt_text":"","src":"https:\/\/i0.wp.com\/alpoma.net\/carto\/wp-content\/uploads\/2008\/03\/2341070370_dbc1a2f288.jpg?resize=350%2C200&ssl=1","width":350,"height":200},"classes":[]},{"id":3234,"url":"https:\/\/alpoma.net\/carto\/?p=3234","url_meta":{"origin":323,"position":1},"title":"Primer mapa geol\u00f3gico de Io","author":"alpoma","date":"marzo 20, 2012","format":false,"excerpt":"Io, el sat\u00e9lite galileano m\u00e1s cercano a J\u00fapiter, es sin duda un lugar asombroso. Por un lado tiene cierto encanto, como de peque\u00f1o planeta viscoso sin cr\u00e1teres, con un interior semifundido que le permiti\u00f3 el honor de convertirse en el primer lugar del Sistema Solar, a excepci\u00f3n de la Tierra,\u2026","rel":"","context":"En \u00abCartograf\u00eda\u00bb","block_context":{"text":"Cartograf\u00eda","link":"https:\/\/alpoma.net\/carto\/?cat=9"},"img":{"alt_text":"","src":"https:\/\/i0.wp.com\/alpoma.net\/carto\/wp-content\/uploads\/2012\/03\/7000842649_5b98efa8e2_o.jpg?resize=350%2C200&ssl=1","width":350,"height":200,"srcset":"https:\/\/i0.wp.com\/alpoma.net\/carto\/wp-content\/uploads\/2012\/03\/7000842649_5b98efa8e2_o.jpg?resize=350%2C200&ssl=1 1x, https:\/\/i0.wp.com\/alpoma.net\/carto\/wp-content\/uploads\/2012\/03\/7000842649_5b98efa8e2_o.jpg?resize=525%2C300&ssl=1 1.5x"},"classes":[]},{"id":80,"url":"https:\/\/alpoma.net\/carto\/?p=80","url_meta":{"origin":323,"position":2},"title":"El mapa de Vinlandia","author":"alpoma","date":"enero 17, 2006","format":false,"excerpt":"Vinlandia, o Vinland, esto es, tierra del vino o de los vi\u00f1edos, era el nombre con el que los vikingos llamaron el \u00e1rea de Norteam\u00e9rica que, parece ser, colonizaron unos cinco siglos antes de que Col\u00f3n llegara al Nuevo Mundo. El conocido como mapa de Vinlandia, \u00fanico que se conoce\u2026","rel":"","context":"En \u00abViejos mapas\u00bb","block_context":{"text":"Viejos mapas","link":"https:\/\/alpoma.net\/carto\/?cat=4"},"img":{"alt_text":"","src":"","width":0,"height":0},"classes":[]},{"id":6542,"url":"https:\/\/alpoma.net\/carto\/?p=6542","url_meta":{"origin":323,"position":3},"title":"A vueltas con el \u00abmapa m\u00e1s perfecto del mundo\u00bb","author":"alpoma","date":"noviembre 7, 2016","format":false,"excerpt":"Esta historia viene pegando fuerte en el mundo de los grandes medios (curiosamente no tanto en el cartogr\u00e1fico y ahora comentar\u00e9 por qu\u00e9) desde hace bastantes d\u00edas. Veamos, por doquier se han publicado art\u00edculos recientemente acerca de cierto mapa que ha hecho bastante ruido, algo que no suele se habitual.\u2026","rel":"","context":"En \u00abExperimentos\u00bb","block_context":{"text":"Experimentos","link":"https:\/\/alpoma.net\/carto\/?cat=10"},"img":{"alt_text":"","src":"https:\/\/i0.wp.com\/alpoma.net\/carto\/wp-content\/uploads\/2016\/11\/AutaGraph.jpg?resize=350%2C200&ssl=1","width":350,"height":200,"srcset":"https:\/\/i0.wp.com\/alpoma.net\/carto\/wp-content\/uploads\/2016\/11\/AutaGraph.jpg?resize=350%2C200&ssl=1 1x, https:\/\/i0.wp.com\/alpoma.net\/carto\/wp-content\/uploads\/2016\/11\/AutaGraph.jpg?resize=525%2C300&ssl=1 1.5x, https:\/\/i0.wp.com\/alpoma.net\/carto\/wp-content\/uploads\/2016\/11\/AutaGraph.jpg?resize=700%2C400&ssl=1 2x"},"classes":[]},{"id":75,"url":"https:\/\/alpoma.net\/carto\/?p=75","url_meta":{"origin":323,"position":4},"title":"\u00bfCu\u00e1n grande es la Tierra Media?","author":"alpoma","date":"enero 13, 2006","format":false,"excerpt":"La cartograf\u00eda de lugares m\u00edticos da para mucho, s\u00f3lo es cuesti\u00f3n de imaginaci\u00f3n. Pero en el caso de la obra de Tolkien hay algo m\u00e1s que fantas\u00eda. Todo est\u00e1 muy pensado en El Se\u00f1or de los Anillos, as\u00ed que, a la hora de cartografiar la Tierra Media, Lalaith\u00b4s Middle-earth Science\u2026","rel":"","context":"En \u00abCartograf\u00eda\u00bb","block_context":{"text":"Cartograf\u00eda","link":"https:\/\/alpoma.net\/carto\/?cat=9"},"img":{"alt_text":"","src":"","width":0,"height":0},"classes":[]},{"id":357,"url":"https:\/\/alpoma.net\/carto\/?p=357","url_meta":{"origin":323,"position":5},"title":"\u00bfEs m\u00e1s largo el Amazonas que el Nilo?","author":"alpoma","date":"junio 23, 2007","format":false,"excerpt":"Hoy toca mirarse un poco al espejo. En la edici\u00f3n de hoy de La Raz\u00f3n, aparece un art\u00edculo de Ernesto Villar en el que es citado el presente blog... ;) \u00bfEs m\u00e1s largo el Amazonas que el Nilo? La pol\u00e9mica sobre cu\u00e1l es el r\u00edo m\u00e1s largo del mundo no\u2026","rel":"","context":"En \u00abGeograf\u00eda\u00bb","block_context":{"text":"Geograf\u00eda","link":"https:\/\/alpoma.net\/carto\/?cat=7"},"img":{"alt_text":"","src":"","width":0,"height":0},"classes":[]}],"jetpack_sharing_enabled":true,"_links":{"self":[{"href":"https:\/\/alpoma.net\/carto\/index.php?rest_route=\/wp\/v2\/posts\/323","targetHints":{"allow":["GET"]}}],"collection":[{"href":"https:\/\/alpoma.net\/carto\/index.php?rest_route=\/wp\/v2\/posts"}],"about":[{"href":"https:\/\/alpoma.net\/carto\/index.php?rest_route=\/wp\/v2\/types\/post"}],"author":[{"embeddable":true,"href":"https:\/\/alpoma.net\/carto\/index.php?rest_route=\/wp\/v2\/users\/1"}],"replies":[{"embeddable":true,"href":"https:\/\/alpoma.net\/carto\/index.php?rest_route=%2Fwp%2Fv2%2Fcomments&post=323"}],"version-history":[{"count":0,"href":"https:\/\/alpoma.net\/carto\/index.php?rest_route=\/wp\/v2\/posts\/323\/revisions"}],"wp:featuredmedia":[{"embeddable":true,"href":"https:\/\/alpoma.net\/carto\/index.php?rest_route=\/wp\/v2\/media\/4640"}],"wp:attachment":[{"href":"https:\/\/alpoma.net\/carto\/index.php?rest_route=%2Fwp%2Fv2%2Fmedia&parent=323"}],"wp:term":[{"taxonomy":"category","embeddable":true,"href":"https:\/\/alpoma.net\/carto\/index.php?rest_route=%2Fwp%2Fv2%2Fcategories&post=323"},{"taxonomy":"post_tag","embeddable":true,"href":"https:\/\/alpoma.net\/carto\/index.php?rest_route=%2Fwp%2Fv2%2Ftags&post=323"}],"curies":[{"name":"wp","href":"https:\/\/api.w.org\/{rel}","templated":true}]}}