{"id":3204,"date":"2012-03-05T20:53:42","date_gmt":"2012-03-05T18:53:42","guid":{"rendered":"http:\/\/alpoma.net\/carto\/?p=3204"},"modified":"2012-03-05T20:53:42","modified_gmt":"2012-03-05T18:53:42","slug":"un-ebook-gratuito-para-celebrar-el-quinto-centenario-del-nacimiento-de-gerardus-mercator","status":"publish","type":"post","link":"https:\/\/alpoma.net\/carto\/?p=3204","title":{"rendered":"Un eBook gratuito para celebrar el quinto centenario del nacimiento de Gerardus Mercator"},"content":{"rendered":"<p><strong><a href=\"http:\/\/es.wikipedia.org\/wiki\/Gerardo_Mercator\">Gerardus Mercator<\/a><\/strong>, que no necesita presentaci\u00f3n, naci\u00f3 el <strong>5 de marzo de 1512<\/strong>. Echando cuentas no sale que eso sucedi\u00f3 hace medio milenio, si olvidamos algunos l\u00edos con las conversiones entre calendarios y dem\u00e1s problemillas cronol\u00f3gicos. <strong>Cinco siglos en los que la cartograf\u00eda se ha convertido en algo imprescindible para la vida diaria<\/strong>. <\/p>\n<p>La fecha sirve de excusa para diversas actuaciones y proyectos. Por ejemplo, <strong>hasta el d\u00eda 31 de marzo<\/strong> <strong><a href=\"http:\/\/www.newint.com.au\/freebook.Mercator.Bday\/\">estar\u00e1 disponible para descarga libre<\/a> <\/strong>el libro de Ward L. Kaiser titulado <em>How Maps Change Things: A Conversation About the Maps We Choose, and the World We Want<\/em>. La versi\u00f3n en papel estar\u00e1 disponible para compra en Amazon all\u00e1 por el mes de junio de 2012. Avisado quede quien lea estas l\u00edneas para aprovechar la oportunidad de hacerse con esta peque\u00f1a joya en PDF, ePub o formato mobi para Kindle. Por cierto, el libro est\u00e1 dedicado a Gerhard Kremer y a Arno Peters. \ud83d\ude09<\/p>\n<p><a href=\"http:\/\/www.flickr.com\/photos\/alpoma\/6956559351\/\" title=\"Hobo-Dyer by alpoma, on Flickr\"><img loading=\"lazy\" decoding=\"async\" src=\"http:\/\/farm8.staticflickr.com\/7184\/6956559351_d173f69961_o.jpg\" width=\"620\" height=\"314\" alt=\"Hobo-Dyer\" class=\"otros\"\/><\/a><br \/>\n<em>Proyecci\u00f3n Hobo-Dyer con una orientaci\u00f3n poco usual.<\/em><\/p>\n<p>| V\u00eda <a href=\"http:\/\/apb.directionsmag.com\/entry\/free-map-literacy-book-for-mercators-birthday\/236740\">Directions Magazine<\/a> |<\/p>\n","protected":false},"excerpt":{"rendered":"<div class=\"mh-excerpt\"><p>Gerardus Mercator, que no necesita presentaci\u00f3n, naci\u00f3 el 5 de marzo de 1512. Echando cuentas no sale que eso sucedi\u00f3 hace medio milenio, si olvidamos <a class=\"mh-excerpt-more\" href=\"https:\/\/alpoma.net\/carto\/?p=3204\" title=\"Un eBook gratuito para celebrar el quinto centenario del nacimiento de Gerardus Mercator\">[&#8230;]<\/a><\/p>\n<\/div>","protected":false},"author":1,"featured_media":0,"comment_status":"open","ping_status":"open","sticky":false,"template":"","format":"standard","meta":{"jetpack_post_was_ever_published":false,"_jetpack_newsletter_access":"","_jetpack_dont_email_post_to_subs":false,"_jetpack_newsletter_tier_id":0,"_jetpack_memberships_contains_paywalled_content":false,"_jetpack_memberships_contains_paid_content":false,"footnotes":""},"categories":[9,5],"tags":[],"class_list":["post-3204","post","type-post","status-publish","format-standard","hentry","category-cartografia","category-en-linea"],"jetpack_featured_media_url":"","jetpack_shortlink":"https:\/\/wp.me\/p93Co9-PG","jetpack-related-posts":[{"id":7087,"url":"https:\/\/alpoma.net\/carto\/?p=7087","url_meta":{"origin":3204,"position":0},"title":"Google Maps dice \u00abadi\u00f3s\u00bb a Mercator (pero s\u00f3lo en ciertas escalas)","author":"alpoma","date":"agosto 8, 2018","format":false,"excerpt":"Detalle curioso el que nos descubre Google Maps en su nueva actualizaci\u00f3n de agosto de 2018 en su versi\u00f3n para escritorio (desktop edition, no as\u00ed en la versi\u00f3n m\u00f3vil, aunque todo parece indicar que el cambio tambi\u00e9n se llevar\u00e1 a cabo en esa versi\u00f3n en breve). A escala de barrio,\u2026","rel":"","context":"En \u00abEn l\u00ednea\u00bb","block_context":{"text":"En l\u00ednea","link":"https:\/\/alpoma.net\/carto\/?cat=5"},"img":{"alt_text":"Google Maps en proyecci\u00f3n Mercator","src":"https:\/\/i0.wp.com\/alpoma.net\/carto\/wp-content\/uploads\/2018\/08\/google-maps-mercator.jpg?resize=350%2C200&ssl=1","width":350,"height":200,"srcset":"https:\/\/i0.wp.com\/alpoma.net\/carto\/wp-content\/uploads\/2018\/08\/google-maps-mercator.jpg?resize=350%2C200&ssl=1 1x, https:\/\/i0.wp.com\/alpoma.net\/carto\/wp-content\/uploads\/2018\/08\/google-maps-mercator.jpg?resize=525%2C300&ssl=1 1.5x, https:\/\/i0.wp.com\/alpoma.net\/carto\/wp-content\/uploads\/2018\/08\/google-maps-mercator.jpg?resize=700%2C400&ssl=1 2x"},"classes":[]},{"id":2056,"url":"https:\/\/alpoma.net\/carto\/?p=2056","url_meta":{"origin":3204,"position":1},"title":"Jugando con la proyecci\u00f3n Mercator","author":"alpoma","date":"noviembre 9, 2010","format":false,"excerpt":"La mayor\u00eda de la gente est\u00e1 tan acostumbrada a ver mapas realizados con la proyecci\u00f3n de Mercator que, cuando se topan con una muestra de los muchos otros sistemas de proyecci\u00f3n que se suelen utilizar en cartograf\u00eda, piensan que algo raro hay en ellos o que, incluso, \"est\u00e1n mal hechos\".\u2026","rel":"","context":"En \u00abCartograf\u00eda\u00bb","block_context":{"text":"Cartograf\u00eda","link":"https:\/\/alpoma.net\/carto\/?cat=9"},"img":{"alt_text":"Mercator-projection","src":"https:\/\/i0.wp.com\/farm5.static.flickr.com\/4013\/5161882882_8116f6fb79_m.jpg?resize=350%2C200","width":350,"height":200},"classes":[]},{"id":6449,"url":"https:\/\/alpoma.net\/carto\/?p=6449","url_meta":{"origin":3204,"position":2},"title":"El verdadero tama\u00f1o de&#8230;","author":"alpoma","date":"junio 4, 2016","format":false,"excerpt":"Crear representaciones bidimensionales, sobre papel o una pantalla, de la superficie de un mundo como el nuestro que se aproxima a ser una esfera (geoide), es algo que ha dado muchos dolores de cabeza a los cart\u00f3grafos. He comentado en este mismo blog muchas veces los problemas de las diversas\u2026","rel":"","context":"En \u00abExperimentos\u00bb","block_context":{"text":"Experimentos","link":"https:\/\/alpoma.net\/carto\/?cat=10"},"img":{"alt_text":"","src":"https:\/\/i0.wp.com\/alpoma.net\/carto\/wp-content\/uploads\/2016\/06\/Captura-de-pantalla-2016-06-04-a-las-18.10.43.png?resize=350%2C200&ssl=1","width":350,"height":200,"srcset":"https:\/\/i0.wp.com\/alpoma.net\/carto\/wp-content\/uploads\/2016\/06\/Captura-de-pantalla-2016-06-04-a-las-18.10.43.png?resize=350%2C200&ssl=1 1x, https:\/\/i0.wp.com\/alpoma.net\/carto\/wp-content\/uploads\/2016\/06\/Captura-de-pantalla-2016-06-04-a-las-18.10.43.png?resize=525%2C300&ssl=1 1.5x, https:\/\/i0.wp.com\/alpoma.net\/carto\/wp-content\/uploads\/2016\/06\/Captura-de-pantalla-2016-06-04-a-las-18.10.43.png?resize=700%2C400&ssl=1 2x"},"classes":[]},{"id":3269,"url":"https:\/\/alpoma.net\/carto\/?p=3269","url_meta":{"origin":3204,"position":3},"title":"El cabez\u00f3n de Mercator","author":"alpoma","date":"abril 8, 2012","format":false,"excerpt":"No, el viejo Mercator no era un cabez\u00f3n, al menos que sepamos, pero su forma de ver el mundo puede crear verdaderos cabezones y hasta dolores de cabeza, veamos. La proyecci\u00f3n de Mercator ha calado tanto en la mente de occidente, y en realidad en la de casi todo el\u2026","rel":"","context":"En \u00abCartograf\u00eda\u00bb","block_context":{"text":"Cartograf\u00eda","link":"https:\/\/alpoma.net\/carto\/?cat=9"},"img":{"alt_text":"","src":"https:\/\/i0.wp.com\/alpoma.net\/carto\/wp-content\/uploads\/2012\/04\/6911222656_819d91c4e3_o.png?resize=350%2C200&ssl=1","width":350,"height":200},"classes":[]},{"id":6103,"url":"https:\/\/alpoma.net\/carto\/?p=6103","url_meta":{"origin":3204,"position":4},"title":"La visi\u00f3n del mundo de Christian Sgrooten","author":"alpoma","date":"mayo 10, 2015","format":false,"excerpt":"Christian Sgrooten fue un cart\u00f3grafo alem\u00e1n del siglo XVI que estuvo al servicio del rey Felipe II de Espa\u00f1a. Nombrado cart\u00f3grafo real en 1557, alumbr\u00f3 algunos de los mapas m\u00e1s sobresalientes de su tiempo. He aqu\u00ed dos ejemplos de esos que se pueden dejar de admirar, tanto por su car\u00e1cter\u2026","rel":"","context":"En \u00abViejos mapas\u00bb","block_context":{"text":"Viejos mapas","link":"https:\/\/alpoma.net\/carto\/?cat=4"},"img":{"alt_text":"","src":"https:\/\/i0.wp.com\/alpoma.net\/carto\/wp-content\/uploads\/2015\/05\/sgrooten_2.jpg?resize=350%2C200&ssl=1","width":350,"height":200,"srcset":"https:\/\/i0.wp.com\/alpoma.net\/carto\/wp-content\/uploads\/2015\/05\/sgrooten_2.jpg?resize=350%2C200&ssl=1 1x, https:\/\/i0.wp.com\/alpoma.net\/carto\/wp-content\/uploads\/2015\/05\/sgrooten_2.jpg?resize=525%2C300&ssl=1 1.5x, https:\/\/i0.wp.com\/alpoma.net\/carto\/wp-content\/uploads\/2015\/05\/sgrooten_2.jpg?resize=700%2C400&ssl=1 2x, https:\/\/i0.wp.com\/alpoma.net\/carto\/wp-content\/uploads\/2015\/05\/sgrooten_2.jpg?resize=1050%2C600&ssl=1 3x, https:\/\/i0.wp.com\/alpoma.net\/carto\/wp-content\/uploads\/2015\/05\/sgrooten_2.jpg?resize=1400%2C800&ssl=1 4x"},"classes":[]},{"id":6542,"url":"https:\/\/alpoma.net\/carto\/?p=6542","url_meta":{"origin":3204,"position":5},"title":"A vueltas con el \u00abmapa m\u00e1s perfecto del mundo\u00bb","author":"alpoma","date":"noviembre 7, 2016","format":false,"excerpt":"Esta historia viene pegando fuerte en el mundo de los grandes medios (curiosamente no tanto en el cartogr\u00e1fico y ahora comentar\u00e9 por qu\u00e9) desde hace bastantes d\u00edas. Veamos, por doquier se han publicado art\u00edculos recientemente acerca de cierto mapa que ha hecho bastante ruido, algo que no suele se habitual.\u2026","rel":"","context":"En \u00abExperimentos\u00bb","block_context":{"text":"Experimentos","link":"https:\/\/alpoma.net\/carto\/?cat=10"},"img":{"alt_text":"","src":"https:\/\/i0.wp.com\/alpoma.net\/carto\/wp-content\/uploads\/2016\/11\/AutaGraph.jpg?resize=350%2C200&ssl=1","width":350,"height":200,"srcset":"https:\/\/i0.wp.com\/alpoma.net\/carto\/wp-content\/uploads\/2016\/11\/AutaGraph.jpg?resize=350%2C200&ssl=1 1x, https:\/\/i0.wp.com\/alpoma.net\/carto\/wp-content\/uploads\/2016\/11\/AutaGraph.jpg?resize=525%2C300&ssl=1 1.5x, https:\/\/i0.wp.com\/alpoma.net\/carto\/wp-content\/uploads\/2016\/11\/AutaGraph.jpg?resize=700%2C400&ssl=1 2x"},"classes":[]}],"jetpack_sharing_enabled":true,"_links":{"self":[{"href":"https:\/\/alpoma.net\/carto\/index.php?rest_route=\/wp\/v2\/posts\/3204","targetHints":{"allow":["GET"]}}],"collection":[{"href":"https:\/\/alpoma.net\/carto\/index.php?rest_route=\/wp\/v2\/posts"}],"about":[{"href":"https:\/\/alpoma.net\/carto\/index.php?rest_route=\/wp\/v2\/types\/post"}],"author":[{"embeddable":true,"href":"https:\/\/alpoma.net\/carto\/index.php?rest_route=\/wp\/v2\/users\/1"}],"replies":[{"embeddable":true,"href":"https:\/\/alpoma.net\/carto\/index.php?rest_route=%2Fwp%2Fv2%2Fcomments&post=3204"}],"version-history":[{"count":0,"href":"https:\/\/alpoma.net\/carto\/index.php?rest_route=\/wp\/v2\/posts\/3204\/revisions"}],"wp:attachment":[{"href":"https:\/\/alpoma.net\/carto\/index.php?rest_route=%2Fwp%2Fv2%2Fmedia&parent=3204"}],"wp:term":[{"taxonomy":"category","embeddable":true,"href":"https:\/\/alpoma.net\/carto\/index.php?rest_route=%2Fwp%2Fv2%2Fcategories&post=3204"},{"taxonomy":"post_tag","embeddable":true,"href":"https:\/\/alpoma.net\/carto\/index.php?rest_route=%2Fwp%2Fv2%2Ftags&post=3204"}],"curies":[{"name":"wp","href":"https:\/\/api.w.org\/{rel}","templated":true}]}}