{"id":319,"date":"2007-03-24T13:35:06","date_gmt":"2007-03-24T11:35:06","guid":{"rendered":"http:\/\/alpoma.net\/carto\/?p=319"},"modified":"2007-03-24T13:35:49","modified_gmt":"2007-03-24T11:35:49","slug":"de-la-isla-de-el-hierro","status":"publish","type":"post","link":"https:\/\/alpoma.net\/carto\/?p=319","title":{"rendered":"De la Isla de El Hierro"},"content":{"rendered":"<p>Volvamos 2003 para rescatar este recorte de un peri\u00f3dico canario que nos cuenta las peculiaridades de la cartograf\u00eda de la <strong>Isla de El Hierro<\/strong> a lo largo de la historia&#8230;<\/p>\n<p><img decoding=\"async\" src=\"http:\/\/farm1.static.flickr.com\/105\/432256192_725b07f902.jpg\" alt=\"recorte\" class=\"otros\"\/><br \/>\n<strong>| <a href=\"http:\/\/farm1.static.flickr.com\/105\/432256192_76226936dd_o.jpg\">Ampliar imagen<\/a> |<\/strong><\/p>\n<p>He llegado hasta este curioso documento a trav\u00e9s de un recurso de gran inter\u00e9s, la biblioteca digital de libre acceso <strong><a href=\"http:\/\/humboldt.mpiwg-berlin.mpg.de\/\" class=\"enlaces\">Proyecto Humboldt<\/a><\/strong>, acerca de las expediciones cient\u00edficas a las Islas Canarias durante los siglos XVIII y XIX.<\/p>\n","protected":false},"excerpt":{"rendered":"<div class=\"mh-excerpt\"><p>Volvamos 2003 para rescatar este recorte de un peri\u00f3dico canario que nos cuenta las peculiaridades de la cartograf\u00eda de la Isla de El Hierro a <a class=\"mh-excerpt-more\" href=\"https:\/\/alpoma.net\/carto\/?p=319\" title=\"De la Isla de El Hierro\">[&#8230;]<\/a><\/p>\n<\/div>","protected":false},"author":1,"featured_media":4597,"comment_status":"open","ping_status":"open","sticky":false,"template":"","format":"standard","meta":{"jetpack_post_was_ever_published":false,"_jetpack_newsletter_access":"","_jetpack_dont_email_post_to_subs":false,"_jetpack_newsletter_tier_id":0,"_jetpack_memberships_contains_paywalled_content":false,"_jetpack_memberships_contains_paid_content":false,"footnotes":""},"categories":[5,4],"tags":[],"class_list":["post-319","post","type-post","status-publish","format-standard","has-post-thumbnail","hentry","category-en-linea","category-viejos-mapas"],"jetpack_featured_media_url":"https:\/\/alpoma.net\/carto\/wp-content\/uploads\/2007\/03\/432256192_725b07f902.jpg","jetpack_shortlink":"https:\/\/wp.me\/p93Co9-59","jetpack-related-posts":[{"id":2799,"url":"https:\/\/alpoma.net\/carto\/?p=2799","url_meta":{"origin":319,"position":0},"title":"Imagen de alta resoluci\u00f3n de la erupci\u00f3n en la isla de El Hierro","author":"alpoma","date":"octubre 17, 2011","format":false,"excerpt":"De todas las im\u00e1genes que he visto en los \u00faltimos d\u00edas sobre la erupci\u00f3n volc\u00e1nica submarina en la canaria isla de El Hierro, este conjunto tomado por sat\u00e9lites RapidEye es de los que m\u00e1s me han llamado la atenci\u00f3n. Se trata de tomas de alta resoluci\u00f3n en color real realizadas\u2026","rel":"","context":"En \u00abRiesgos Naturales\u00bb","block_context":{"text":"Riesgos Naturales","link":"https:\/\/alpoma.net\/carto\/?cat=6"},"img":{"alt_text":"","src":"https:\/\/i0.wp.com\/alpoma.net\/carto\/wp-content\/uploads\/2011\/10\/6254661020_cf4bc70b81_b.jpg?resize=350%2C200&ssl=1","width":350,"height":200,"srcset":"https:\/\/i0.wp.com\/alpoma.net\/carto\/wp-content\/uploads\/2011\/10\/6254661020_cf4bc70b81_b.jpg?resize=350%2C200&ssl=1 1x, https:\/\/i0.wp.com\/alpoma.net\/carto\/wp-content\/uploads\/2011\/10\/6254661020_cf4bc70b81_b.jpg?resize=525%2C300&ssl=1 1.5x, https:\/\/i0.wp.com\/alpoma.net\/carto\/wp-content\/uploads\/2011\/10\/6254661020_cf4bc70b81_b.jpg?resize=700%2C400&ssl=1 2x"},"classes":[]},{"id":2769,"url":"https:\/\/alpoma.net\/carto\/?p=2769","url_meta":{"origin":319,"position":1},"title":"Informaci\u00f3n s\u00edsmica de la isla de El Hierro","author":"alpoma","date":"septiembre 28, 2011","format":false,"excerpt":"Breve nota para recomendar la visita a los recursos que el IGN pone a disposici\u00f3n de todo el mundo sobre la monitorizaci\u00f3n de eventos s\u00edsmicos en la isla canaria de El Hierro, que han aumentado preocupantemente en los \u00faltimos d\u00edas: Serie s\u00edsmica de El Hierro. Localizaci\u00f3n de eventos s\u00edsmicos de\u2026","rel":"","context":"En \u00abRiesgos Naturales\u00bb","block_context":{"text":"Riesgos Naturales","link":"https:\/\/alpoma.net\/carto\/?cat=6"},"img":{"alt_text":"","src":"https:\/\/i0.wp.com\/alpoma.net\/carto\/wp-content\/uploads\/2011\/09\/6192800338_5075d526be_z.jpg?resize=350%2C200&ssl=1","width":350,"height":200,"srcset":"https:\/\/i0.wp.com\/alpoma.net\/carto\/wp-content\/uploads\/2011\/09\/6192800338_5075d526be_z.jpg?resize=350%2C200&ssl=1 1x, https:\/\/i0.wp.com\/alpoma.net\/carto\/wp-content\/uploads\/2011\/09\/6192800338_5075d526be_z.jpg?resize=525%2C300&ssl=1 1.5x"},"classes":[]},{"id":2462,"url":"https:\/\/alpoma.net\/carto\/?p=2462","url_meta":{"origin":319,"position":2},"title":"Nube de polvo sahariano sobre el Atl\u00e1ntico","author":"alpoma","date":"abril 7, 2011","format":false,"excerpt":"Esta imagen, tomada por el instrumento MODIS a bordo del sat\u00e9lite Terra de la NASA, muestra claramente una gran nube de polvo de origen sahariano sobre el Oc\u00e9ano Atl\u00e1ntico, frente a las costas portuguesas. Este polvo, al margen de lo molesto que pueda ser en ciertas ocasiones, juega un papel\u2026","rel":"","context":"En \u00abTeledetecci\u00f3n\u00bb","block_context":{"text":"Teledetecci\u00f3n","link":"https:\/\/alpoma.net\/carto\/?cat=3"},"img":{"alt_text":"","src":"https:\/\/i0.wp.com\/alpoma.net\/carto\/wp-content\/uploads\/2011\/04\/5598218764_cc00797b90_o.jpg?resize=350%2C200&ssl=1","width":350,"height":200,"srcset":"https:\/\/i0.wp.com\/alpoma.net\/carto\/wp-content\/uploads\/2011\/04\/5598218764_cc00797b90_o.jpg?resize=350%2C200&ssl=1 1x, https:\/\/i0.wp.com\/alpoma.net\/carto\/wp-content\/uploads\/2011\/04\/5598218764_cc00797b90_o.jpg?resize=525%2C300&ssl=1 1.5x"},"classes":[]},{"id":6958,"url":"https:\/\/alpoma.net\/carto\/?p=6958","url_meta":{"origin":319,"position":3},"title":"Sobre la primera medici\u00f3n de la altitud del pico del Teide","author":"alpoma","date":"mayo 10, 2018","format":false,"excerpt":"El s\u00edmbolo arquitect\u00f3nico m\u00e1s conocido de Par\u00eds, la capital francesa, es sin duda la torre Eiffel. Todo el mundo ha contemplado su silueta, ya sea al natural o en una postal, una revista o en la televisi\u00f3n. Lo que no es tan conocido es que el propio Gustave Eiffel encarg\u00f3\u2026","rel":"","context":"En \u00abGeograf\u00eda\u00bb","block_context":{"text":"Geograf\u00eda","link":"https:\/\/alpoma.net\/carto\/?cat=7"},"img":{"alt_text":"","src":"https:\/\/i0.wp.com\/alpoma.net\/carto\/wp-content\/uploads\/2018\/05\/caballero-de-borda.jpg?resize=350%2C200&ssl=1","width":350,"height":200,"srcset":"https:\/\/i0.wp.com\/alpoma.net\/carto\/wp-content\/uploads\/2018\/05\/caballero-de-borda.jpg?resize=350%2C200&ssl=1 1x, https:\/\/i0.wp.com\/alpoma.net\/carto\/wp-content\/uploads\/2018\/05\/caballero-de-borda.jpg?resize=525%2C300&ssl=1 1.5x, https:\/\/i0.wp.com\/alpoma.net\/carto\/wp-content\/uploads\/2018\/05\/caballero-de-borda.jpg?resize=700%2C400&ssl=1 2x, https:\/\/i0.wp.com\/alpoma.net\/carto\/wp-content\/uploads\/2018\/05\/caballero-de-borda.jpg?resize=1050%2C600&ssl=1 3x"},"classes":[]},{"id":5257,"url":"https:\/\/alpoma.net\/carto\/?p=5257","url_meta":{"origin":319,"position":4},"title":"Mapas arreglados al Meridiano de Madrid","author":"alpoma","date":"abril 22, 2015","format":false,"excerpt":"Desde la conferencia de Washington de 1884 se viene utilizando como convenci\u00f3n cartogr\u00e1fica el Meridiano de Greenwich a modo de referencia internacional. Durante un tiempo se utiliz\u00f3 el de Par\u00eds, aunque realmente, hasta entonces, la cartograf\u00eda de cada pa\u00eds, y pr\u00e1cticamente la de cada cart\u00f3grafo, empleaba sus propias convenciones. Mencion\u00e9\u2026","rel":"","context":"En \u00abViejos mapas\u00bb","block_context":{"text":"Viejos mapas","link":"https:\/\/alpoma.net\/carto\/?cat=4"},"img":{"alt_text":"","src":"https:\/\/i0.wp.com\/alpoma.net\/carto\/wp-content\/uploads\/2015\/04\/mapa_meridiano_madrid_2.jpg?resize=350%2C200&ssl=1","width":350,"height":200,"srcset":"https:\/\/i0.wp.com\/alpoma.net\/carto\/wp-content\/uploads\/2015\/04\/mapa_meridiano_madrid_2.jpg?resize=350%2C200&ssl=1 1x, https:\/\/i0.wp.com\/alpoma.net\/carto\/wp-content\/uploads\/2015\/04\/mapa_meridiano_madrid_2.jpg?resize=525%2C300&ssl=1 1.5x, https:\/\/i0.wp.com\/alpoma.net\/carto\/wp-content\/uploads\/2015\/04\/mapa_meridiano_madrid_2.jpg?resize=700%2C400&ssl=1 2x"},"classes":[]},{"id":7013,"url":"https:\/\/alpoma.net\/carto\/?p=7013","url_meta":{"origin":319,"position":5},"title":"La isla de California","author":"alpoma","date":"mayo 31, 2018","format":false,"excerpt":"En algunas pel\u00edculas de ciencia ficci\u00f3n (mayormente de serie B) aparecen diversas visiones del futuro de California en las que esa porci\u00f3n de los Estados Unidos se muestra separada del continente como si se tratara de una isla, generalmente despu\u00e9s de un gran cataclismo en el que la falla de\u2026","rel":"","context":"En \u00abViejos mapas\u00bb","block_context":{"text":"Viejos mapas","link":"https:\/\/alpoma.net\/carto\/?cat=4"},"img":{"alt_text":"","src":"https:\/\/i0.wp.com\/alpoma.net\/carto\/wp-content\/uploads\/2018\/05\/california.isla-0.png?resize=350%2C200&ssl=1","width":350,"height":200,"srcset":"https:\/\/i0.wp.com\/alpoma.net\/carto\/wp-content\/uploads\/2018\/05\/california.isla-0.png?resize=350%2C200&ssl=1 1x, https:\/\/i0.wp.com\/alpoma.net\/carto\/wp-content\/uploads\/2018\/05\/california.isla-0.png?resize=525%2C300&ssl=1 1.5x, https:\/\/i0.wp.com\/alpoma.net\/carto\/wp-content\/uploads\/2018\/05\/california.isla-0.png?resize=700%2C400&ssl=1 2x"},"classes":[]}],"jetpack_sharing_enabled":true,"_links":{"self":[{"href":"https:\/\/alpoma.net\/carto\/index.php?rest_route=\/wp\/v2\/posts\/319","targetHints":{"allow":["GET"]}}],"collection":[{"href":"https:\/\/alpoma.net\/carto\/index.php?rest_route=\/wp\/v2\/posts"}],"about":[{"href":"https:\/\/alpoma.net\/carto\/index.php?rest_route=\/wp\/v2\/types\/post"}],"author":[{"embeddable":true,"href":"https:\/\/alpoma.net\/carto\/index.php?rest_route=\/wp\/v2\/users\/1"}],"replies":[{"embeddable":true,"href":"https:\/\/alpoma.net\/carto\/index.php?rest_route=%2Fwp%2Fv2%2Fcomments&post=319"}],"version-history":[{"count":0,"href":"https:\/\/alpoma.net\/carto\/index.php?rest_route=\/wp\/v2\/posts\/319\/revisions"}],"wp:featuredmedia":[{"embeddable":true,"href":"https:\/\/alpoma.net\/carto\/index.php?rest_route=\/wp\/v2\/media\/4597"}],"wp:attachment":[{"href":"https:\/\/alpoma.net\/carto\/index.php?rest_route=%2Fwp%2Fv2%2Fmedia&parent=319"}],"wp:term":[{"taxonomy":"category","embeddable":true,"href":"https:\/\/alpoma.net\/carto\/index.php?rest_route=%2Fwp%2Fv2%2Fcategories&post=319"},{"taxonomy":"post_tag","embeddable":true,"href":"https:\/\/alpoma.net\/carto\/index.php?rest_route=%2Fwp%2Fv2%2Ftags&post=319"}],"curies":[{"name":"wp","href":"https:\/\/api.w.org\/{rel}","templated":true}]}}