{"id":318,"date":"2007-03-23T14:14:31","date_gmt":"2007-03-23T12:14:31","guid":{"rendered":"http:\/\/alpoma.net\/carto\/?p=318"},"modified":"2007-03-23T14:15:03","modified_gmt":"2007-03-23T12:15:03","slug":"%c2%bflos-portugueses-descubrieron-australia","status":"publish","type":"post","link":"https:\/\/alpoma.net\/carto\/?p=318","title":{"rendered":"\u00bfLos portugueses \u00abdescubrieron\u00bb Australia?"},"content":{"rendered":"<p><img decoding=\"async\" src=\"http:\/\/farm1.static.flickr.com\/152\/431317664_5d91ed7ac6_o.jpg\" alt=\"portada\" class=\"dch\"\/>Sobre el concepto de \u00abdescubrimiento\u00bb habr\u00eda mucho que decir, pero como sigue fascinando a muchos, de vez en cuando aparecen libros o historias que pretenden aportar novedades sobre las aventuras de los navegantes europeos a la caza de continentes ignotos.<\/p>\n<p>El \u00faltimo en la lista, al menos hasta ahora, es <strong><em><a href=\"http:\/\/www.bookworm.com.au\/shop\/scditem.asp?ProdID=76324\">Beyond Capricorn<\/a><\/em><\/strong>, libro del australiano Peter Trickett. En sus p\u00e1ginas afirma que, tras estudiar una a\u00f1eja carta mar\u00edtima del siglo XVI localizada en Los \u00c1ngeles, los portugueses descubrieron Australia mucho antes que los brit\u00e1nicos.<\/p>\n<p><strong>M\u00e1s info<\/strong>:<br \/>\n<a href=\"http:\/\/news.yahoo.com\/s\/nm\/australia_map_dc;_ylt=AtyhVpsFxrGDlEcQqrb4n9wDW7oF\" class=\"enlaces\">Yahoo! News | Map proves Portuguese discovered Australia<\/a><br \/>\n<a href=\"http:\/\/es.today.reuters.com\/news\/newsArticle.aspx?type=entertainmentNews&#038;storyID=2007-03-21T110118Z_01_SAN139417_RTRIDST_0_OESEN-DESCUBRIMIENTO-AUSTRALIA-MAPA.XML\" class=\"enlaces\">Reuters Espa\u00f1a | Un mapa prueba que los portugueses descubrieron Australia<\/a><\/p>\n","protected":false},"excerpt":{"rendered":"<div class=\"mh-excerpt\"><p>Sobre el concepto de \u00abdescubrimiento\u00bb habr\u00eda mucho que decir, pero como sigue fascinando a muchos, de vez en cuando aparecen libros o historias que pretenden <a class=\"mh-excerpt-more\" href=\"https:\/\/alpoma.net\/carto\/?p=318\" title=\"\u00bfLos portugueses \u00abdescubrieron\u00bb Australia?\">[&#8230;]<\/a><\/p>\n<\/div>","protected":false},"author":1,"featured_media":0,"comment_status":"open","ping_status":"open","sticky":false,"template":"","format":"standard","meta":{"jetpack_post_was_ever_published":false,"_jetpack_newsletter_access":"","_jetpack_dont_email_post_to_subs":false,"_jetpack_newsletter_tier_id":0,"_jetpack_memberships_contains_paywalled_content":false,"_jetpack_memberships_contains_paid_content":false,"footnotes":""},"categories":[4],"tags":[],"class_list":["post-318","post","type-post","status-publish","format-standard","hentry","category-viejos-mapas"],"jetpack_featured_media_url":"","jetpack_shortlink":"https:\/\/wp.me\/p93Co9-58","jetpack-related-posts":[{"id":4025,"url":"https:\/\/alpoma.net\/carto\/?p=4025","url_meta":{"origin":318,"position":0},"title":"Descubridores de tierras inhabitadas","author":"alpoma","date":"agosto 19, 2013","format":false,"excerpt":"Dependiendo de qui\u00e9n lo utilice, el concepto de descubridor, en lo que a territorios se refiere, puede ir desde lo m\u00e1s exaltado del patriotismo hasta lo m\u00e1s negativo, cercano a la invasi\u00f3n. Es un concepto con m\u00faltiples caras que, sin duda, dej\u00f3 huella en nuestra historia. S\u00ed, los europeos \"descubrieron\"\u2026","rel":"","context":"En \u00abGeograf\u00eda\u00bb","block_context":{"text":"Geograf\u00eda","link":"https:\/\/alpoma.net\/carto\/?cat=7"},"img":{"alt_text":"","src":"https:\/\/i0.wp.com\/alpoma.net\/carto\/wp-content\/uploads\/2013\/08\/descubrimientos.png?resize=350%2C200&ssl=1","width":350,"height":200,"srcset":"https:\/\/i0.wp.com\/alpoma.net\/carto\/wp-content\/uploads\/2013\/08\/descubrimientos.png?resize=350%2C200&ssl=1 1x, https:\/\/i0.wp.com\/alpoma.net\/carto\/wp-content\/uploads\/2013\/08\/descubrimientos.png?resize=525%2C300&ssl=1 1.5x, https:\/\/i0.wp.com\/alpoma.net\/carto\/wp-content\/uploads\/2013\/08\/descubrimientos.png?resize=700%2C400&ssl=1 2x, https:\/\/i0.wp.com\/alpoma.net\/carto\/wp-content\/uploads\/2013\/08\/descubrimientos.png?resize=1050%2C600&ssl=1 3x, https:\/\/i0.wp.com\/alpoma.net\/carto\/wp-content\/uploads\/2013\/08\/descubrimientos.png?resize=1400%2C800&ssl=1 4x"},"classes":[]},{"id":572,"url":"https:\/\/alpoma.net\/carto\/?p=572","url_meta":{"origin":318,"position":1},"title":"La Memoria Ausente","author":"alpoma","date":"junio 30, 2008","format":false,"excerpt":"Me quito el sombrero ante esta iniciativa. Se trata de la edici\u00f3n, por parte de la Editorial 4 Gatos, de una obra sorprendente y de gran calidad: La Memoria Ausente, Cartograf\u00eda de Espa\u00f1a y Portugal en el Archivo Militar de Estocolmo, siglos XVII y XVIII. Fascinante por su contenido, admirable\u2026","rel":"","context":"En \u00abViejos mapas\u00bb","block_context":{"text":"Viejos mapas","link":"https:\/\/alpoma.net\/carto\/?cat=4"},"img":{"alt_text":"","src":"https:\/\/i0.wp.com\/alpoma.net\/carto\/wp-content\/uploads\/2008\/06\/2625532302_ee264f65c0_o.jpg?resize=350%2C200&ssl=1","width":350,"height":200,"srcset":"https:\/\/i0.wp.com\/alpoma.net\/carto\/wp-content\/uploads\/2008\/06\/2625532302_ee264f65c0_o.jpg?resize=350%2C200&ssl=1 1x, https:\/\/i0.wp.com\/alpoma.net\/carto\/wp-content\/uploads\/2008\/06\/2625532302_ee264f65c0_o.jpg?resize=525%2C300&ssl=1 1.5x"},"classes":[]},{"id":347,"url":"https:\/\/alpoma.net\/carto\/?p=347","url_meta":{"origin":318,"position":2},"title":"Galer\u00eda de mapas","author":"alpoma","date":"mayo 26, 2007","format":false,"excerpt":"Una vez m\u00e1s, repasemos los mapas que se han acumulado en el ba\u00fal los \u00faltimos d\u00edas, sin tiempo para profundizar mucho, para que no caigan en el olvido... Wi-Fi geographies, con geosimulaciones sobre la representaci\u00f3n din\u00e1mica de redes wifi en entornos urbanos. Mapa de la poblaci\u00f3n aborigen de Australia |\u2026","rel":"","context":"En \u00abCartograf\u00eda\u00bb","block_context":{"text":"Cartograf\u00eda","link":"https:\/\/alpoma.net\/carto\/?cat=9"},"img":{"alt_text":"","src":"https:\/\/i0.wp.com\/alpoma.net\/carto\/wp-content\/uploads\/2007\/05\/514664057_f7e324accd.jpg?resize=350%2C200&ssl=1","width":350,"height":200},"classes":[]},{"id":6941,"url":"https:\/\/alpoma.net\/carto\/?p=6941","url_meta":{"origin":318,"position":3},"title":"Cuando Australia ten\u00eda un (imaginario) mar interior","author":"alpoma","date":"mayo 4, 2018","format":false,"excerpt":"\u00c9rase una vez un tipo que so\u00f1\u00f3 con conquistar territorios ignotos all\u00e1 en el gran sur, en el nov\u00edsimo continente de Australia. Hay que reconocer que ten\u00eda voluntad, pasi\u00f3n y, claro est\u00e1, mucha imaginaci\u00f3n. Se trataba de Thomas J. Maslen, que en 1828 public\u00f3 una curiosa obra, con varias ediciones\u2026","rel":"","context":"En \u00abViejos mapas\u00bb","block_context":{"text":"Viejos mapas","link":"https:\/\/alpoma.net\/carto\/?cat=4"},"img":{"alt_text":"","src":"https:\/\/i0.wp.com\/alpoma.net\/carto\/wp-content\/uploads\/2018\/05\/maslen-australia-cabecera-1.jpg?resize=350%2C200&ssl=1","width":350,"height":200,"srcset":"https:\/\/i0.wp.com\/alpoma.net\/carto\/wp-content\/uploads\/2018\/05\/maslen-australia-cabecera-1.jpg?resize=350%2C200&ssl=1 1x, https:\/\/i0.wp.com\/alpoma.net\/carto\/wp-content\/uploads\/2018\/05\/maslen-australia-cabecera-1.jpg?resize=525%2C300&ssl=1 1.5x, https:\/\/i0.wp.com\/alpoma.net\/carto\/wp-content\/uploads\/2018\/05\/maslen-australia-cabecera-1.jpg?resize=700%2C400&ssl=1 2x"},"classes":[]},{"id":3913,"url":"https:\/\/alpoma.net\/carto\/?p=3913","url_meta":{"origin":318,"position":4},"title":"La Tierra sin oc\u00e9anos (1694)","author":"alpoma","date":"abril 29, 2013","format":false,"excerpt":"Esta curiosa vista de nuestro planeta llega gracias a Ptak Science Books y me ha sorprendido. De acuerdo, mapas en los que se imagine la Tierra sin oc\u00e9anos hay muchos pero, \u00a1estamos hablando de finales del siglo XVII! Muy audaz para la \u00e9poca, se puede ver California como una isla,\u2026","rel":"","context":"En \u00abViejos mapas\u00bb","block_context":{"text":"Viejos mapas","link":"https:\/\/alpoma.net\/carto\/?cat=4"},"img":{"alt_text":"","src":"https:\/\/i0.wp.com\/alpoma.net\/carto\/wp-content\/uploads\/2013\/04\/mapa_burnet.jpg?resize=350%2C200&ssl=1","width":350,"height":200,"srcset":"https:\/\/i0.wp.com\/alpoma.net\/carto\/wp-content\/uploads\/2013\/04\/mapa_burnet.jpg?resize=350%2C200&ssl=1 1x, https:\/\/i0.wp.com\/alpoma.net\/carto\/wp-content\/uploads\/2013\/04\/mapa_burnet.jpg?resize=525%2C300&ssl=1 1.5x"},"classes":[]},{"id":7141,"url":"https:\/\/alpoma.net\/carto\/?p=7141","url_meta":{"origin":318,"position":5},"title":"Una perspectiva austral (McArthur\u2019s Universal Corrective Map)","author":"alpoma","date":"septiembre 23, 2018","format":false,"excerpt":"V\u00eda Twitter me lleg\u00f3 una petici\u00f3n la semana pasada acerca de bibliograf\u00eda sobre mapas que no fueran \"euroc\u00e9ntricos\". Eso me hizo recordar la historia de cierto australiano que se cans\u00f3 de ver mapas con el norte en la parte superior y centrados en Europa. Naturalmente, un mapa refleja el punto\u2026","rel":"","context":"En \u00abCartograf\u00eda\u00bb","block_context":{"text":"Cartograf\u00eda","link":"https:\/\/alpoma.net\/carto\/?cat=9"},"img":{"alt_text":"","src":"https:\/\/i0.wp.com\/alpoma.net\/carto\/wp-content\/uploads\/2018\/09\/austral.png?resize=350%2C200&ssl=1","width":350,"height":200},"classes":[]}],"jetpack_sharing_enabled":true,"_links":{"self":[{"href":"https:\/\/alpoma.net\/carto\/index.php?rest_route=\/wp\/v2\/posts\/318","targetHints":{"allow":["GET"]}}],"collection":[{"href":"https:\/\/alpoma.net\/carto\/index.php?rest_route=\/wp\/v2\/posts"}],"about":[{"href":"https:\/\/alpoma.net\/carto\/index.php?rest_route=\/wp\/v2\/types\/post"}],"author":[{"embeddable":true,"href":"https:\/\/alpoma.net\/carto\/index.php?rest_route=\/wp\/v2\/users\/1"}],"replies":[{"embeddable":true,"href":"https:\/\/alpoma.net\/carto\/index.php?rest_route=%2Fwp%2Fv2%2Fcomments&post=318"}],"version-history":[{"count":0,"href":"https:\/\/alpoma.net\/carto\/index.php?rest_route=\/wp\/v2\/posts\/318\/revisions"}],"wp:attachment":[{"href":"https:\/\/alpoma.net\/carto\/index.php?rest_route=%2Fwp%2Fv2%2Fmedia&parent=318"}],"wp:term":[{"taxonomy":"category","embeddable":true,"href":"https:\/\/alpoma.net\/carto\/index.php?rest_route=%2Fwp%2Fv2%2Fcategories&post=318"},{"taxonomy":"post_tag","embeddable":true,"href":"https:\/\/alpoma.net\/carto\/index.php?rest_route=%2Fwp%2Fv2%2Ftags&post=318"}],"curies":[{"name":"wp","href":"https:\/\/api.w.org\/{rel}","templated":true}]}}