{"id":315,"date":"2007-03-21T12:37:42","date_gmt":"2007-03-21T10:37:42","guid":{"rendered":"http:\/\/alpoma.net\/carto\/?p=315"},"modified":"2007-03-21T12:37:48","modified_gmt":"2007-03-21T10:37:48","slug":"dia-forestal-mundial","status":"publish","type":"post","link":"https:\/\/alpoma.net\/carto\/?p=315","title":{"rendered":"D\u00eda forestal mundial"},"content":{"rendered":"<p>Hoy, 21 de marzo, tal y como se viene haciendo desde 1971, fecha en que la <strong>Organizaci\u00f3n de las Naciones Unidas para la Agricultura y la Alimentaci\u00f3n<\/strong> (FAO) decidi\u00f3 celebrar, cada a\u00f1o, una jornada especial dedicada a la difusi\u00f3n del conocimiento sobre nuestros bosques y las amenazas a las que se ven sometidos, aparecen en casi todos los <strong><a href=\"http:\/\/news.google.es\/news?q=D%C3%ADa%20Forestal%20Mundial&#038;hl=es&#038;client=firefox-a&#038;rls=org.mozilla:es-ES:official&#038;hs=D4H&#038;sa=N&#038;ie=UTF-8&#038;oe=UTF-8&#038;um=1&#038;tab=wn\">medios de comunicaci\u00f3n<\/a><\/strong> cartas, art\u00edculos y reportajes sobre bosques, incendios, cambio clim\u00e1tico&#8230; para desaparecer ma\u00f1ana de esos mismos medios. No es que piense que eso de los \u00abd\u00edas de&#8230;\u00bb no sirvan para nada, pero casi, porque sobre todo tienen la utilidad de ser una excusa publicitaria m\u00e1s para algunos interesados y, por lo dem\u00e1s, pr\u00e1cticamente carecen de m\u00e1s substancia dado que el resto del a\u00f1o apenas aparecen referencias serias sobre los verdaderos problemas que, se supone, se \u00abcelebran\u00bb esos d\u00edas marcados en rojo.<\/p>\n","protected":false},"excerpt":{"rendered":"<div class=\"mh-excerpt\"><p>Hoy, 21 de marzo, tal y como se viene haciendo desde 1971, fecha en que la Organizaci\u00f3n de las Naciones Unidas para la Agricultura y <a class=\"mh-excerpt-more\" href=\"https:\/\/alpoma.net\/carto\/?p=315\" title=\"D\u00eda forestal mundial\">[&#8230;]<\/a><\/p>\n<\/div>","protected":false},"author":1,"featured_media":0,"comment_status":"open","ping_status":"open","sticky":false,"template":"","format":"standard","meta":{"jetpack_post_was_ever_published":false,"_jetpack_newsletter_access":"","_jetpack_dont_email_post_to_subs":false,"_jetpack_newsletter_tier_id":0,"_jetpack_memberships_contains_paywalled_content":false,"_jetpack_memberships_contains_paid_content":false,"footnotes":""},"categories":[1],"tags":[],"class_list":["post-315","post","type-post","status-publish","format-standard","hentry","category-general"],"jetpack_featured_media_url":"","jetpack_shortlink":"https:\/\/wp.me\/p93Co9-55","jetpack-related-posts":[{"id":2871,"url":"https:\/\/alpoma.net\/carto\/?p=2871","url_meta":{"origin":315,"position":0},"title":"Mapa de la URSS como joya gigante","author":"alpoma","date":"noviembre 16, 2011","format":false,"excerpt":"No sabr\u00eda decir si es demasiado recargado, aunque de lo que no cabe duda es que se trat\u00f3 de un signo de ostentaci\u00f3n, casi como un desaf\u00edo, t\u00edpico de cierta \u00e9poca en la Uni\u00f3n Sovi\u00e9tica. Se trata de un gran mapa de la URSS realizado a modo de mosaico, como\u2026","rel":"","context":"En \u00abMiscel\u00e1nea\u00bb","block_context":{"text":"Miscel\u00e1nea","link":"https:\/\/alpoma.net\/carto\/?cat=1"},"img":{"alt_text":"","src":"https:\/\/i0.wp.com\/alpoma.net\/carto\/wp-content\/uploads\/2011\/11\/6349614649_648acb9a08_z.jpg?resize=350%2C200&ssl=1","width":350,"height":200,"srcset":"https:\/\/i0.wp.com\/alpoma.net\/carto\/wp-content\/uploads\/2011\/11\/6349614649_648acb9a08_z.jpg?resize=350%2C200&ssl=1 1x, https:\/\/i0.wp.com\/alpoma.net\/carto\/wp-content\/uploads\/2011\/11\/6349614649_648acb9a08_z.jpg?resize=525%2C300&ssl=1 1.5x"},"classes":[]},{"id":7003,"url":"https:\/\/alpoma.net\/carto\/?p=7003","url_meta":{"origin":315,"position":1},"title":"Un mapa de los \u00abMundos Perdidos\u00bb","author":"alpoma","date":"mayo 30, 2018","format":false,"excerpt":"Vale, lo de \"Mundos Perdidos\" es muy sonoro pero no dice gran cosa, as\u00ed que toca explicarlo porque tiene mucha miga. All\u00e1 por el a\u00f1o 2012 publiqu\u00e9 mi novela El viaje de Argos. Uno de los protagonistas de ese libro es un viejo mapa, Septentrionalium Terrarum descriptio, obra de Mercator\u2026","rel":"","context":"En \u00abCartograf\u00eda\u00bb","block_context":{"text":"Cartograf\u00eda","link":"https:\/\/alpoma.net\/carto\/?cat=9"},"img":{"alt_text":"","src":"https:\/\/i0.wp.com\/alpoma.net\/carto\/wp-content\/uploads\/2018\/05\/34968f523a6b03277eb7e4152e3708a7_original.jpg?resize=350%2C200&ssl=1","width":350,"height":200,"srcset":"https:\/\/i0.wp.com\/alpoma.net\/carto\/wp-content\/uploads\/2018\/05\/34968f523a6b03277eb7e4152e3708a7_original.jpg?resize=350%2C200&ssl=1 1x, https:\/\/i0.wp.com\/alpoma.net\/carto\/wp-content\/uploads\/2018\/05\/34968f523a6b03277eb7e4152e3708a7_original.jpg?resize=525%2C300&ssl=1 1.5x"},"classes":[]},{"id":7924,"url":"https:\/\/alpoma.net\/carto\/?p=7924","url_meta":{"origin":315,"position":2},"title":"Itiner-e, el mapa de carreteras del Imperio Romano del que todo el mundo habla","author":"alpoma","date":"noviembre 13, 2025","format":false,"excerpt":"No es com\u00fan que un tema cartogr\u00e1fico aparezca en prensa y, mucho menos, que te lo encuentres por todas partes. Pero eso es lo que ha sucedido con el proyecto Itiner-e. En los \u00faltimos a\u00f1os nos hemos acostumbrado a ver mapas de todo tipo, como por ejemplo mapas de tr\u00e1fico\u2026","rel":"","context":"En \u00abViejos mapas\u00bb","block_context":{"text":"Viejos mapas","link":"https:\/\/alpoma.net\/carto\/?cat=4"},"img":{"alt_text":"","src":"https:\/\/i0.wp.com\/alpoma.net\/carto\/wp-content\/uploads\/2025\/11\/dgrthves.jpg?resize=350%2C200&ssl=1","width":350,"height":200,"srcset":"https:\/\/i0.wp.com\/alpoma.net\/carto\/wp-content\/uploads\/2025\/11\/dgrthves.jpg?resize=350%2C200&ssl=1 1x, https:\/\/i0.wp.com\/alpoma.net\/carto\/wp-content\/uploads\/2025\/11\/dgrthves.jpg?resize=525%2C300&ssl=1 1.5x, https:\/\/i0.wp.com\/alpoma.net\/carto\/wp-content\/uploads\/2025\/11\/dgrthves.jpg?resize=700%2C400&ssl=1 2x"},"classes":[]},{"id":776,"url":"https:\/\/alpoma.net\/carto\/?p=776","url_meta":{"origin":315,"position":3},"title":"Calentar el polo a sabiendas","author":"alpoma","date":"marzo 13, 2009","format":false,"excerpt":"Lo que cambian las cosas. Hace unos d\u00edas encontr\u00e9 el viejo recorte que he colocado m\u00e1s abajo. Ahora que uno de los temas de preocupaci\u00f3n mundial es el calentamiento global y aparecen decenas de ideas sobre c\u00f3mo controlar o contener sus efectos, resulta de un contraste chocante ver c\u00f3mo hace\u2026","rel":"","context":"En \u00abViejos mapas\u00bb","block_context":{"text":"Viejos mapas","link":"https:\/\/alpoma.net\/carto\/?cat=4"},"img":{"alt_text":"","src":"https:\/\/i0.wp.com\/alpoma.net\/carto\/wp-content\/uploads\/2009\/03\/3351600777_888061b5d2_o.jpg?resize=350%2C200&ssl=1","width":350,"height":200,"srcset":"https:\/\/i0.wp.com\/alpoma.net\/carto\/wp-content\/uploads\/2009\/03\/3351600777_888061b5d2_o.jpg?resize=350%2C200&ssl=1 1x, https:\/\/i0.wp.com\/alpoma.net\/carto\/wp-content\/uploads\/2009\/03\/3351600777_888061b5d2_o.jpg?resize=525%2C300&ssl=1 1.5x"},"classes":[]},{"id":3756,"url":"https:\/\/alpoma.net\/carto\/?p=3756","url_meta":{"origin":315,"position":4},"title":"Un mapa y 341.817.095 puntos","author":"alpoma","date":"enero 6, 2013","format":false,"excerpt":"Un buen d\u00eda se le ocurri\u00f3 a Brandon Martin-Anderson, cart\u00f3grafo, pensar qu\u00e9 suceder\u00eda si empleando herramientas inform\u00e1ticas (en concreto, y para este caso, un script en Python y Processing para generar los mosaicos de imagen) se representa el grueso de los datos censales. El resultado es esta peque\u00f1a maravilla que\u2026","rel":"","context":"En \u00abExperimentos\u00bb","block_context":{"text":"Experimentos","link":"https:\/\/alpoma.net\/carto\/?cat=10"},"img":{"alt_text":"","src":"https:\/\/i0.wp.com\/alpoma.net\/carto\/wp-content\/uploads\/2013\/01\/8354707386_492e36429f_o.jpg?resize=350%2C200&ssl=1","width":350,"height":200,"srcset":"https:\/\/i0.wp.com\/alpoma.net\/carto\/wp-content\/uploads\/2013\/01\/8354707386_492e36429f_o.jpg?resize=350%2C200&ssl=1 1x, https:\/\/i0.wp.com\/alpoma.net\/carto\/wp-content\/uploads\/2013\/01\/8354707386_492e36429f_o.jpg?resize=525%2C300&ssl=1 1.5x"},"classes":[]},{"id":6308,"url":"https:\/\/alpoma.net\/carto\/?p=6308","url_meta":{"origin":315,"position":5},"title":"Los Caminos de Santiago en KML","author":"alpoma","date":"octubre 17, 2015","format":false,"excerpt":"Este verano compr\u00e9 en la tienda de recuerdos del Monasterio de San Zoilo en Carri\u00f3n de los Condes, Palencia, un mapa impreso de gran formato editado por el Ministerio de Fomento en el que aparecen marcadas diversas rutas del Camino de Santiago. S\u00ed, porque como sabr\u00e1 el buen peregrino, no\u2026","rel":"","context":"En \u00abEn l\u00ednea\u00bb","block_context":{"text":"En l\u00ednea","link":"https:\/\/alpoma.net\/carto\/?cat=5"},"img":{"alt_text":"","src":"https:\/\/i0.wp.com\/alpoma.net\/carto\/wp-content\/uploads\/2015\/10\/camino_del_norte.jpg?resize=350%2C200&ssl=1","width":350,"height":200},"classes":[]}],"jetpack_sharing_enabled":true,"_links":{"self":[{"href":"https:\/\/alpoma.net\/carto\/index.php?rest_route=\/wp\/v2\/posts\/315","targetHints":{"allow":["GET"]}}],"collection":[{"href":"https:\/\/alpoma.net\/carto\/index.php?rest_route=\/wp\/v2\/posts"}],"about":[{"href":"https:\/\/alpoma.net\/carto\/index.php?rest_route=\/wp\/v2\/types\/post"}],"author":[{"embeddable":true,"href":"https:\/\/alpoma.net\/carto\/index.php?rest_route=\/wp\/v2\/users\/1"}],"replies":[{"embeddable":true,"href":"https:\/\/alpoma.net\/carto\/index.php?rest_route=%2Fwp%2Fv2%2Fcomments&post=315"}],"version-history":[{"count":0,"href":"https:\/\/alpoma.net\/carto\/index.php?rest_route=\/wp\/v2\/posts\/315\/revisions"}],"wp:attachment":[{"href":"https:\/\/alpoma.net\/carto\/index.php?rest_route=%2Fwp%2Fv2%2Fmedia&parent=315"}],"wp:term":[{"taxonomy":"category","embeddable":true,"href":"https:\/\/alpoma.net\/carto\/index.php?rest_route=%2Fwp%2Fv2%2Fcategories&post=315"},{"taxonomy":"post_tag","embeddable":true,"href":"https:\/\/alpoma.net\/carto\/index.php?rest_route=%2Fwp%2Fv2%2Ftags&post=315"}],"curies":[{"name":"wp","href":"https:\/\/api.w.org\/{rel}","templated":true}]}}