{"id":314,"date":"2007-03-20T15:37:59","date_gmt":"2007-03-20T13:37:59","guid":{"rendered":"http:\/\/alpoma.net\/carto\/?p=314"},"modified":"2007-03-20T15:44:12","modified_gmt":"2007-03-20T13:44:12","slug":"animaciones-sobre-los-gases-de-efecto-invernadero","status":"publish","type":"post","link":"https:\/\/alpoma.net\/carto\/?p=314","title":{"rendered":"Animaciones sobre los gases de efecto invernadero"},"content":{"rendered":"<p>Utilizando informaci\u00f3n del sat\u00e9lite Envisat, la Agencia Espacial Europea (ESA) ha desarrollado las primeras animaciones sobre la distribuci\u00f3n de gases de invernadero en la atm\u00f3sfera terrestre:<\/p>\n<blockquote><p>Los cient\u00edficos han producido las primeras pel\u00edculas que muestran la distribuci\u00f3n mundial de los gases de efecto invernadero m\u00e1s importantes, el di\u00f3xido de carbono y el metano, que contribuyen al calentamiento del planeta. Se han basado para ello en tres a\u00f1os de observaciones realizadas por el espectr\u00f3metro SCIAMACHY, a bordo del sat\u00e9lite Envisat de la ESA.<\/p>\n<p><img decoding=\"async\" src=\"http:\/\/farm1.static.flickr.com\/162\/428077010_8faa2ac0dc_o.gif\" alt=\"animaci\u00f3n\" class=\"otros\"\/>\n <\/p><\/blockquote>\n<p><strong>M\u00e1s info<\/strong>: <a href=\"http:\/\/www.esa.int\/esaCP\/SEMB8XQ08ZE_Spain_0.html\">Portal ESA<\/a><\/p>\n","protected":false},"excerpt":{"rendered":"<div class=\"mh-excerpt\"><p>Utilizando informaci\u00f3n del sat\u00e9lite Envisat, la Agencia Espacial Europea (ESA) ha desarrollado las primeras animaciones sobre la distribuci\u00f3n de gases de invernadero en la atm\u00f3sfera <a class=\"mh-excerpt-more\" href=\"https:\/\/alpoma.net\/carto\/?p=314\" title=\"Animaciones sobre los gases de efecto invernadero\">[&#8230;]<\/a><\/p>\n<\/div>","protected":false},"author":1,"featured_media":5018,"comment_status":"open","ping_status":"open","sticky":false,"template":"","format":"standard","meta":{"jetpack_post_was_ever_published":false,"_jetpack_newsletter_access":"","_jetpack_dont_email_post_to_subs":false,"_jetpack_newsletter_tier_id":0,"_jetpack_memberships_contains_paywalled_content":false,"_jetpack_memberships_contains_paid_content":false,"footnotes":""},"categories":[1,3],"tags":[],"class_list":["post-314","post","type-post","status-publish","format-standard","has-post-thumbnail","hentry","category-general","category-teledeteccion"],"jetpack_featured_media_url":"https:\/\/alpoma.net\/carto\/wp-content\/uploads\/2007\/03\/428077010_8faa2ac0dc_o.gif","jetpack_shortlink":"https:\/\/wp.me\/p93Co9-54","jetpack-related-posts":[{"id":282,"url":"https:\/\/alpoma.net\/carto\/?p=282","url_meta":{"origin":314,"position":0},"title":"MIRAVI, la Tierra en \u00abtiempo real\u00bb","author":"alpoma","date":"diciembre 6, 2006","format":false,"excerpt":"S\u00ed, he comentado muchas veces que \"tiempo real\", cuando se trata de tomas de sat\u00e9lite, es algo muy relativo. Sin embargo, la Agencia Espacial Europea est\u00e1 empe\u00f1ada en hacer llegar a todo el mundo im\u00e1genes de sat\u00e9lite tomadas recientemente, vamos, como dicen ellos, \"casi\" en tiempo real. En verdad, una\u2026","rel":"","context":"En \u00abEn l\u00ednea\u00bb","block_context":{"text":"En l\u00ednea","link":"https:\/\/alpoma.net\/carto\/?cat=5"},"img":{"alt_text":"","src":"","width":0,"height":0},"classes":[]},{"id":830,"url":"https:\/\/alpoma.net\/carto\/?p=830","url_meta":{"origin":314,"position":1},"title":"Europa unida","author":"alpoma","date":"junio 12, 2009","format":false,"excerpt":"La Agencia Espacial Europea (ESA), ha presentado un impresionante mosaico de Europa realizado gracias a la uni\u00f3n de im\u00e1genes adquiridas en julio de 2007 por el sat\u00e9lite Envisat a trav\u00e9s de su c\u00e1mara MERIS (Medium Resolution Imaging Spectrometer instrument). En el texto explicativo difundido por la ESA se percibe cierto\u2026","rel":"","context":"En \u00abTeledetecci\u00f3n\u00bb","block_context":{"text":"Teledetecci\u00f3n","link":"https:\/\/alpoma.net\/carto\/?cat=3"},"img":{"alt_text":"","src":"https:\/\/i0.wp.com\/alpoma.net\/carto\/wp-content\/uploads\/2009\/06\/3619552065_8f4c0cdafd_o.jpg?resize=350%2C200&ssl=1","width":350,"height":200,"srcset":"https:\/\/i0.wp.com\/alpoma.net\/carto\/wp-content\/uploads\/2009\/06\/3619552065_8f4c0cdafd_o.jpg?resize=350%2C200&ssl=1 1x, https:\/\/i0.wp.com\/alpoma.net\/carto\/wp-content\/uploads\/2009\/06\/3619552065_8f4c0cdafd_o.jpg?resize=525%2C300&ssl=1 1.5x"},"classes":[]},{"id":786,"url":"https:\/\/alpoma.net\/carto\/?p=786","url_meta":{"origin":314,"position":2},"title":"Contrails sobre el oc\u00e9ano","author":"alpoma","date":"marzo 27, 2009","format":false,"excerpt":"Bajo determinadas condiciones atmosf\u00e9ricas, los gases de combusti\u00f3n producidos por los aviones a reacci\u00f3n cristalizan en forma de hielo y crean estelas de condensaci\u00f3n conocidas como contrails. Lo que muestra esta imagen tomada por el Medium Resolution Imaging Spectrometer (MERIS), a bordo del Envisat, el 2 de marzo de 2009,\u2026","rel":"","context":"En \u00abTeledetecci\u00f3n\u00bb","block_context":{"text":"Teledetecci\u00f3n","link":"https:\/\/alpoma.net\/carto\/?cat=3"},"img":{"alt_text":"","src":"https:\/\/i0.wp.com\/alpoma.net\/carto\/wp-content\/uploads\/2009\/03\/3389553701_13c32fb923_o.jpg?resize=350%2C200&ssl=1","width":350,"height":200,"srcset":"https:\/\/i0.wp.com\/alpoma.net\/carto\/wp-content\/uploads\/2009\/03\/3389553701_13c32fb923_o.jpg?resize=350%2C200&ssl=1 1x, https:\/\/i0.wp.com\/alpoma.net\/carto\/wp-content\/uploads\/2009\/03\/3389553701_13c32fb923_o.jpg?resize=525%2C300&ssl=1 1.5x"},"classes":[]},{"id":102,"url":"https:\/\/alpoma.net\/carto\/?p=102","url_meta":{"origin":314,"position":3},"title":"Indicadores clim\u00e1ticos (CAIT)","author":"alpoma","date":"febrero 5, 2006","format":false,"excerpt":"El Climate Analysis Indicators Tool , es una base de datos consultable en l\u00ednea que contiene gran cantidad de informaci\u00f3n acerca de variables clim\u00e1ticas e indicadores sobre la emisi\u00f3n de gases de invernadero y muchas otras variables de int\u00e9r\u00e9s para todo aquel interesado en el cambio clim\u00e1tico: --> CAIT World\u2026","rel":"","context":"En \u00abGeograf\u00eda\u00bb","block_context":{"text":"Geograf\u00eda","link":"https:\/\/alpoma.net\/carto\/?cat=7"},"img":{"alt_text":"","src":"","width":0,"height":0},"classes":[]},{"id":819,"url":"https:\/\/alpoma.net\/carto\/?p=819","url_meta":{"origin":314,"position":4},"title":"Mapa de tr\u00e1fico mar\u00edtimo en Europa","author":"alpoma","date":"mayo 24, 2009","format":false,"excerpt":"Gracias a datos de sat\u00e9lite, en concreto una serie de siete a\u00f1os de datos de radar del Envisat, la Agencia Espacial Europea (ESA) ha elaborado un mapa que muestra la densidad de rutas de navegaci\u00f3n en Europa. Se trata de la primera vez que se regoge en un mapa una\u2026","rel":"","context":"En \u00abCartograf\u00eda\u00bb","block_context":{"text":"Cartograf\u00eda","link":"https:\/\/alpoma.net\/carto\/?cat=9"},"img":{"alt_text":"","src":"https:\/\/i0.wp.com\/alpoma.net\/carto\/wp-content\/uploads\/2009\/05\/3559776646_0d9a18fdd4_o.jpg?resize=350%2C200&ssl=1","width":350,"height":200,"srcset":"https:\/\/i0.wp.com\/alpoma.net\/carto\/wp-content\/uploads\/2009\/05\/3559776646_0d9a18fdd4_o.jpg?resize=350%2C200&ssl=1 1x, https:\/\/i0.wp.com\/alpoma.net\/carto\/wp-content\/uploads\/2009\/05\/3559776646_0d9a18fdd4_o.jpg?resize=525%2C300&ssl=1 1.5x"},"classes":[]},{"id":754,"url":"https:\/\/alpoma.net\/carto\/?p=754","url_meta":{"origin":314,"position":5},"title":"Las Islas Gal\u00e1pagos desde el Envisat","author":"alpoma","date":"febrero 1, 2009","format":false,"excerpt":"Esta imagen de la Agencia Espacial Europea (ESA) nos muestra las ecuatorianas Islas Gal\u00e1pagos, en el Oc\u00e9ano Pac\u00edfico. Se observa aqu\u00ed la mayor isla del archipi\u00e9lago, Isabela, donde se muestran cinco volcanes, de norte a sur: Lobo, Darwin, Alcedo, Sierra Negra y Cerro Azul. La toma pertenece a varios registros\u2026","rel":"","context":"En \u00abGeograf\u00eda\u00bb","block_context":{"text":"Geograf\u00eda","link":"https:\/\/alpoma.net\/carto\/?cat=7"},"img":{"alt_text":"","src":"https:\/\/i0.wp.com\/alpoma.net\/carto\/wp-content\/uploads\/2009\/02\/3244581741_b4468d3696_o.jpg?resize=350%2C200&ssl=1","width":350,"height":200,"srcset":"https:\/\/i0.wp.com\/alpoma.net\/carto\/wp-content\/uploads\/2009\/02\/3244581741_b4468d3696_o.jpg?resize=350%2C200&ssl=1 1x, https:\/\/i0.wp.com\/alpoma.net\/carto\/wp-content\/uploads\/2009\/02\/3244581741_b4468d3696_o.jpg?resize=525%2C300&ssl=1 1.5x"},"classes":[]}],"jetpack_sharing_enabled":true,"_links":{"self":[{"href":"https:\/\/alpoma.net\/carto\/index.php?rest_route=\/wp\/v2\/posts\/314","targetHints":{"allow":["GET"]}}],"collection":[{"href":"https:\/\/alpoma.net\/carto\/index.php?rest_route=\/wp\/v2\/posts"}],"about":[{"href":"https:\/\/alpoma.net\/carto\/index.php?rest_route=\/wp\/v2\/types\/post"}],"author":[{"embeddable":true,"href":"https:\/\/alpoma.net\/carto\/index.php?rest_route=\/wp\/v2\/users\/1"}],"replies":[{"embeddable":true,"href":"https:\/\/alpoma.net\/carto\/index.php?rest_route=%2Fwp%2Fv2%2Fcomments&post=314"}],"version-history":[{"count":0,"href":"https:\/\/alpoma.net\/carto\/index.php?rest_route=\/wp\/v2\/posts\/314\/revisions"}],"wp:featuredmedia":[{"embeddable":true,"href":"https:\/\/alpoma.net\/carto\/index.php?rest_route=\/wp\/v2\/media\/5018"}],"wp:attachment":[{"href":"https:\/\/alpoma.net\/carto\/index.php?rest_route=%2Fwp%2Fv2%2Fmedia&parent=314"}],"wp:term":[{"taxonomy":"category","embeddable":true,"href":"https:\/\/alpoma.net\/carto\/index.php?rest_route=%2Fwp%2Fv2%2Fcategories&post=314"},{"taxonomy":"post_tag","embeddable":true,"href":"https:\/\/alpoma.net\/carto\/index.php?rest_route=%2Fwp%2Fv2%2Ftags&post=314"}],"curies":[{"name":"wp","href":"https:\/\/api.w.org\/{rel}","templated":true}]}}