{"id":3138,"date":"2012-02-06T19:42:45","date_gmt":"2012-02-06T17:42:45","guid":{"rendered":"http:\/\/alpoma.net\/carto\/?p=3138"},"modified":"2012-02-06T19:42:45","modified_gmt":"2012-02-06T17:42:45","slug":"convocatoria-programa-completo-master-profesional-en-direccion-de-proyectos-y-servicios-geoespaciales-%e2%80%a8abierta-matricula","status":"publish","type":"post","link":"https:\/\/alpoma.net\/carto\/?p=3138","title":{"rendered":"[Convocatoria] Programa Completo M\u00e1ster Profesional en Direcci\u00f3n de Proyectos y Servicios Geoespaciales &#8211; \u2028Abierta Matr\u00edcula"},"content":{"rendered":"<p>Me hago eco de <strong>una convocatoria interesante<\/strong>:<\/p>\n<p><a href=\"http:\/\/www.flickr.com\/photos\/alpoma\/6830768775\/\" title=\"Imagen_master_alumnos, on Flickr\"><img loading=\"lazy\" decoding=\"async\" src=\"http:\/\/farm8.staticflickr.com\/7008\/6830768775_2c8e79143d_m.jpg\" width=\"240\" height=\"141\" alt=\"Imagen_master_alumnos\" class=\"dch\"\/><\/a>El <strong>Instituto Geogr\u00e1fico Nacional<\/strong> (IGN) organiza conjuntamente con la <strong>Universidad Polit\u00e9cnica de Madrid<\/strong> (UPM) el <strong>M\u00e1ster Profesional en Direcci\u00f3n de Proyectos y Gesti\u00f3n de Servicios Geoespaciales<\/strong>. Puedes consultar <strong><a href=\"http:\/\/www.02.ign.es\/ign\/resources\/actividades\/master\/PROGRAMA_COMPLETO_MASTER_DIRGEO.pdf\">en este enlace el Programa y temario completo del m\u00e1ster en PDF<\/a><\/strong>. <\/p>\n<p>El M\u00e1ster se divide en <strong><a href=\"http:\/\/www.masterdirgeo.com\/index.php\/menuprograma\">cuatro m\u00f3dulos principales<\/a><\/strong> con trabajos pr\u00e1cticos y proyecto fin de M\u00e1ster:<small><\/p>\n<ul>\n<li>1. DIRECCI\u00d3N DE PROYECTOS Y GESTI\u00d3N DE SERVICIOS GEOESPACIALES (23 ECTS) &#8211; \u2028<a href=\"http:\/\/www.masterdirgeo.com\/index.php\/menuprograma\/84-masterdirgeo\/102-programa-unidades-tematicas-unidad-1\">Ver Unidades Tem\u00e1ticas<\/a>.<\/li>\n<li>\u2028\u20282. PRODUCCI\u00d3N Y GESTI\u00d3N DE LA INFORMACI\u00d3N GEOESPACIAL (11 ECTS) &#8211; \u2028<a href=\"http:\/\/www.masterdirgeo.com\/index.php\/menuprograma\/84-masterdirgeo\/103-programa-unidades-tematicas-unidad-2\">Ver Unidades Tem\u00e1ticas<\/a>.<\/li>\n<li>3. GEOLOCALIZACI\u00d3N Y SERVICIOS M\u00d3VILES (11 ECTS), C\u00f3digo MGSM &#8211; \u2028<a href=\"http:\/\/www.masterdirgeo.com\/index.php\/menuprograma\/84-masterdirgeo\/104-programa-unidades-tematicas-unidad-3\">Ver Unidades Tem\u00e1ticas<\/a>.<\/li>\n<li>4. MEDIO AMBIENTE Y SEGURIDAD (11 ECTS), C\u00f3digo MMAS\u2028 &#8211; <a href=\"http:\/\/www.masterdirgeo.com\/index.php\/menuprograma\/84-masterdirgeo\/105-programa-unidades-tematicas-unidad-4\">Ver Unidades Tem\u00e1ticas<\/a>.<\/li>\n<\/ul>\n<p><\/small>La <strong>matr\u00edcula est\u00e1 abierta <\/strong>y se puede realizar la presincripci\u00f3n siguiendo las instrucciones detalladas del programa. \u2028\u2028<strong>El periodo lectivo es del 10 de abril al 28 de diciembre de 2012<\/strong>. \u2028\u2028El programa integra las mejores pr\u00e1cticas sobre metodolog\u00edas y t\u00e9cnicas de Direcci\u00f3n de Proyectos y Gesti\u00f3n de Servicios, con los conocimientos necesarios sobre Tecnolog\u00edas Geoespaciales. \u2028\u2028Con un enfoque empresarial y pr\u00e1ctico, el m\u00e1ster pretende contribuir al desarrollo del sector mediante la revisi\u00f3n y puesta al d\u00eda de est\u00e1ndares y sistemas de calidad (INSPIRE, OGC, ISO, LISIGE&#8230;) \u2028M\u00e1s informaci\u00f3n e inscripciones en la web oficial del M\u00e1ster: <strong><a href=\"http:\/\/www.masterdirgeo.com\">www.masterdirgeo.com<\/a><\/strong>.<\/p>\n","protected":false},"excerpt":{"rendered":"<div class=\"mh-excerpt\"><p>Me hago eco de una convocatoria interesante: El Instituto Geogr\u00e1fico Nacional (IGN) organiza conjuntamente con la Universidad Polit\u00e9cnica de Madrid (UPM) el M\u00e1ster Profesional en <a class=\"mh-excerpt-more\" href=\"https:\/\/alpoma.net\/carto\/?p=3138\" title=\"[Convocatoria] Programa Completo M\u00e1ster Profesional en Direcci\u00f3n de Proyectos y Servicios Geoespaciales &#8211; \u2028Abierta Matr\u00edcula\">[&#8230;]<\/a><\/p>\n<\/div>","protected":false},"author":1,"featured_media":0,"comment_status":"open","ping_status":"open","sticky":false,"template":"","format":"standard","meta":{"jetpack_post_was_ever_published":false,"_jetpack_newsletter_access":"","_jetpack_dont_email_post_to_subs":false,"_jetpack_newsletter_tier_id":0,"_jetpack_memberships_contains_paywalled_content":false,"_jetpack_memberships_contains_paid_content":false,"footnotes":""},"categories":[1],"tags":[],"class_list":["post-3138","post","type-post","status-publish","format-standard","hentry","category-general"],"jetpack_featured_media_url":"","jetpack_shortlink":"https:\/\/wp.me\/p93Co9-OC","jetpack-related-posts":[{"id":2742,"url":"https:\/\/alpoma.net\/carto\/?p=2742","url_meta":{"origin":3138,"position":0},"title":"M\u00e1ster IGN\/CNIG \u2013 UPM en Direcci\u00f3n de Proyectos y Servicios Geoespaciales","author":"alpoma","date":"septiembre 14, 2011","format":false,"excerpt":"En los \u00faltimos tiempos el panorama formativo relacionado con geotecnolog\u00edas est\u00e1 cambiando de manera muy interesante, he aqu\u00ed una convocatoria realmente atractiva: La Universidad Polit\u00e9cnica de Madrid (UPM) y el Instituto Geogr\u00e1fico Nacional (IGN)-CNIG organizan el M\u00e1ster en Direcci\u00f3n de Proyectos y Servicios Geoespaciales para promover el desarrollo profesional de\u2026","rel":"","context":"En \u00abSIG\u00bb","block_context":{"text":"SIG","link":"https:\/\/alpoma.net\/carto\/?cat=2"},"img":{"alt_text":"header_masterdirgeo","src":"https:\/\/i0.wp.com\/farm7.static.flickr.com\/6155\/6147148253_a0849dfbeb_m.jpg?resize=350%2C200","width":350,"height":200},"classes":[]},{"id":2235,"url":"https:\/\/alpoma.net\/carto\/?p=2235","url_meta":{"origin":3138,"position":1},"title":"La empresa OpenGeo ha firmado un acuerdo de colaboraci\u00f3n para Espa\u00f1a con Geodata Sistemas","author":"alpoma","date":"enero 13, 2011","format":false,"excerpt":"Me hago eco de la siguiente nota de prensa, por si es de inter\u00e9s para los lectores de La Cartoteca: El nuevo acuerdo proveer\u00e1 apoyo para OpenGeo Suite e internacionalizaci\u00f3n para usuarios de informaci\u00f3n geoespacial del pa\u00eds. Geodata Sistemas, SL, l\u00edder en servicios GIS, ha llegado a un acuerdo de\u2026","rel":"","context":"En \u00abMiscel\u00e1nea\u00bb","block_context":{"text":"Miscel\u00e1nea","link":"https:\/\/alpoma.net\/carto\/?cat=1"},"img":{"alt_text":"","src":"","width":0,"height":0},"classes":[]},{"id":661,"url":"https:\/\/alpoma.net\/carto\/?p=661","url_meta":{"origin":3138,"position":2},"title":"GeoCommons Maker!","author":"alpoma","date":"octubre 2, 2008","format":false,"excerpt":"Si tuviera que referirme a este proyecto de forma muy breve, dir\u00eda que se trata de la comidilla de la geoblogosfera. Todo el mundo habla de ello, y no sin raz\u00f3n. Acaba de nacer en medio de referencias y comentarios por todas partes. \u00bfQu\u00e9 es GeoCommons? Para empezar hay que\u2026","rel":"","context":"En \u00abEn l\u00ednea\u00bb","block_context":{"text":"En l\u00ednea","link":"https:\/\/alpoma.net\/carto\/?cat=5"},"img":{"alt_text":"","src":"","width":0,"height":0},"classes":[]},{"id":7945,"url":"https:\/\/alpoma.net\/carto\/?p=7945","url_meta":{"origin":3138,"position":3},"title":"OpenGridWorks, un alucinante mapa mundial de la energ\u00eda","author":"alpoma","date":"abril 14, 2026","format":false,"excerpt":"En el mundo cartogr\u00e1fico y de representaci\u00f3n de datos se viene hablando mucho sobre este proyecto en los \u00faltimos d\u00edas. Realmente mola un mont\u00f3n y, por eso, he estado investigando un poco sobre ello. Antes de nada, aqu\u00ed va el acceso al mapa de OpenGridWorks: https:\/\/opengridworks.com\/ La idea central consiste\u2026","rel":"","context":"En \u00abEn l\u00ednea\u00bb","block_context":{"text":"En l\u00ednea","link":"https:\/\/alpoma.net\/carto\/?cat=5"},"img":{"alt_text":"","src":"https:\/\/i0.wp.com\/alpoma.net\/carto\/wp-content\/uploads\/2026\/04\/opengridworks-scaled.png?resize=350%2C200&ssl=1","width":350,"height":200,"srcset":"https:\/\/i0.wp.com\/alpoma.net\/carto\/wp-content\/uploads\/2026\/04\/opengridworks-scaled.png?resize=350%2C200&ssl=1 1x, https:\/\/i0.wp.com\/alpoma.net\/carto\/wp-content\/uploads\/2026\/04\/opengridworks-scaled.png?resize=525%2C300&ssl=1 1.5x, https:\/\/i0.wp.com\/alpoma.net\/carto\/wp-content\/uploads\/2026\/04\/opengridworks-scaled.png?resize=700%2C400&ssl=1 2x, https:\/\/i0.wp.com\/alpoma.net\/carto\/wp-content\/uploads\/2026\/04\/opengridworks-scaled.png?resize=1050%2C600&ssl=1 3x, https:\/\/i0.wp.com\/alpoma.net\/carto\/wp-content\/uploads\/2026\/04\/opengridworks-scaled.png?resize=1400%2C800&ssl=1 4x"},"classes":[]},{"id":7097,"url":"https:\/\/alpoma.net\/carto\/?p=7097","url_meta":{"origin":3138,"position":4},"title":"Plataforma EOS: procesamiento de im\u00e1genes de sat\u00e9lite en el navegador","author":"alpoma","date":"agosto 13, 2018","format":false,"excerpt":"Recientemente recib\u00ed una invitaci\u00f3n para conocer esta plataforma de acceso a datos de sat\u00e9lite y procesamiento de los mismos. Despu\u00e9s de probarlo durante un tiempo, me he decidido a describirlo brevemente (EOS Data Analytics mantiene el proyecto en beta p\u00fablica temporalmente, por lo que se puede probar sin problemas y,\u2026","rel":"","context":"En \u00abSIG\u00bb","block_context":{"text":"SIG","link":"https:\/\/alpoma.net\/carto\/?cat=2"},"img":{"alt_text":"","src":"https:\/\/i0.wp.com\/alpoma.net\/carto\/wp-content\/uploads\/2018\/08\/EOS-logo.jpg?resize=350%2C200&ssl=1","width":350,"height":200},"classes":[]},{"id":429,"url":"https:\/\/alpoma.net\/carto\/?p=429","url_meta":{"origin":3138,"position":5},"title":"MICODATA","author":"alpoma","date":"noviembre 3, 2007","format":false,"excerpt":"Acaba de abrirse en modo Beta, esto es, en pruebas, un proyecto muy atractivo llamado MICODATA, dedicado al estudio del aprovechamiento sostenible de los hongos comestibles en Castilla y Le\u00f3n. El proyecto, digido por el Centro de Investigaci\u00f3n Forestal Valonsadero y Cesefor de la Junta de Castilla y Le\u00f3n cuenta\u2026","rel":"","context":"En \u00abEn l\u00ednea\u00bb","block_context":{"text":"En l\u00ednea","link":"https:\/\/alpoma.net\/carto\/?cat=5"},"img":{"alt_text":"","src":"","width":0,"height":0},"classes":[]}],"jetpack_sharing_enabled":true,"_links":{"self":[{"href":"https:\/\/alpoma.net\/carto\/index.php?rest_route=\/wp\/v2\/posts\/3138","targetHints":{"allow":["GET"]}}],"collection":[{"href":"https:\/\/alpoma.net\/carto\/index.php?rest_route=\/wp\/v2\/posts"}],"about":[{"href":"https:\/\/alpoma.net\/carto\/index.php?rest_route=\/wp\/v2\/types\/post"}],"author":[{"embeddable":true,"href":"https:\/\/alpoma.net\/carto\/index.php?rest_route=\/wp\/v2\/users\/1"}],"replies":[{"embeddable":true,"href":"https:\/\/alpoma.net\/carto\/index.php?rest_route=%2Fwp%2Fv2%2Fcomments&post=3138"}],"version-history":[{"count":0,"href":"https:\/\/alpoma.net\/carto\/index.php?rest_route=\/wp\/v2\/posts\/3138\/revisions"}],"wp:attachment":[{"href":"https:\/\/alpoma.net\/carto\/index.php?rest_route=%2Fwp%2Fv2%2Fmedia&parent=3138"}],"wp:term":[{"taxonomy":"category","embeddable":true,"href":"https:\/\/alpoma.net\/carto\/index.php?rest_route=%2Fwp%2Fv2%2Fcategories&post=3138"},{"taxonomy":"post_tag","embeddable":true,"href":"https:\/\/alpoma.net\/carto\/index.php?rest_route=%2Fwp%2Fv2%2Ftags&post=3138"}],"curies":[{"name":"wp","href":"https:\/\/api.w.org\/{rel}","templated":true}]}}