{"id":313,"date":"2007-03-19T13:35:49","date_gmt":"2007-03-19T11:35:49","guid":{"rendered":"http:\/\/alpoma.net\/carto\/?p=313"},"modified":"2007-03-19T13:38:47","modified_gmt":"2007-03-19T11:38:47","slug":"plano-guia-de-la-villa-de-guardo","status":"publish","type":"post","link":"https:\/\/alpoma.net\/carto\/?p=313","title":{"rendered":"Plano-Gu\u00eda de la Villa de Guardo"},"content":{"rendered":"<p>En las \u00faltimas semanas he estado realizando un plano-gu\u00eda por encargo del <strong>Ayuntamiento de Guardo<\/strong>, en Palencia, que pr\u00f3ximamente ser\u00e1 editado en papel. Aqu\u00ed est\u00e1 el resultado&#8230; \ud83d\ude09 (Puede descargarse en PDF para imprenta, 19Mb PDF desde la <a href=\"http:\/\/www.guardo.org\">web del Ayto. de Guardo<\/a>).<\/p>\n<p><a href=\"http:\/\/www.flickr.com\/photos\/alpoma\/426600775\/\" title=\"Photo Sharing\"><img loading=\"lazy\" decoding=\"async\" src=\"http:\/\/farm1.static.flickr.com\/171\/426600775_63ab7f2812.jpg\" width=\"500\" height=\"333\" alt=\"Plano-Gu\u00eda de Guardo\" class=\"otros\"\/><\/a><\/p>\n<p><strong>| <a href=\"http:\/\/flickr.com\/photo_zoom.gne?id=426600775&#038;size=o\">Ampliar plano<\/a> |<\/strong><\/p>\n","protected":false},"excerpt":{"rendered":"<div class=\"mh-excerpt\"><p>En las \u00faltimas semanas he estado realizando un plano-gu\u00eda por encargo del Ayuntamiento de Guardo, en Palencia, que pr\u00f3ximamente ser\u00e1 editado en papel. Aqu\u00ed est\u00e1 <a class=\"mh-excerpt-more\" href=\"https:\/\/alpoma.net\/carto\/?p=313\" title=\"Plano-Gu\u00eda de la Villa de Guardo\">[&#8230;]<\/a><\/p>\n<\/div>","protected":false},"author":1,"featured_media":4987,"comment_status":"open","ping_status":"open","sticky":false,"template":"","format":"standard","meta":{"jetpack_post_was_ever_published":false,"_jetpack_newsletter_access":"","_jetpack_dont_email_post_to_subs":false,"_jetpack_newsletter_tier_id":0,"_jetpack_memberships_contains_paywalled_content":false,"_jetpack_memberships_contains_paid_content":false,"footnotes":""},"categories":[9],"tags":[],"class_list":["post-313","post","type-post","status-publish","format-standard","has-post-thumbnail","hentry","category-cartografia"],"jetpack_featured_media_url":"https:\/\/alpoma.net\/carto\/wp-content\/uploads\/2007\/03\/426600775_63ab7f2812.jpg","jetpack_shortlink":"https:\/\/wp.me\/p93Co9-53","jetpack-related-posts":[{"id":415,"url":"https:\/\/alpoma.net\/carto\/?p=415","url_meta":{"origin":313,"position":0},"title":"Experimentando con Map Mixer","author":"alpoma","date":"septiembre 13, 2007","format":false,"excerpt":"No s\u00f3lo de Google viven los mapas en la Red. Yahoo, que a decir de muchos supera en este asunto a Google gracias a la calidad de Yahoo Maps, es un sistema que permite solapar a tal servicio un mapa de otro tipo, por ejemplo escaneado de papel o procedente\u2026","rel":"","context":"En \u00abCartograf\u00eda\u00bb","block_context":{"text":"Cartograf\u00eda","link":"https:\/\/alpoma.net\/carto\/?cat=9"},"img":{"alt_text":"Plano-Gu\u00eda de Guardo","src":"https:\/\/i0.wp.com\/farm1.static.flickr.com\/171\/426600775_63ab7f2812.jpg?resize=350%2C200","width":350,"height":200},"classes":[]},{"id":6216,"url":"https:\/\/alpoma.net\/carto\/?p=6216","url_meta":{"origin":313,"position":1},"title":"Un plano del siglo IX","author":"alpoma","date":"septiembre 7, 2015","format":false,"excerpt":"Le\u00eda all\u00e1 a finales de julio con asombro acerca de cierto plano de arquitect\u00f3nico que data de principios del siglo IX gracias a una anotaci\u00f3n publicada en NosoloSIG. Se afirma ah\u00ed que, muy posiblemente, se trate del plano m\u00e1s antiguo de entre los conservados actualmente. Seguramente lo sea, al menos\u2026","rel":"","context":"En \u00abViejos mapas\u00bb","block_context":{"text":"Viejos mapas","link":"https:\/\/alpoma.net\/carto\/?cat=4"},"img":{"alt_text":"","src":"https:\/\/i0.wp.com\/alpoma.net\/carto\/wp-content\/uploads\/2015\/09\/saint_gall_cabecera_cartoteca.jpg?resize=350%2C200&ssl=1","width":350,"height":200,"srcset":"https:\/\/i0.wp.com\/alpoma.net\/carto\/wp-content\/uploads\/2015\/09\/saint_gall_cabecera_cartoteca.jpg?resize=350%2C200&ssl=1 1x, https:\/\/i0.wp.com\/alpoma.net\/carto\/wp-content\/uploads\/2015\/09\/saint_gall_cabecera_cartoteca.jpg?resize=525%2C300&ssl=1 1.5x, https:\/\/i0.wp.com\/alpoma.net\/carto\/wp-content\/uploads\/2015\/09\/saint_gall_cabecera_cartoteca.jpg?resize=700%2C400&ssl=1 2x"},"classes":[]},{"id":409,"url":"https:\/\/alpoma.net\/carto\/?p=409","url_meta":{"origin":313,"position":2},"title":"Plano de la Red Ferroviaria Integrada de Madrid","author":"alpoma","date":"septiembre 5, 2007","format":false,"excerpt":"Dado que el plano oficial de la red de metro madrile\u00f1a no tiene muchos amigos, ha surgido una iniciativa de gran inter\u00e9s, encaminada a lograr un plano verdaderamente funcional que todo el mundo pueda utilizar sin problemas. As\u00ed, ha nacido el Plano de la Red Ferroviaria Integrada de Madrid, dise\u00f1ado\u2026","rel":"","context":"En \u00abCartograf\u00eda\u00bb","block_context":{"text":"Cartograf\u00eda","link":"https:\/\/alpoma.net\/carto\/?cat=9"},"img":{"alt_text":"","src":"","width":0,"height":0},"classes":[]},{"id":558,"url":"https:\/\/alpoma.net\/carto\/?p=558","url_meta":{"origin":313,"position":3},"title":"Plano de la Expo de Zaragoza","author":"alpoma","date":"junio 13, 2008","format":false,"excerpt":"Ahora que est\u00e1 a punto de comenzar la fiesta del agua, la Expo\u00b408 de Zaragoza, nada mejor que un plano del recinto para celebrar el acontecimiento: | Ver plano ampliado | Fuente: El Peri\u00f3dico de Arag\u00f3n Informaci\u00f3n complementaria: Especial de El Peri\u00f3dico de Arag\u00f3n sobre la Expo en formato PDF.","rel":"","context":"En \u00abCartograf\u00eda\u00bb","block_context":{"text":"Cartograf\u00eda","link":"https:\/\/alpoma.net\/carto\/?cat=9"},"img":{"alt_text":"","src":"https:\/\/i0.wp.com\/alpoma.net\/carto\/wp-content\/uploads\/2008\/06\/2576247372_8dba11df91.jpg?resize=350%2C200&ssl=1","width":350,"height":200},"classes":[]},{"id":343,"url":"https:\/\/alpoma.net\/carto\/?p=343","url_meta":{"origin":313,"position":4},"title":"Mapas de Rosario","author":"alpoma","date":"mayo 15, 2007","format":false,"excerpt":"No tengo mucho conocimiento sobre geograf\u00eda de Argentina, pero no por ello me deja de parecer interesante un proyecto del que acabo de tener conocimiento, sobre todo porque se trata de una idea que se puede exportar a otros lugares. Se trata de ROSARIOmapas.com, una web que, a trav\u00e9s de\u2026","rel":"","context":"En \u00abMiscel\u00e1nea\u00bb","block_context":{"text":"Miscel\u00e1nea","link":"https:\/\/alpoma.net\/carto\/?cat=1"},"img":{"alt_text":"","src":"","width":0,"height":0},"classes":[]},{"id":502,"url":"https:\/\/alpoma.net\/carto\/?p=502","url_meta":{"origin":313,"position":5},"title":"Viejos callejeros","author":"alpoma","date":"marzo 16, 2008","format":false,"excerpt":"La Gu\u00eda de libros antiguos de Baedeker contiene algunas joyas dignas de contemplar. Se trata de gran cantidad de planos y callejeros escaneados a partir de gu\u00edas de principios del siglo XX. Los Baedeker's Guidebooks, publicados en ingl\u00e9s desde mediados del siglo XIX, son una fuente de datos sobre el\u2026","rel":"","context":"En \u00abViejos mapas\u00bb","block_context":{"text":"Viejos mapas","link":"https:\/\/alpoma.net\/carto\/?cat=4"},"img":{"alt_text":"","src":"https:\/\/i0.wp.com\/alpoma.net\/carto\/wp-content\/uploads\/2008\/03\/2337933561_fb8608cee0_o.jpg?resize=350%2C200&ssl=1","width":350,"height":200,"srcset":"https:\/\/i0.wp.com\/alpoma.net\/carto\/wp-content\/uploads\/2008\/03\/2337933561_fb8608cee0_o.jpg?resize=350%2C200&ssl=1 1x, https:\/\/i0.wp.com\/alpoma.net\/carto\/wp-content\/uploads\/2008\/03\/2337933561_fb8608cee0_o.jpg?resize=525%2C300&ssl=1 1.5x"},"classes":[]}],"jetpack_sharing_enabled":true,"_links":{"self":[{"href":"https:\/\/alpoma.net\/carto\/index.php?rest_route=\/wp\/v2\/posts\/313","targetHints":{"allow":["GET"]}}],"collection":[{"href":"https:\/\/alpoma.net\/carto\/index.php?rest_route=\/wp\/v2\/posts"}],"about":[{"href":"https:\/\/alpoma.net\/carto\/index.php?rest_route=\/wp\/v2\/types\/post"}],"author":[{"embeddable":true,"href":"https:\/\/alpoma.net\/carto\/index.php?rest_route=\/wp\/v2\/users\/1"}],"replies":[{"embeddable":true,"href":"https:\/\/alpoma.net\/carto\/index.php?rest_route=%2Fwp%2Fv2%2Fcomments&post=313"}],"version-history":[{"count":0,"href":"https:\/\/alpoma.net\/carto\/index.php?rest_route=\/wp\/v2\/posts\/313\/revisions"}],"wp:featuredmedia":[{"embeddable":true,"href":"https:\/\/alpoma.net\/carto\/index.php?rest_route=\/wp\/v2\/media\/4987"}],"wp:attachment":[{"href":"https:\/\/alpoma.net\/carto\/index.php?rest_route=%2Fwp%2Fv2%2Fmedia&parent=313"}],"wp:term":[{"taxonomy":"category","embeddable":true,"href":"https:\/\/alpoma.net\/carto\/index.php?rest_route=%2Fwp%2Fv2%2Fcategories&post=313"},{"taxonomy":"post_tag","embeddable":true,"href":"https:\/\/alpoma.net\/carto\/index.php?rest_route=%2Fwp%2Fv2%2Ftags&post=313"}],"curies":[{"name":"wp","href":"https:\/\/api.w.org\/{rel}","templated":true}]}}