{"id":3126,"date":"2012-02-03T23:09:03","date_gmt":"2012-02-03T21:09:03","guid":{"rendered":"http:\/\/alpoma.net\/carto\/?p=3126"},"modified":"2012-02-03T23:09:03","modified_gmt":"2012-02-03T21:09:03","slug":"libro-gratuito-pasado-presente-y-futuro-de-las-ides","status":"publish","type":"post","link":"https:\/\/alpoma.net\/carto\/?p=3126","title":{"rendered":"[Libro gratuito] Pasado, presente y futuro de las IDEs"},"content":{"rendered":"<p><a href=\"http:\/\/www.flickr.com\/photos\/alpoma\/6813653063\/\" title=\"portada by alpoma, on Flickr\"><img loading=\"lazy\" decoding=\"async\" src=\"http:\/\/farm8.staticflickr.com\/7016\/6813653063_249b6382e2_m.jpg\" width=\"163\" height=\"240\" alt=\"portada\" class=\"dch\"\/><\/a>Lo acabo de descargar y, por lo poco que he visto hasta ahora, es realmente interesante. Se trata de un libro de <strong>Javier Valencia<\/strong> sobre Infraestructuras de Datos Espaciales que, en su versi\u00f3n digital, se puede descargar gratuitamente desde Bubok: <strong><a href=\"http:\/\/www.bubok.es\/libros\/210512\/PASADO-PRESENTE-Y-FUTURO-DE-LAS-INFRAESTRUCTURAS-DE-DATOS-ESPACIALES\">Pasado, presente y futuro de las Infraestructuras de Datos Espaciales<\/a><\/strong>. <\/p>\n<blockquote><p>Esta publicaci\u00f3n es el resultado del proyecto final del M\u00e1ster en Geotecnolog\u00edas Cartogr\u00e1ficas en Ingenier\u00eda y Arquitectura. Concebido como un proyecto de corte investigador, sirve de base para la tesis doctoral en Investigaci\u00f3n y Desarrollo en Geotecnolog\u00edas que estoy desarrollando y que se titula \u00abInfraestructuras de Datos Espaciales Tridimensionales: Hacia un modelo real de la Informaci\u00f3n Geogr\u00e1fica\u00bb. En \u201cPasado, presente y futuro de las Infraestructuras de Datos Espaciales\u201d, se pretende hacer una profunda revisi\u00f3n de lo que suponen estas herramientas, de su origen, de su estado actual y de las tendencias de futuro de las mismas. <\/p><\/blockquote>\n<p>| V\u00eda<em> Lista de correo de teledetecci\u00f3n de RedIris<\/em> |<\/p>\n","protected":false},"excerpt":{"rendered":"<div class=\"mh-excerpt\"><p>Lo acabo de descargar y, por lo poco que he visto hasta ahora, es realmente interesante. Se trata de un libro de Javier Valencia sobre <a class=\"mh-excerpt-more\" href=\"https:\/\/alpoma.net\/carto\/?p=3126\" title=\"[Libro gratuito] Pasado, presente y futuro de las IDEs\">[&#8230;]<\/a><\/p>\n<\/div>","protected":false},"author":1,"featured_media":5026,"comment_status":"open","ping_status":"open","sticky":false,"template":"","format":"standard","meta":{"jetpack_post_was_ever_published":false,"_jetpack_newsletter_access":"","_jetpack_dont_email_post_to_subs":false,"_jetpack_newsletter_tier_id":0,"_jetpack_memberships_contains_paywalled_content":false,"_jetpack_memberships_contains_paid_content":false,"footnotes":""},"categories":[2],"tags":[],"class_list":["post-3126","post","type-post","status-publish","format-standard","has-post-thumbnail","hentry","category-sig"],"jetpack_featured_media_url":"https:\/\/alpoma.net\/carto\/wp-content\/uploads\/2012\/02\/6813653063_249b6382e2_m.jpg","jetpack_shortlink":"https:\/\/wp.me\/p93Co9-Oq","jetpack-related-posts":[{"id":2160,"url":"https:\/\/alpoma.net\/carto\/?p=2160","url_meta":{"origin":3126,"position":0},"title":"[Libro] Tratamiento de datos espaciales en hidrolog\u00eda","author":"alpoma","date":"diciembre 20, 2010","format":false,"excerpt":"Antes de nada, quiero agradecer a Jorge del R\u00edo San Jos\u00e9 el gesto de haberme regalado un ejemplar de su nuevo y magn\u00edfico libro: Introducci\u00f3n al tratamiento de datos espaciales en hidrolog\u00eda Quiero recordar que Jorge, adem\u00e1s de ser conocido en la geoblogosfera como padre de El mundo de los\u2026","rel":"","context":"En \u00abSIG\u00bb","block_context":{"text":"SIG","link":"https:\/\/alpoma.net\/carto\/?cat=2"},"img":{"alt_text":"intro_hidrologia","src":"https:\/\/i0.wp.com\/farm6.static.flickr.com\/5170\/5277967126_dcbdf8cf50_o.jpg?resize=350%2C200","width":350,"height":200},"classes":[]},{"id":339,"url":"https:\/\/alpoma.net\/carto\/?p=339","url_meta":{"origin":3126,"position":1},"title":"Curso de verano","author":"alpoma","date":"mayo 11, 2007","format":false,"excerpt":"Hay muchas cosas t\u00edpicas de los veranos. Los cursos universitarios emplazados en tales fechas son algo ya tradicional. Toda universidad que se precie tiene su ciclo de conferencias, sus talleres, congresos... Me ha llamado la atenci\u00f3n un curso, para el que no se requieren especiales conocimiento geogr\u00e1ficos, patrocinado por la\u2026","rel":"","context":"En \u00abEn l\u00ednea\u00bb","block_context":{"text":"En l\u00ednea","link":"https:\/\/alpoma.net\/carto\/?cat=5"},"img":{"alt_text":"","src":"","width":0,"height":0},"classes":[]},{"id":2587,"url":"https:\/\/alpoma.net\/carto\/?p=2587","url_meta":{"origin":3126,"position":2},"title":"Nuevos cursos e-learning, DMS Group","author":"alpoma","date":"mayo 24, 2011","format":false,"excerpt":"Me hago eco de una nueva oferta formativa realmente interesante: DMS Group, empresa especializada en Infraestructuras de Datos Espaciales y Sistemas de Informaci\u00f3n Geogr\u00e1fica, lanza nuevos cursos de formaci\u00f3n e-learning. Nuestros a\u00f1os de experiencia y los trabajos realizados con el Instituto Geogr\u00e1fico Nacional, Instituto Geol\u00f3gico y Minero de Espa\u00f1a, Ministerio\u2026","rel":"","context":"En \u00abEn l\u00ednea\u00bb","block_context":{"text":"En l\u00ednea","link":"https:\/\/alpoma.net\/carto\/?cat=5"},"img":{"alt_text":"","src":"https:\/\/i0.wp.com\/alpoma.net\/carto\/wp-content\/uploads\/2011\/05\/5755335058_057b3f7683_o.jpg?resize=350%2C200&ssl=1","width":350,"height":200,"srcset":"https:\/\/i0.wp.com\/alpoma.net\/carto\/wp-content\/uploads\/2011\/05\/5755335058_057b3f7683_o.jpg?resize=350%2C200&ssl=1 1x, https:\/\/i0.wp.com\/alpoma.net\/carto\/wp-content\/uploads\/2011\/05\/5755335058_057b3f7683_o.jpg?resize=525%2C300&ssl=1 1.5x"},"classes":[]},{"id":86,"url":"https:\/\/alpoma.net\/carto\/?p=86","url_meta":{"origin":3126,"position":3},"title":"GeoLivre Linux","author":"alpoma","date":"enero 22, 2006","format":false,"excerpt":"Ya est\u00e1 disponible libremente la distribuci\u00f3n Linux para aplicaciones en el \u00e1rea de las geotecnolog\u00edas Geolivre Linux, basada en Kurumin 5.0 y que, al contrario que GIS-Knoppix, est\u00e1 disponible gratuitamente. Entre las aplicaciones que incluye, pueden destacarse: - UMN MapServer, una API para desarrollo de aplicaciones GIS basadas en web.\u2026","rel":"","context":"En \u00abMiscel\u00e1nea\u00bb","block_context":{"text":"Miscel\u00e1nea","link":"https:\/\/alpoma.net\/carto\/?cat=1"},"img":{"alt_text":"","src":"","width":0,"height":0},"classes":[]},{"id":3654,"url":"https:\/\/alpoma.net\/carto\/?p=3654","url_meta":{"origin":3126,"position":4},"title":"Disponible para descarga el libro del Blog IDEE","author":"alpoma","date":"octubre 31, 2012","format":false,"excerpt":"El blog de la comunidad de la Infraestructura de Datos Espaciales de Espa\u00f1a (IDEE) es uno de los principales referentes de los medios online relacionados con las geotecnolog\u00edas en espa\u00f1ol. Por eso, me ha alegrado mucho que hayan creado una selecci\u00f3n con lo mejor del contenido que han venido publicando\u2026","rel":"","context":"En \u00abEn l\u00ednea\u00bb","block_context":{"text":"En l\u00ednea","link":"https:\/\/alpoma.net\/carto\/?cat=5"},"img":{"alt_text":"Libro Blog IDEE","src":"https:\/\/i0.wp.com\/alpoma.net\/carto\/wp-content\/uploads\/2012\/10\/libro_blog_idee-237x300.png?resize=350%2C200","width":350,"height":200},"classes":[]},{"id":2733,"url":"https:\/\/alpoma.net\/carto\/?p=2733","url_meta":{"origin":3126,"position":5},"title":"[Convocatoria] Cursos e-learning de DMS Group","author":"alpoma","date":"septiembre 9, 2011","format":false,"excerpt":"Me llega una convocatoria que creo puede ser de inter\u00e9s de muchos lectores de La Cartoteca. Y ya aprovecho para comentar que, en breve, este blog volver\u00e1 a su ritmo habitual de publicaci\u00f3n, despu\u00e9s del peque\u00f1o desierto de las \u00faltimas semanas en las que no he tenido tiempo de casi\u2026","rel":"","context":"En \u00abEn l\u00ednea\u00bb","block_context":{"text":"En l\u00ednea","link":"https:\/\/alpoma.net\/carto\/?cat=5"},"img":{"alt_text":"dms_group","src":"https:\/\/i0.wp.com\/farm7.static.flickr.com\/6061\/6130662033_ab7088edd0_t.jpg?resize=350%2C200","width":350,"height":200},"classes":[]}],"jetpack_sharing_enabled":true,"_links":{"self":[{"href":"https:\/\/alpoma.net\/carto\/index.php?rest_route=\/wp\/v2\/posts\/3126","targetHints":{"allow":["GET"]}}],"collection":[{"href":"https:\/\/alpoma.net\/carto\/index.php?rest_route=\/wp\/v2\/posts"}],"about":[{"href":"https:\/\/alpoma.net\/carto\/index.php?rest_route=\/wp\/v2\/types\/post"}],"author":[{"embeddable":true,"href":"https:\/\/alpoma.net\/carto\/index.php?rest_route=\/wp\/v2\/users\/1"}],"replies":[{"embeddable":true,"href":"https:\/\/alpoma.net\/carto\/index.php?rest_route=%2Fwp%2Fv2%2Fcomments&post=3126"}],"version-history":[{"count":0,"href":"https:\/\/alpoma.net\/carto\/index.php?rest_route=\/wp\/v2\/posts\/3126\/revisions"}],"wp:featuredmedia":[{"embeddable":true,"href":"https:\/\/alpoma.net\/carto\/index.php?rest_route=\/wp\/v2\/media\/5026"}],"wp:attachment":[{"href":"https:\/\/alpoma.net\/carto\/index.php?rest_route=%2Fwp%2Fv2%2Fmedia&parent=3126"}],"wp:term":[{"taxonomy":"category","embeddable":true,"href":"https:\/\/alpoma.net\/carto\/index.php?rest_route=%2Fwp%2Fv2%2Fcategories&post=3126"},{"taxonomy":"post_tag","embeddable":true,"href":"https:\/\/alpoma.net\/carto\/index.php?rest_route=%2Fwp%2Fv2%2Ftags&post=3126"}],"curies":[{"name":"wp","href":"https:\/\/api.w.org\/{rel}","templated":true}]}}