{"id":31,"date":"2005-11-13T01:28:17","date_gmt":"2005-11-12T23:28:17","guid":{"rendered":"http:\/\/alpoma.net\/carto\/?p=31"},"modified":"2005-11-13T01:31:31","modified_gmt":"2005-11-12T23:31:31","slug":"nueva-capital-para-myanmar","status":"publish","type":"post","link":"https:\/\/alpoma.net\/carto\/?p=31","title":{"rendered":"Nueva capital para Myanmar"},"content":{"rendered":"<p>Otro cambio en el mapa pol\u00edtico mundial, ahora le toca el turno al continente asi\u00e1tico. <a href=\"http:\/\/es.wikipedia.org\/wiki\/Myanmar\">Myanmar<\/a>, antigua Birmania, cambia oficialmente de capital este domingo, pasando de la actual, Rang\u00fan, a otra ciudad que a partir de este momento ostentar\u00e1 el t\u00edtulo de capital de ese pa\u00eds: Pyinmana, claro que, todav\u00eda quedan muchas obras por terminar, pues se trata de una ciudad \u00abnueva\u00bb. \u00bfPorqu\u00e9 este cambio? Oficialmente se alude al hecho de <a href=\"http:\/\/edition.cnn.com\/2005\/WORLD\/asiapcf\/11\/07\/myanmar.capital.ap\/\">localizarse en el centro del pa\u00eds<\/a>, con buenas comunicaciones. De manera un poco menos \u00aboficial\u00bb, la junta militar que gobierna Myanmar supone que esta localizaci\u00f3n ser\u00e1 menos vulnerable a una hipot\u00e9tica invasi\u00f3n, sobre todo pensando en una intervenci\u00f3n de los Estados Unidos. \u00bfParanoia? Claro que, a falta de m\u00e1s locuras, hay quien ha visto una est\u00fapida <a href=\"http:\/\/www.timesonline.co.uk\/article\/0%2C%2C3%2D1862022%2C00.html\">motivaci\u00f3n astrol\u00f3gica<\/a>. <\/p>\n","protected":false},"excerpt":{"rendered":"<div class=\"mh-excerpt\"><p>Otro cambio en el mapa pol\u00edtico mundial, ahora le toca el turno al continente asi\u00e1tico. Myanmar, antigua Birmania, cambia oficialmente de capital este domingo, pasando <a class=\"mh-excerpt-more\" href=\"https:\/\/alpoma.net\/carto\/?p=31\" title=\"Nueva capital para Myanmar\">[&#8230;]<\/a><\/p>\n<\/div>","protected":false},"author":1,"featured_media":0,"comment_status":"open","ping_status":"open","sticky":false,"template":"","format":"standard","meta":{"jetpack_post_was_ever_published":false,"_jetpack_newsletter_access":"","_jetpack_dont_email_post_to_subs":false,"_jetpack_newsletter_tier_id":0,"_jetpack_memberships_contains_paywalled_content":false,"_jetpack_memberships_contains_paid_content":false,"footnotes":""},"categories":[7],"tags":[],"class_list":["post-31","post","type-post","status-publish","format-standard","hentry","category-geografia"],"jetpack_featured_media_url":"","jetpack_shortlink":"https:\/\/wp.me\/p93Co9-v","jetpack-related-posts":[{"id":7490,"url":"https:\/\/alpoma.net\/carto\/?p=7490","url_meta":{"origin":31,"position":0},"title":"Cambios recientes en el mapa pol\u00edtico del mundo","author":"alpoma","date":"septiembre 21, 2019","format":false,"excerpt":"A lo largo de este verano he estado modificando mis archivos del proyecto de mapas vectoriales Maptorian para completar la que va a ser la versi\u00f3n de 2020. Los mapas son algo vivo, sobre todo los mapas pol\u00edticos, y desde mi ultima revisi\u00f3n del proyecto ha habido algunos cambios que\u2026","rel":"","context":"En \u00abGeograf\u00eda\u00bb","block_context":{"text":"Geograf\u00eda","link":"https:\/\/alpoma.net\/carto\/?cat=7"},"img":{"alt_text":"","src":"https:\/\/i0.wp.com\/alpoma.net\/carto\/wp-content\/uploads\/2019\/09\/bangladesh-maptorian.png?resize=350%2C200&ssl=1","width":350,"height":200,"srcset":"https:\/\/i0.wp.com\/alpoma.net\/carto\/wp-content\/uploads\/2019\/09\/bangladesh-maptorian.png?resize=350%2C200&ssl=1 1x, https:\/\/i0.wp.com\/alpoma.net\/carto\/wp-content\/uploads\/2019\/09\/bangladesh-maptorian.png?resize=525%2C300&ssl=1 1.5x, https:\/\/i0.wp.com\/alpoma.net\/carto\/wp-content\/uploads\/2019\/09\/bangladesh-maptorian.png?resize=700%2C400&ssl=1 2x, https:\/\/i0.wp.com\/alpoma.net\/carto\/wp-content\/uploads\/2019\/09\/bangladesh-maptorian.png?resize=1050%2C600&ssl=1 3x, https:\/\/i0.wp.com\/alpoma.net\/carto\/wp-content\/uploads\/2019\/09\/bangladesh-maptorian.png?resize=1400%2C800&ssl=1 4x"},"classes":[]},{"id":608,"url":"https:\/\/alpoma.net\/carto\/?p=608","url_meta":{"origin":31,"position":1},"title":"\u00bfHay 204 pa\u00edses compitiendo en los Juegos Ol\u00edmpicos?","author":"alpoma","date":"agosto 11, 2008","format":false,"excerpt":"Tal como refiere hoy con agudeza Matt Rosenberg1, en los medios se viene afirmando que, durante los Juegos Ol\u00edmpicos de Pek\u00edn, competir\u00e1n atletas de 204 pa\u00edses. Claro, la cifra puede inducir a error, porque oficialmente s\u00f3lo existen actualmente, como pa\u00edses reconocidos, un total de 195 pa\u00edses. \u00bfQu\u00e9 sucede con el\u2026","rel":"","context":"En \u00abGeograf\u00eda\u00bb","block_context":{"text":"Geograf\u00eda","link":"https:\/\/alpoma.net\/carto\/?cat=7"},"img":{"alt_text":"","src":"","width":0,"height":0},"classes":[]},{"id":7126,"url":"https:\/\/alpoma.net\/carto\/?p=7126","url_meta":{"origin":31,"position":2},"title":"La ciudad \u00bffantasma? de Kilamba (Angola)","author":"alpoma","date":"agosto 29, 2018","format":false,"excerpt":"Visto desde el aire parece un espacio urbano completamente ordenado y reciente. Realmente lo es, pero a pie de calle las cosas no son tan sencillas. El silencio reinaba hasta hace no mucho en los que deber\u00eda ser una bulliciosa ciudad pensada para albergar a cerca de medio mill\u00f3n de\u2026","rel":"","context":"En \u00abGeograf\u00eda\u00bb","block_context":{"text":"Geograf\u00eda","link":"https:\/\/alpoma.net\/carto\/?cat=7"},"img":{"alt_text":"","src":"https:\/\/i0.wp.com\/alpoma.net\/carto\/wp-content\/uploads\/2018\/08\/ville2.jpg?resize=350%2C200&ssl=1","width":350,"height":200,"srcset":"https:\/\/i0.wp.com\/alpoma.net\/carto\/wp-content\/uploads\/2018\/08\/ville2.jpg?resize=350%2C200&ssl=1 1x, https:\/\/i0.wp.com\/alpoma.net\/carto\/wp-content\/uploads\/2018\/08\/ville2.jpg?resize=525%2C300&ssl=1 1.5x, https:\/\/i0.wp.com\/alpoma.net\/carto\/wp-content\/uploads\/2018\/08\/ville2.jpg?resize=700%2C400&ssl=1 2x"},"classes":[]},{"id":2576,"url":"https:\/\/alpoma.net\/carto\/?p=2576","url_meta":{"origin":31,"position":3},"title":"OVI Maps 3D","author":"alpoma","date":"mayo 12, 2011","format":false,"excerpt":"Acabo de leer en la lista de teledetecci\u00f3n de RedIRIS sobre un nuevo proyecto de NOKIA que consiste, al modo Google Earth, visitar diversas ciudades del mundo (de momento una veintena) en 3D. No he dudado en hacer una visita r\u00e1pida y, \u00a1sorpresa!, me ha gustado mucho la idea. Con\u2026","rel":"","context":"En \u00abEn l\u00ednea\u00bb","block_context":{"text":"En l\u00ednea","link":"https:\/\/alpoma.net\/carto\/?cat=5"},"img":{"alt_text":"","src":"https:\/\/i0.wp.com\/alpoma.net\/carto\/wp-content\/uploads\/2011\/05\/5712973453_6c9b3c60ea_o.jpg?resize=350%2C200&ssl=1","width":350,"height":200,"srcset":"https:\/\/i0.wp.com\/alpoma.net\/carto\/wp-content\/uploads\/2011\/05\/5712973453_6c9b3c60ea_o.jpg?resize=350%2C200&ssl=1 1x, https:\/\/i0.wp.com\/alpoma.net\/carto\/wp-content\/uploads\/2011\/05\/5712973453_6c9b3c60ea_o.jpg?resize=525%2C300&ssl=1 1.5x"},"classes":[]},{"id":1172,"url":"https:\/\/alpoma.net\/carto\/?p=1172","url_meta":{"origin":31,"position":4},"title":"CityScape, ciudades a medida","author":"alpoma","date":"diciembre 19, 2009","format":false,"excerpt":"Una pena que tenga una licencia tan cara, aunque al menos existe una demo disponible. El caso es que, saboreando el siguiente v\u00eddeo me he quedado asombrado. No dir\u00e9 m\u00e1s, quien trabaje con 3D y GIS lo entender\u00e1 a la primera y, si adem\u00e1s se a\u00f1ade que la nueva versi\u00f3n\u2026","rel":"","context":"En \u00abExperimentos\u00bb","block_context":{"text":"Experimentos","link":"https:\/\/alpoma.net\/carto\/?cat=10"},"img":{"alt_text":"","src":"","width":0,"height":0},"classes":[]},{"id":1110,"url":"https:\/\/alpoma.net\/carto\/?p=1110","url_meta":{"origin":31,"position":5},"title":"La isla de Jacques Cousteau","author":"alpoma","date":"noviembre 19, 2009","format":false,"excerpt":"Ayer me avis\u00f3 Muxfin sobre esta curiosa historia. Puede que aqu\u00ed, en Europa, nos parezca una iniciativa interesante, o incluso positiva, pero al otro lado del Atl\u00e1ntico parece que se ha armado bastante l\u00edo, sobre todo por las posibles motivaciones comerciales detr\u00e1s del asunto. Si alguien de M\u00e9xico desea comentar\u2026","rel":"","context":"En \u00abGeograf\u00eda\u00bb","block_context":{"text":"Geograf\u00eda","link":"https:\/\/alpoma.net\/carto\/?cat=7"},"img":{"alt_text":"","src":"","width":0,"height":0},"classes":[]}],"jetpack_sharing_enabled":true,"_links":{"self":[{"href":"https:\/\/alpoma.net\/carto\/index.php?rest_route=\/wp\/v2\/posts\/31","targetHints":{"allow":["GET"]}}],"collection":[{"href":"https:\/\/alpoma.net\/carto\/index.php?rest_route=\/wp\/v2\/posts"}],"about":[{"href":"https:\/\/alpoma.net\/carto\/index.php?rest_route=\/wp\/v2\/types\/post"}],"author":[{"embeddable":true,"href":"https:\/\/alpoma.net\/carto\/index.php?rest_route=\/wp\/v2\/users\/1"}],"replies":[{"embeddable":true,"href":"https:\/\/alpoma.net\/carto\/index.php?rest_route=%2Fwp%2Fv2%2Fcomments&post=31"}],"version-history":[{"count":0,"href":"https:\/\/alpoma.net\/carto\/index.php?rest_route=\/wp\/v2\/posts\/31\/revisions"}],"wp:attachment":[{"href":"https:\/\/alpoma.net\/carto\/index.php?rest_route=%2Fwp%2Fv2%2Fmedia&parent=31"}],"wp:term":[{"taxonomy":"category","embeddable":true,"href":"https:\/\/alpoma.net\/carto\/index.php?rest_route=%2Fwp%2Fv2%2Fcategories&post=31"},{"taxonomy":"post_tag","embeddable":true,"href":"https:\/\/alpoma.net\/carto\/index.php?rest_route=%2Fwp%2Fv2%2Ftags&post=31"}],"curies":[{"name":"wp","href":"https:\/\/api.w.org\/{rel}","templated":true}]}}