{"id":309,"date":"2007-03-01T11:54:05","date_gmt":"2007-03-01T09:54:05","guid":{"rendered":"http:\/\/alpoma.net\/carto\/?p=309"},"modified":"2007-03-01T11:55:57","modified_gmt":"2007-03-01T09:55:57","slug":"ano-polar-internacional","status":"publish","type":"post","link":"https:\/\/alpoma.net\/carto\/?p=309","title":{"rendered":"A\u00f1o Polar Internacional"},"content":{"rendered":"<p>Llegado el 1 de Marzo, se \u00abinaugura\u00bb el <strong>A\u00f1o Polar Internacional<\/strong>. Se han creado diversas webs institucionales centradas en tal motivo. A nivel internacional, la informaci\u00f3n se organiza en la <strong><a href=\"http:\/\/www.ipy.org\/\">web del IPY<\/a><\/strong>. En Espa\u00f1a, el Ministerio de Educaci\u00f3n y Ciencia tambi\u00e9n ha puesto en marcha un <strong><a href=\"http:\/\/www.api-spain.es\/\">website informativo<\/a><\/strong>: <\/p>\n<blockquote><p><a href=\"http:\/\/www.flickr.com\/photos\/alpoma\/406616900\/\" title=\"Photo Sharing\"><img loading=\"lazy\" decoding=\"async\" src=\"http:\/\/farm1.static.flickr.com\/166\/406616900_0ebc4f93ba_o.gif\" width=\"142\" height=\"142\" alt=\"5IPY\" class=\"dch\"\/><\/a>El A\u00f1o Polar Internacional (IPY en ingl\u00e9s) 2007-2008, se ha concebido como un gran programa internacional de investigaci\u00f3n cient\u00edfica coordinada, interdisciplinario y con un marcado inter\u00e9s en potenciar las observaciones en las zonas polares del planeta (Ant\u00e1rtida y \u00c1rtico). Se desarrollar\u00e1 entre marzo de 2007 y hasta marzo de 2009, con el fin de abarcar temporadas completas en el \u00c1rtico y en la Ant\u00e1rtida.<\/p>\n<p>Tiene su origen hist\u00f3rico en las anteriores celebraciones del Primer A\u00f1o Polar Internacional 1882-83, el Segundo A\u00f1o Polar Internacional 1932-1933 y el A\u00f1o Geof\u00edsico Internacional 1957-1958, de los cuales se celebran los aniversarios 125, 75 y 50, respectivamente. Este ser\u00e1 por tanto el cuarto A\u00f1o Polar Internacional&#8230;<\/p>\n<p><strong>Los objetivos fundamentales del IPY son<\/strong>:<\/p>\n<ul>\n<li>Determinar la situaci\u00f3n medioambiental de las regiones polares.<\/li>\n<li>Cuantificar y mejorar el conocimiento de la evoluci\u00f3n natural, medioambiental y social pasada y presente de las regiones polares; mejora de las predicciones sobre los cambios futuros.<\/li>\n<li>Comprender a todos los niveles las interacciones entre las regiones polares y el resto del planeta, as\u00ed como de los procesos que las controlan.<\/li>\n<li>Llevar las fronteras de la ciencia a las regiones polares<\/li>\n<li>Utilizar la posici\u00f3n privilegiada de las regiones polares para crear y mejorar los observatorios dedicados a la investigaci\u00f3n solar y del cosmos.<\/li>\n<li>Analizar los procesos culturales, hist\u00f3ricos y sociales que definen la sostenibilidad de las sociedades humanas circumpolares e identificaci\u00f3n de su aportaci\u00f3n espec\u00edfica a la diversidad cultural y a la ciudadan\u00eda mundial.<\/li>\n<\/ul>\n<\/blockquote>\n","protected":false},"excerpt":{"rendered":"<div class=\"mh-excerpt\"><p>Llegado el 1 de Marzo, se \u00abinaugura\u00bb el A\u00f1o Polar Internacional. Se han creado diversas webs institucionales centradas en tal motivo. A nivel internacional, la <a class=\"mh-excerpt-more\" href=\"https:\/\/alpoma.net\/carto\/?p=309\" title=\"A\u00f1o Polar Internacional\">[&#8230;]<\/a><\/p>\n<\/div>","protected":false},"author":1,"featured_media":0,"comment_status":"open","ping_status":"open","sticky":false,"template":"","format":"standard","meta":{"jetpack_post_was_ever_published":false,"_jetpack_newsletter_access":"","_jetpack_dont_email_post_to_subs":false,"_jetpack_newsletter_tier_id":0,"_jetpack_memberships_contains_paywalled_content":false,"_jetpack_memberships_contains_paid_content":false,"footnotes":""},"categories":[7],"tags":[],"class_list":["post-309","post","type-post","status-publish","format-standard","hentry","category-geografia"],"jetpack_featured_media_url":"","jetpack_shortlink":"https:\/\/wp.me\/p93Co9-4Z","jetpack-related-posts":[{"id":257,"url":"https:\/\/alpoma.net\/carto\/?p=257","url_meta":{"origin":309,"position":0},"title":"Anomal\u00eda estacional en el hielo \u00e1rtico","author":"alpoma","date":"septiembre 19, 2006","format":false,"excerpt":"La Agencia Espacial Europea acaba de publicar un informe acerca de la gran disminuci\u00f3n observada este verano en algunas \u00e1reas de hielo polar, en el \u00c1rtico, a trav\u00e9s de la comparaci\u00f3n de im\u00e1genes de teledetecci\u00f3n tomadas entre el 23 y el 24 de agosto de este a\u00f1o con otras del\u2026","rel":"","context":"En \u00abGeograf\u00eda\u00bb","block_context":{"text":"Geograf\u00eda","link":"https:\/\/alpoma.net\/carto\/?cat=7"},"img":{"alt_text":"","src":"","width":0,"height":0},"classes":[]},{"id":4212,"url":"https:\/\/alpoma.net\/carto\/?p=4212","url_meta":{"origin":309,"position":1},"title":"Los curiosos mapas de Silas Bent y el c\u00e1lido mar del Polo Norte","author":"alpoma","date":"marzo 25, 2014","format":false,"excerpt":"Hoy puede parecer est\u00fapido, pero hubo un tiempo en que la teor\u00eda del mar polar abierto se discut\u00eda con toda seriedad. Cierto es que los navegantes, al viajar hacia el \u00c1rtico se encontraban tarde o temprano con la banquisa polar, pero no por ello so\u00f1adores de todo tipo dejaban de\u2026","rel":"","context":"En \u00abViejos mapas\u00bb","block_context":{"text":"Viejos mapas","link":"https:\/\/alpoma.net\/carto\/?cat=4"},"img":{"alt_text":"","src":"https:\/\/i0.wp.com\/alpoma.net\/carto\/wp-content\/uploads\/2014\/03\/silas_1-767x1024.jpg?resize=350%2C200&ssl=1","width":350,"height":200,"srcset":"https:\/\/i0.wp.com\/alpoma.net\/carto\/wp-content\/uploads\/2014\/03\/silas_1-767x1024.jpg?resize=350%2C200&ssl=1 1x, https:\/\/i0.wp.com\/alpoma.net\/carto\/wp-content\/uploads\/2014\/03\/silas_1-767x1024.jpg?resize=525%2C300&ssl=1 1.5x, https:\/\/i0.wp.com\/alpoma.net\/carto\/wp-content\/uploads\/2014\/03\/silas_1-767x1024.jpg?resize=700%2C400&ssl=1 2x"},"classes":[]},{"id":780,"url":"https:\/\/alpoma.net\/carto\/?p=780","url_meta":{"origin":309,"position":2},"title":"Gente polar","author":"alpoma","date":"marzo 20, 2009","format":false,"excerpt":"Mapa: Distribuci\u00f3n de la poblaci\u00f3n en una de las \u00e1reas m\u00e1s despobladas del planeta, la regi\u00f3n circumpolar del \u00c1rtico. Fuente: Arctic Pollution Issues. A State of the Arctic Environment Report. Stefansson Arctic Institute, 2004. Arctic Human Development Report. Hugo Ahlenius, UNEP\/GRID-Arendal. Publicado en 2008.","rel":"","context":"En \u00abGeograf\u00eda\u00bb","block_context":{"text":"Geograf\u00eda","link":"https:\/\/alpoma.net\/carto\/?cat=7"},"img":{"alt_text":"","src":"https:\/\/i0.wp.com\/alpoma.net\/carto\/wp-content\/uploads\/2009\/03\/3370993570_fc6b84cba3_o.jpg?resize=350%2C200&ssl=1","width":350,"height":200,"srcset":"https:\/\/i0.wp.com\/alpoma.net\/carto\/wp-content\/uploads\/2009\/03\/3370993570_fc6b84cba3_o.jpg?resize=350%2C200&ssl=1 1x, https:\/\/i0.wp.com\/alpoma.net\/carto\/wp-content\/uploads\/2009\/03\/3370993570_fc6b84cba3_o.jpg?resize=525%2C300&ssl=1 1.5x"},"classes":[]},{"id":602,"url":"https:\/\/alpoma.net\/carto\/?p=602","url_meta":{"origin":309,"position":3},"title":"Mapa jurisdiccional del \u00c1rtico","author":"alpoma","date":"agosto 6, 2008","format":false,"excerpt":"Tema al rojo vivo, como ya he comentado en otras ocasiones en La Cartoteca. El \u00c1rtico, con todos sus recursos geol\u00f3gicos y petrol\u00edferos a la espera de ser explotado, vive tiempos complicados. Un equipo de la Universidad de Durham ha creado un nuevo mapa, el m\u00e1s detallado hasta ahora, en\u2026","rel":"","context":"En \u00abCartograf\u00eda\u00bb","block_context":{"text":"Cartograf\u00eda","link":"https:\/\/alpoma.net\/carto\/?cat=9"},"img":{"alt_text":"","src":"https:\/\/i0.wp.com\/alpoma.net\/carto\/wp-content\/uploads\/2008\/08\/2738971878_ee402af838_m.jpg?resize=350%2C200&ssl=1","width":350,"height":200},"classes":[]},{"id":139,"url":"https:\/\/alpoma.net\/carto\/?p=139","url_meta":{"origin":309,"position":4},"title":"UNEP\/GRID","author":"alpoma","date":"marzo 11, 2006","format":false,"excerpt":"El programa medioambiental de las Naciones Unidas, GRID Arendal, ha puesto a disposi\u00f3n de todos en Internet un nuevo sitio con interesante cartograf\u00eda. Adem\u00e1s de mapas interactivos y de otro tipo, como los Atlas ambientales del \u00c1rtico y del B\u00e1ltico, se incluyen \u00fatiles bases de datos sobre par\u00e1metros medioambientales: -->\u2026","rel":"","context":"En \u00abMiscel\u00e1nea\u00bb","block_context":{"text":"Miscel\u00e1nea","link":"https:\/\/alpoma.net\/carto\/?cat=1"},"img":{"alt_text":"","src":"","width":0,"height":0},"classes":[]},{"id":7549,"url":"https:\/\/alpoma.net\/carto\/?p=7549","url_meta":{"origin":309,"position":5},"title":"10 mapas realmente asombrosos","author":"alpoma","date":"octubre 23, 2019","format":false,"excerpt":"Me preguntaron recientemente acerca de los que, para m\u00ed, son los mapas m\u00e1s enigm\u00e1ticos de la Historia. Es complicado elegir, hay cientos de ejemplos y, por lo general, siempre se mencionan los mismos. He ah\u00ed el mapa de Piri Reis, o el de Vinlandia, o bien joyas muy antiguas como\u2026","rel":"","context":"En \u00abCartograf\u00eda\u00bb","block_context":{"text":"Cartograf\u00eda","link":"https:\/\/alpoma.net\/carto\/?cat=9"},"img":{"alt_text":"","src":"https:\/\/i0.wp.com\/alpoma.net\/carto\/wp-content\/uploads\/2019\/10\/2310913742_4f55acc05d_o.jpg?resize=350%2C200&ssl=1","width":350,"height":200,"srcset":"https:\/\/i0.wp.com\/alpoma.net\/carto\/wp-content\/uploads\/2019\/10\/2310913742_4f55acc05d_o.jpg?resize=350%2C200&ssl=1 1x, https:\/\/i0.wp.com\/alpoma.net\/carto\/wp-content\/uploads\/2019\/10\/2310913742_4f55acc05d_o.jpg?resize=525%2C300&ssl=1 1.5x, https:\/\/i0.wp.com\/alpoma.net\/carto\/wp-content\/uploads\/2019\/10\/2310913742_4f55acc05d_o.jpg?resize=700%2C400&ssl=1 2x"},"classes":[]}],"jetpack_sharing_enabled":true,"_links":{"self":[{"href":"https:\/\/alpoma.net\/carto\/index.php?rest_route=\/wp\/v2\/posts\/309","targetHints":{"allow":["GET"]}}],"collection":[{"href":"https:\/\/alpoma.net\/carto\/index.php?rest_route=\/wp\/v2\/posts"}],"about":[{"href":"https:\/\/alpoma.net\/carto\/index.php?rest_route=\/wp\/v2\/types\/post"}],"author":[{"embeddable":true,"href":"https:\/\/alpoma.net\/carto\/index.php?rest_route=\/wp\/v2\/users\/1"}],"replies":[{"embeddable":true,"href":"https:\/\/alpoma.net\/carto\/index.php?rest_route=%2Fwp%2Fv2%2Fcomments&post=309"}],"version-history":[{"count":0,"href":"https:\/\/alpoma.net\/carto\/index.php?rest_route=\/wp\/v2\/posts\/309\/revisions"}],"wp:attachment":[{"href":"https:\/\/alpoma.net\/carto\/index.php?rest_route=%2Fwp%2Fv2%2Fmedia&parent=309"}],"wp:term":[{"taxonomy":"category","embeddable":true,"href":"https:\/\/alpoma.net\/carto\/index.php?rest_route=%2Fwp%2Fv2%2Fcategories&post=309"},{"taxonomy":"post_tag","embeddable":true,"href":"https:\/\/alpoma.net\/carto\/index.php?rest_route=%2Fwp%2Fv2%2Ftags&post=309"}],"curies":[{"name":"wp","href":"https:\/\/api.w.org\/{rel}","templated":true}]}}